{"id":25438,"date":"2026-01-24T22:28:51","date_gmt":"2026-01-24T21:28:51","guid":{"rendered":"https:\/\/www.2euros.org\/non-classifiee\/2026-portugal-70th-anniversary-of-the-calouste-gulbenkian-foundation\/"},"modified":"2026-04-28T06:10:23","modified_gmt":"2026-04-28T04:10:23","slug":"2026-portugal-70th-anniversary-of-the-calouste-gulbenkian-foundation","status":"publish","type":"post","link":"https:\/\/www.2euros.org\/en\/2-euro-commemorative-portugal\/2026-portugal-70th-anniversary-of-the-calouste-gulbenkian-foundation\/","title":{"rendered":"2026 &#8211; Portugal &#8211; 70th anniversary of the Calouste Gulbenkian Foundation"},"content":{"rendered":"\n<h2 class=\"wp-block-heading\">Introduction<\/h2>\n\n<p>In 2026, Portugal will issue a \u20ac2 commemorative coin to celebrate the 70th anniversary of the <strong>Calouste Gulbenkian Foundation<\/strong>, one of the country&#8217;s most prestigious cultural institutions. Founded in Lisbon in 1956, the foundation works in the fields of art, science, charity, and education. It perpetuates the wishes of its founder, the Armenian-British philanthropist Calouste Gulbenkian, who wanted to dedicate his fortune to the service of humanity. The coin thus pays tribute to an institution essential to Portugal&#8217;s cultural and intellectual influence.   <\/p>\n\n<h2 class=\"wp-block-heading\">Coin Description<\/h2>\n\n<p>The obverse of the coin depicts a scene inspired by an ancient relief housed in the Calouste Gulbenkian Museum in Lisbon. It shows a <strong>charioteer<\/strong> driving a quadriga at full gallop. This representation, both classical and dynamic, symbolizes the drive, mastery, and power of cultural action. The choice of this motif underscores the foundation&#8217;s commitment to uniting tradition and modernity in a movement open to the future.   <\/p>\n\n<p>Around the central scene is the inscription \u201c<strong>FUNDA\u00c7\u00c3O CALOUSTE GULBENKIAN,<\/strong>\u201d followed by the words \u201c<strong>ARTE \u2022 BENEFIC\u00caNCIA \u2022 CI\u00caNCIA \u2022 EDUCA\u00c7\u00c3O.<\/strong>\u201d These terms, inscribed in Portuguese, represent the foundation\u2019s four main areas of activity. In the center, between the horses and the driver, are the dates \u201c<strong>1956\u20132026<\/strong>,\u201d indicating the institution\u2019s 70 years of existence. Below, the name of the issuing country, \u201c<strong>PORTUGAL<\/strong>,\u201d is found, accompanied by the national coat of arms. The names \u201c<strong>PEDRO CARVALHO<\/strong>\u201d and \u201c<strong>CASA DA MOEDA<\/strong>,\u201d the engraver and mint respectively, are visible on either side of the base of the design. Finally, the outer border features the <strong>twelve stars of the European Union, <\/strong>symbolizing Portugal\u2019s membership in the Eurozone.     <\/p>\n\n<p>The artwork&#8217;s style combines delicate lines with expressiveness. The horses, rendered with elegance and vigor, seem to leap from the frame, reinforcing the sense of movement. The charioteer, focused and energetic, embodies the enlightened direction the foundation strives to maintain in its missions. The whole evokes continuity, mastery, and a commitment to serving society.   <\/p>\n\n<h2 class=\"wp-block-heading\">Conclusion<\/h2>\n\n<p>In summary, the 2-euro coin issued by Portugal in 2026 celebrates the 70th anniversary of the <strong>Calouste Gulbenkian Foundation<\/strong>. It highlights an institution whose cultural, scientific, and humanitarian impact extends far beyond the country&#8217;s borders. Therefore, this issue celebrates a lasting philanthropic legacy and a commitment to progress. Furthermore, the depiction of the quadriga symbolically represents the energy and steadfastness of this work. In addition, the chosen inscriptions and visual elements accurately reflect the foundation&#8217;s core missions. Ultimately, this commemorative coin becomes a powerful tribute to a century of cultural ambition and enlightened generosity.     <\/p>\n\n<figure class=\"wp-block-table is-style-stripes\"><table><tbody><tr><td><strong>Issuing Country:<\/strong><\/td><td><img loading=\"lazy\" decoding=\"async\" width=\"32\" height=\"21\" class=\"wp-image-1949\" style=\"width: 32px\" src=\"https:\/\/www.2euros.org\/wp-content\/uploads\/2021\/11\/portugal-3f4.png\" alt=\"\" srcset=\"https:\/\/www.2euros.org\/wp-content\/uploads\/2021\/11\/portugal-3f4.png 32w, https:\/\/www.2euros.org\/wp-content\/uploads\/2021\/11\/portugal-3f4-24x16.png 24w\" sizes=\"auto, (max-width: 32px) 100vw, 32px\" \/><\/td><\/tr><tr><td><strong>Issue Date:<\/strong><\/td><td>2026<\/td><\/tr><tr><td><strong>Total Mintage:<\/strong><\/td><td>515.000<\/td><\/tr><tr><td>including Proof:<\/td><td>  7.500<\/td><\/tr><tr><td>including BU:<\/td><td>  7.500<\/td><\/tr><tr><td>including UNC:<\/td><td>  500.000<\/td><\/tr><tr><td><strong>Engraver:<\/strong><\/td><td>Jo\u00e3o Duarte<\/td><\/tr><tr><td><strong>Edge:<\/strong><\/td><td><img loading=\"lazy\" decoding=\"async\" width=\"250\" height=\"11\" class=\"wp-image-19340\" style=\"width: 220px\" src=\"https:\/\/www.2euros.org\/wp-content\/uploads\/2019\/02\/portugal1.jpg\" alt=\"\" srcset=\"https:\/\/www.2euros.org\/wp-content\/uploads\/2019\/02\/portugal1.jpg 250w, https:\/\/www.2euros.org\/wp-content\/uploads\/2019\/02\/portugal1-200x9.jpg 200w, https:\/\/www.2euros.org\/wp-content\/uploads\/2019\/02\/portugal1-150x7.jpg 150w\" sizes=\"auto, (max-width: 250px) 100vw, 250px\" \/><\/td><\/tr><tr><td><strong>Rarity:<\/strong><\/td><td><img decoding=\"async\" src=\"https:\/\/www.2euros.org\/images\/euro.png\" \/><img decoding=\"async\" src=\"https:\/\/www.2euros.org\/images\/euro.png\" \/><img decoding=\"async\" src=\"https:\/\/www.2euros.org\/images\/euro.png\" \/><img decoding=\"async\" src=\"https:\/\/www.2euros.org\/images\/euro.png\" \/><img decoding=\"async\" src=\"https:\/\/www.2euros.org\/images\/euro.png\" \/><img decoding=\"async\" src=\"https:\/\/www.2euros.org\/images\/euro2.png\" \/><img decoding=\"async\" src=\"https:\/\/www.2euros.org\/images\/euro2.png\" \/><img decoding=\"async\" src=\"https:\/\/www.2euros.org\/images\/euro2.png\" \/><img decoding=\"async\" src=\"https:\/\/www.2euros.org\/images\/euro2.png\" \/><img decoding=\"async\" src=\"https:\/\/www.2euros.org\/images\/euro2.png\" \/><\/td><\/tr><tr><td><strong>Official Journal:<\/strong><\/td><td><a href=\"https:\/\/eur-lex.europa.eu\/legal-content\/FR\/TXT\/?uri=CELEX%3AC2020%2F380%2F05&amp;qid=1631712825490\" target=\"_blank\" rel=\"noopener noreferrer\"><\/a><a href=\"https:\/\/eur-lex.europa.eu\/\" target=\"_blank\" rel=\"noreferrer noopener\">To be defined<\/a><\/td><\/tr><tr><td><strong>My Collection:<\/strong><\/td><td>[cbxwpbookmarkbtn]<\/td><\/tr><\/tbody><\/table><\/figure>\n\n<p>Do you want to know the technical specifications of this coin? Then, feel free to consult the page dedicated to the <a href=\"https:\/\/www.2euros.org\/en\/numismatics\/characteristics-of-a-2-euro-coin\/\" target=\"_blank\" rel=\"noreferrer noopener\">characteristics of a 2-euro coin<\/a>. <\/p>\n","protected":false},"excerpt":{"rendered":"<div class=\"mh-excerpt\"><p>Introduction In 2026, Portugal will issue a \u20ac2 commemorative coin to celebrate the 70th anniversary of the Calouste Gulbenkian Foundation, one of the country&#8217;s most prestigious cultural institutions. Founded in Lisbon in 1956, the foundation <a class=\"mh-excerpt-more\" href=\"https:\/\/www.2euros.org\/en\/2-euro-commemorative-portugal\/2026-portugal-70th-anniversary-of-the-calouste-gulbenkian-foundation\/\" title=\"2026 &#8211; Portugal &#8211; 70th anniversary of the Calouste Gulbenkian Foundation\">[&#8230;]<\/a><\/p>\n                <div class=\"ccm-buttons ccm-buttons-small\"\n                     data-post-id=\"25438\"\n                     data-state='{&quot;be&quot;:0,&quot;bu&quot;:0,&quot;unc&quot;:0,&quot;circulation&quot;:0}'\n                     data-not-logged=\"true\">\n                    <span class=\"ccm-label\">My collection<\/span>\n                    <button class=\"coin-btn\" data-type=\"be\">Proof<\/button>\n                    <button class=\"coin-btn\" data-type=\"bu\">BU<\/button>\n                    <button class=\"coin-btn\" data-type=\"unc\">UNC<\/button>\n                    <button class=\"coin-btn\" data-type=\"circulation\">Circulated<\/button>\n                    <span class=\"ccm-separator\"> - <\/span>\n                    <button class=\"no-coin-btn\" data-type=\"none\">I don&#039;t have this coin<\/button>\n                <\/div>\n                <p class=\"ccm-login-message\">Veuillez vous inscrire pour pouvoir g\u00e9rer votre collection<\/p><\/div>","protected":false},"author":1,"featured_media":25434,"comment_status":"open","ping_status":"open","sticky":false,"template":"","format":"standard","meta":{"footnotes":""},"categories":[1179,1202],"tags":[1465,2360,1210,1299,1304],"class_list":["post-25438","post","type-post","status-publish","format-standard","has-post-thumbnail","hentry","category-2-euro-commemorative-2026","category-2-euro-commemorative-portugal","tag-2026-en","tag-calouste","tag-commemorative-en","tag-euro-en","tag-portugal-en"],"yoast_head":"<!-- This site is optimized with the Yoast SEO plugin v27.4 - https:\/\/yoast.com\/product\/yoast-seo-wordpress\/ -->\n<title>70th anniversary of the Calouste Gulbenkian Foundation - Portugal 2026 &#8226; 2Euros.org<\/title>\n<meta name=\"description\" content=\"The commemorative coin celebrates the 70th anniversary of the Calouste Gulbenkian Foundation and was issued by Portugal in 2026.\" \/>\n<meta name=\"robots\" content=\"index, follow, max-snippet:-1, max-image-preview:large, max-video-preview:-1\" \/>\n<link rel=\"canonical\" href=\"https:\/\/www.2euros.org\/en\/2-euro-commemorative-portugal\/2026-portugal-70th-anniversary-of-the-calouste-gulbenkian-foundation\/\" \/>\n<meta property=\"og:locale\" content=\"en_US\" \/>\n<meta property=\"og:type\" content=\"article\" \/>\n<meta property=\"og:title\" content=\"70th anniversary of the Calouste Gulbenkian Foundation - Portugal 2026 &#8226; 2Euros.org\" \/>\n<meta property=\"og:description\" content=\"The commemorative coin celebrates the 70th anniversary of the Calouste Gulbenkian Foundation and was issued by Portugal in 2026.\" \/>\n<meta property=\"og:url\" content=\"https:\/\/www.2euros.org\/en\/2-euro-commemorative-portugal\/2026-portugal-70th-anniversary-of-the-calouste-gulbenkian-foundation\/\" \/>\n<meta property=\"og:site_name\" content=\"2Euros.org\" \/>\n<meta property=\"article:publisher\" content=\"https:\/\/www.facebook.com\/groups\/133974904458606\" \/>\n<meta property=\"article:published_time\" content=\"2026-01-24T21:28:51+00:00\" \/>\n<meta property=\"article:modified_time\" content=\"2026-04-28T04:10:23+00:00\" \/>\n<meta property=\"og:image\" content=\"https:\/\/www.2euros.org\/wp-content\/uploads\/2026\/01\/206-portugal1gm.webp\" \/>\n\t<meta property=\"og:image:width\" content=\"400\" \/>\n\t<meta property=\"og:image:height\" content=\"400\" \/>\n\t<meta property=\"og:image:type\" content=\"image\/webp\" \/>\n<meta name=\"author\" content=\"Pierre D\" \/>\n<meta name=\"twitter:card\" content=\"summary_large_image\" \/>\n<meta name=\"twitter:label1\" content=\"Written by\" \/>\n\t<meta name=\"twitter:data1\" content=\"Pierre D\" \/>\n\t<meta name=\"twitter:label2\" content=\"Est. reading time\" \/>\n\t<meta name=\"twitter:data2\" content=\"2 minutes\" \/>\n<script type=\"application\/ld+json\" class=\"yoast-schema-graph\">{\"@context\":\"https:\\\/\\\/schema.org\",\"@graph\":[{\"@type\":\"Article\",\"@id\":\"https:\\\/\\\/www.2euros.org\\\/en\\\/2-euro-commemorative-portugal\\\/2026-portugal-70th-anniversary-of-the-calouste-gulbenkian-foundation\\\/#article\",\"isPartOf\":{\"@id\":\"https:\\\/\\\/www.2euros.org\\\/en\\\/2-euro-commemorative-portugal\\\/2026-portugal-70th-anniversary-of-the-calouste-gulbenkian-foundation\\\/\"},\"author\":{\"name\":\"Pierre D\",\"@id\":\"https:\\\/\\\/www.2euros.org\\\/en\\\/#\\\/schema\\\/person\\\/12e34ec3242fa163c51adacbcd7b2ebd\"},\"headline\":\"2026 &#8211; Portugal &#8211; 70th anniversary of the Calouste Gulbenkian Foundation\",\"datePublished\":\"2026-01-24T21:28:51+00:00\",\"dateModified\":\"2026-04-28T04:10:23+00:00\",\"mainEntityOfPage\":{\"@id\":\"https:\\\/\\\/www.2euros.org\\\/en\\\/2-euro-commemorative-portugal\\\/2026-portugal-70th-anniversary-of-the-calouste-gulbenkian-foundation\\\/\"},\"wordCount\":480,\"commentCount\":0,\"publisher\":{\"@id\":\"https:\\\/\\\/www.2euros.org\\\/en\\\/#organization\"},\"image\":{\"@id\":\"https:\\\/\\\/www.2euros.org\\\/en\\\/2-euro-commemorative-portugal\\\/2026-portugal-70th-anniversary-of-the-calouste-gulbenkian-foundation\\\/#primaryimage\"},\"thumbnailUrl\":\"https:\\\/\\\/www.2euros.org\\\/wp-content\\\/uploads\\\/2026\\\/01\\\/206-portugal1gm.webp\",\"keywords\":[\"2026\",\"calouste\",\"comm\u00e9morative\",\"euro\",\"portugal\"],\"articleSection\":[\"2026\",\"Portugal\"],\"inLanguage\":\"en-US\",\"potentialAction\":[{\"@type\":\"CommentAction\",\"name\":\"Comment\",\"target\":[\"https:\\\/\\\/www.2euros.org\\\/en\\\/2-euro-commemorative-portugal\\\/2026-portugal-70th-anniversary-of-the-calouste-gulbenkian-foundation\\\/#respond\"]}]},{\"@type\":\"WebPage\",\"@id\":\"https:\\\/\\\/www.2euros.org\\\/en\\\/2-euro-commemorative-portugal\\\/2026-portugal-70th-anniversary-of-the-calouste-gulbenkian-foundation\\\/\",\"url\":\"https:\\\/\\\/www.2euros.org\\\/en\\\/2-euro-commemorative-portugal\\\/2026-portugal-70th-anniversary-of-the-calouste-gulbenkian-foundation\\\/\",\"name\":\"70th anniversary of the Calouste Gulbenkian Foundation - Portugal 2026 &#8226; 2Euros.org\",\"isPartOf\":{\"@id\":\"https:\\\/\\\/www.2euros.org\\\/en\\\/#website\"},\"primaryImageOfPage\":{\"@id\":\"https:\\\/\\\/www.2euros.org\\\/en\\\/2-euro-commemorative-portugal\\\/2026-portugal-70th-anniversary-of-the-calouste-gulbenkian-foundation\\\/#primaryimage\"},\"image\":{\"@id\":\"https:\\\/\\\/www.2euros.org\\\/en\\\/2-euro-commemorative-portugal\\\/2026-portugal-70th-anniversary-of-the-calouste-gulbenkian-foundation\\\/#primaryimage\"},\"thumbnailUrl\":\"https:\\\/\\\/www.2euros.org\\\/wp-content\\\/uploads\\\/2026\\\/01\\\/206-portugal1gm.webp\",\"datePublished\":\"2026-01-24T21:28:51+00:00\",\"dateModified\":\"2026-04-28T04:10:23+00:00\",\"description\":\"The commemorative coin celebrates the 70th anniversary of the Calouste Gulbenkian Foundation and was issued by Portugal in 2026.\",\"breadcrumb\":{\"@id\":\"https:\\\/\\\/www.2euros.org\\\/en\\\/2-euro-commemorative-portugal\\\/2026-portugal-70th-anniversary-of-the-calouste-gulbenkian-foundation\\\/#breadcrumb\"},\"inLanguage\":\"en-US\",\"potentialAction\":[{\"@type\":\"ReadAction\",\"target\":[\"https:\\\/\\\/www.2euros.org\\\/en\\\/2-euro-commemorative-portugal\\\/2026-portugal-70th-anniversary-of-the-calouste-gulbenkian-foundation\\\/\"]}]},{\"@type\":\"ImageObject\",\"inLanguage\":\"en-US\",\"@id\":\"https:\\\/\\\/www.2euros.org\\\/en\\\/2-euro-commemorative-portugal\\\/2026-portugal-70th-anniversary-of-the-calouste-gulbenkian-foundation\\\/#primaryimage\",\"url\":\"https:\\\/\\\/www.2euros.org\\\/wp-content\\\/uploads\\\/2026\\\/01\\\/206-portugal1gm.webp\",\"contentUrl\":\"https:\\\/\\\/www.2euros.org\\\/wp-content\\\/uploads\\\/2026\\\/01\\\/206-portugal1gm.webp\",\"width\":400,\"height\":400},{\"@type\":\"BreadcrumbList\",\"@id\":\"https:\\\/\\\/www.2euros.org\\\/en\\\/2-euro-commemorative-portugal\\\/2026-portugal-70th-anniversary-of-the-calouste-gulbenkian-foundation\\\/#breadcrumb\",\"itemListElement\":[{\"@type\":\"ListItem\",\"position\":1,\"name\":\"Home\",\"item\":\"https:\\\/\\\/www.2euros.org\\\/en\\\/\"},{\"@type\":\"ListItem\",\"position\":2,\"name\":\"Portugal\",\"item\":\"https:\\\/\\\/www.2euros.org\\\/en\\\/category\\\/2-euro-commemorative-portugal\\\/\"},{\"@type\":\"ListItem\",\"position\":3,\"name\":\"2026 &#8211; Portugal &#8211; 70th anniversary of the Calouste Gulbenkian Foundation\"}]},{\"@type\":\"WebSite\",\"@id\":\"https:\\\/\\\/www.2euros.org\\\/en\\\/#website\",\"url\":\"https:\\\/\\\/www.2euros.org\\\/en\\\/\",\"name\":\"2Euros.org\",\"description\":\"Site de r\u00e9f\u00e9rence des pi\u00e8ces comm\u00e9moratives de 2 euros\",\"publisher\":{\"@id\":\"https:\\\/\\\/www.2euros.org\\\/en\\\/#organization\"},\"potentialAction\":[{\"@type\":\"SearchAction\",\"target\":{\"@type\":\"EntryPoint\",\"urlTemplate\":\"https:\\\/\\\/www.2euros.org\\\/en\\\/?s={search_term_string}\"},\"query-input\":{\"@type\":\"PropertyValueSpecification\",\"valueRequired\":true,\"valueName\":\"search_term_string\"}}],\"inLanguage\":\"en-US\"},{\"@type\":\"Organization\",\"@id\":\"https:\\\/\\\/www.2euros.org\\\/en\\\/#organization\",\"name\":\"Ce site a pour but de r\u00e9f\u00e9rencer toutes les pi\u00e8ces de 2euros comm\u00e9moratives. Elles seront r\u00e9f\u00e9renc\u00e9es par ann\u00e9e et par pays. Pour chaque pi\u00e8ce, vous trouverez un descriptif d\u00e9taill\u00e9, son estimation, le d\u00e9tail de ses caract\u00e9ristiques, l'\u00e9mission, etc...\",\"alternateName\":\"2Euros.org!\",\"url\":\"https:\\\/\\\/www.2euros.org\\\/en\\\/\",\"logo\":{\"@type\":\"ImageObject\",\"inLanguage\":\"en-US\",\"@id\":\"https:\\\/\\\/www.2euros.org\\\/en\\\/#\\\/schema\\\/logo\\\/image\\\/\",\"url\":\"https:\\\/\\\/www.2euros.org\\\/wp-content\\\/uploads\\\/2023\\\/11\\\/cropped-logo2euros200px.png\",\"contentUrl\":\"https:\\\/\\\/www.2euros.org\\\/wp-content\\\/uploads\\\/2023\\\/11\\\/cropped-logo2euros200px.png\",\"width\":200,\"height\":200,\"caption\":\"Ce site a pour but de r\u00e9f\u00e9rencer toutes les pi\u00e8ces de 2euros comm\u00e9moratives. Elles seront r\u00e9f\u00e9renc\u00e9es par ann\u00e9e et par pays. Pour chaque pi\u00e8ce, vous trouverez un descriptif d\u00e9taill\u00e9, son estimation, le d\u00e9tail de ses caract\u00e9ristiques, l'\u00e9mission, etc...\"},\"image\":{\"@id\":\"https:\\\/\\\/www.2euros.org\\\/en\\\/#\\\/schema\\\/logo\\\/image\\\/\"},\"sameAs\":[\"https:\\\/\\\/www.facebook.com\\\/groups\\\/133974904458606\"]},{\"@type\":\"Person\",\"@id\":\"https:\\\/\\\/www.2euros.org\\\/en\\\/#\\\/schema\\\/person\\\/12e34ec3242fa163c51adacbcd7b2ebd\",\"name\":\"Pierre D\",\"image\":{\"@type\":\"ImageObject\",\"inLanguage\":\"en-US\",\"@id\":\"https:\\\/\\\/www.2euros.org\\\/wp-content\\\/uploads\\\/wp-user-manager-uploads\\\/2025\\\/12\\\/462084061_10231332749754304_5952221512921178099_n.jpg\",\"url\":\"https:\\\/\\\/www.2euros.org\\\/wp-content\\\/uploads\\\/wp-user-manager-uploads\\\/2025\\\/12\\\/462084061_10231332749754304_5952221512921178099_n.jpg\",\"contentUrl\":\"https:\\\/\\\/www.2euros.org\\\/wp-content\\\/uploads\\\/wp-user-manager-uploads\\\/2025\\\/12\\\/462084061_10231332749754304_5952221512921178099_n.jpg\",\"caption\":\"Pierre D\"},\"description\":\"Webmaster de 2euros.org\",\"sameAs\":[\"https:\\\/\\\/www.2euros.org\\\/\"]}]}<\/script>\n<!-- \/ Yoast SEO plugin. -->","yoast_head_json":{"title":"70th anniversary of the Calouste Gulbenkian Foundation - Portugal 2026 &#8226; 2Euros.org","description":"The commemorative coin celebrates the 70th anniversary of the Calouste Gulbenkian Foundation and was issued by Portugal in 2026.","robots":{"index":"index","follow":"follow","max-snippet":"max-snippet:-1","max-image-preview":"max-image-preview:large","max-video-preview":"max-video-preview:-1"},"canonical":"https:\/\/www.2euros.org\/en\/2-euro-commemorative-portugal\/2026-portugal-70th-anniversary-of-the-calouste-gulbenkian-foundation\/","og_locale":"en_US","og_type":"article","og_title":"70th anniversary of the Calouste Gulbenkian Foundation - Portugal 2026 &#8226; 2Euros.org","og_description":"The commemorative coin celebrates the 70th anniversary of the Calouste Gulbenkian Foundation and was issued by Portugal in 2026.","og_url":"https:\/\/www.2euros.org\/en\/2-euro-commemorative-portugal\/2026-portugal-70th-anniversary-of-the-calouste-gulbenkian-foundation\/","og_site_name":"2Euros.org","article_publisher":"https:\/\/www.facebook.com\/groups\/133974904458606","article_published_time":"2026-01-24T21:28:51+00:00","article_modified_time":"2026-04-28T04:10:23+00:00","og_image":[{"width":400,"height":400,"url":"https:\/\/www.2euros.org\/wp-content\/uploads\/2026\/01\/206-portugal1gm.webp","type":"image\/webp"}],"author":"Pierre D","twitter_card":"summary_large_image","twitter_misc":{"Written by":"Pierre D","Est. reading time":"2 minutes"},"schema":{"@context":"https:\/\/schema.org","@graph":[{"@type":"Article","@id":"https:\/\/www.2euros.org\/en\/2-euro-commemorative-portugal\/2026-portugal-70th-anniversary-of-the-calouste-gulbenkian-foundation\/#article","isPartOf":{"@id":"https:\/\/www.2euros.org\/en\/2-euro-commemorative-portugal\/2026-portugal-70th-anniversary-of-the-calouste-gulbenkian-foundation\/"},"author":{"name":"Pierre D","@id":"https:\/\/www.2euros.org\/en\/#\/schema\/person\/12e34ec3242fa163c51adacbcd7b2ebd"},"headline":"2026 &#8211; Portugal &#8211; 70th anniversary of the Calouste Gulbenkian Foundation","datePublished":"2026-01-24T21:28:51+00:00","dateModified":"2026-04-28T04:10:23+00:00","mainEntityOfPage":{"@id":"https:\/\/www.2euros.org\/en\/2-euro-commemorative-portugal\/2026-portugal-70th-anniversary-of-the-calouste-gulbenkian-foundation\/"},"wordCount":480,"commentCount":0,"publisher":{"@id":"https:\/\/www.2euros.org\/en\/#organization"},"image":{"@id":"https:\/\/www.2euros.org\/en\/2-euro-commemorative-portugal\/2026-portugal-70th-anniversary-of-the-calouste-gulbenkian-foundation\/#primaryimage"},"thumbnailUrl":"https:\/\/www.2euros.org\/wp-content\/uploads\/2026\/01\/206-portugal1gm.webp","keywords":["2026","calouste","comm\u00e9morative","euro","portugal"],"articleSection":["2026","Portugal"],"inLanguage":"en-US","potentialAction":[{"@type":"CommentAction","name":"Comment","target":["https:\/\/www.2euros.org\/en\/2-euro-commemorative-portugal\/2026-portugal-70th-anniversary-of-the-calouste-gulbenkian-foundation\/#respond"]}]},{"@type":"WebPage","@id":"https:\/\/www.2euros.org\/en\/2-euro-commemorative-portugal\/2026-portugal-70th-anniversary-of-the-calouste-gulbenkian-foundation\/","url":"https:\/\/www.2euros.org\/en\/2-euro-commemorative-portugal\/2026-portugal-70th-anniversary-of-the-calouste-gulbenkian-foundation\/","name":"70th anniversary of the Calouste Gulbenkian Foundation - Portugal 2026 &#8226; 2Euros.org","isPartOf":{"@id":"https:\/\/www.2euros.org\/en\/#website"},"primaryImageOfPage":{"@id":"https:\/\/www.2euros.org\/en\/2-euro-commemorative-portugal\/2026-portugal-70th-anniversary-of-the-calouste-gulbenkian-foundation\/#primaryimage"},"image":{"@id":"https:\/\/www.2euros.org\/en\/2-euro-commemorative-portugal\/2026-portugal-70th-anniversary-of-the-calouste-gulbenkian-foundation\/#primaryimage"},"thumbnailUrl":"https:\/\/www.2euros.org\/wp-content\/uploads\/2026\/01\/206-portugal1gm.webp","datePublished":"2026-01-24T21:28:51+00:00","dateModified":"2026-04-28T04:10:23+00:00","description":"The commemorative coin celebrates the 70th anniversary of the Calouste Gulbenkian Foundation and was issued by Portugal in 2026.","breadcrumb":{"@id":"https:\/\/www.2euros.org\/en\/2-euro-commemorative-portugal\/2026-portugal-70th-anniversary-of-the-calouste-gulbenkian-foundation\/#breadcrumb"},"inLanguage":"en-US","potentialAction":[{"@type":"ReadAction","target":["https:\/\/www.2euros.org\/en\/2-euro-commemorative-portugal\/2026-portugal-70th-anniversary-of-the-calouste-gulbenkian-foundation\/"]}]},{"@type":"ImageObject","inLanguage":"en-US","@id":"https:\/\/www.2euros.org\/en\/2-euro-commemorative-portugal\/2026-portugal-70th-anniversary-of-the-calouste-gulbenkian-foundation\/#primaryimage","url":"https:\/\/www.2euros.org\/wp-content\/uploads\/2026\/01\/206-portugal1gm.webp","contentUrl":"https:\/\/www.2euros.org\/wp-content\/uploads\/2026\/01\/206-portugal1gm.webp","width":400,"height":400},{"@type":"BreadcrumbList","@id":"https:\/\/www.2euros.org\/en\/2-euro-commemorative-portugal\/2026-portugal-70th-anniversary-of-the-calouste-gulbenkian-foundation\/#breadcrumb","itemListElement":[{"@type":"ListItem","position":1,"name":"Home","item":"https:\/\/www.2euros.org\/en\/"},{"@type":"ListItem","position":2,"name":"Portugal","item":"https:\/\/www.2euros.org\/en\/category\/2-euro-commemorative-portugal\/"},{"@type":"ListItem","position":3,"name":"2026 &#8211; Portugal &#8211; 70th anniversary of the Calouste Gulbenkian Foundation"}]},{"@type":"WebSite","@id":"https:\/\/www.2euros.org\/en\/#website","url":"https:\/\/www.2euros.org\/en\/","name":"2Euros.org","description":"Site de r\u00e9f\u00e9rence des pi\u00e8ces comm\u00e9moratives de 2 euros","publisher":{"@id":"https:\/\/www.2euros.org\/en\/#organization"},"potentialAction":[{"@type":"SearchAction","target":{"@type":"EntryPoint","urlTemplate":"https:\/\/www.2euros.org\/en\/?s={search_term_string}"},"query-input":{"@type":"PropertyValueSpecification","valueRequired":true,"valueName":"search_term_string"}}],"inLanguage":"en-US"},{"@type":"Organization","@id":"https:\/\/www.2euros.org\/en\/#organization","name":"Ce site a pour but de r\u00e9f\u00e9rencer toutes les pi\u00e8ces de 2euros comm\u00e9moratives. Elles seront r\u00e9f\u00e9renc\u00e9es par ann\u00e9e et par pays. Pour chaque pi\u00e8ce, vous trouverez un descriptif d\u00e9taill\u00e9, son estimation, le d\u00e9tail de ses caract\u00e9ristiques, l'\u00e9mission, etc...","alternateName":"2Euros.org!","url":"https:\/\/www.2euros.org\/en\/","logo":{"@type":"ImageObject","inLanguage":"en-US","@id":"https:\/\/www.2euros.org\/en\/#\/schema\/logo\/image\/","url":"https:\/\/www.2euros.org\/wp-content\/uploads\/2023\/11\/cropped-logo2euros200px.png","contentUrl":"https:\/\/www.2euros.org\/wp-content\/uploads\/2023\/11\/cropped-logo2euros200px.png","width":200,"height":200,"caption":"Ce site a pour but de r\u00e9f\u00e9rencer toutes les pi\u00e8ces de 2euros comm\u00e9moratives. Elles seront r\u00e9f\u00e9renc\u00e9es par ann\u00e9e et par pays. Pour chaque pi\u00e8ce, vous trouverez un descriptif d\u00e9taill\u00e9, son estimation, le d\u00e9tail de ses caract\u00e9ristiques, l'\u00e9mission, etc..."},"image":{"@id":"https:\/\/www.2euros.org\/en\/#\/schema\/logo\/image\/"},"sameAs":["https:\/\/www.facebook.com\/groups\/133974904458606"]},{"@type":"Person","@id":"https:\/\/www.2euros.org\/en\/#\/schema\/person\/12e34ec3242fa163c51adacbcd7b2ebd","name":"Pierre D","image":{"@type":"ImageObject","inLanguage":"en-US","@id":"https:\/\/www.2euros.org\/wp-content\/uploads\/wp-user-manager-uploads\/2025\/12\/462084061_10231332749754304_5952221512921178099_n.jpg","url":"https:\/\/www.2euros.org\/wp-content\/uploads\/wp-user-manager-uploads\/2025\/12\/462084061_10231332749754304_5952221512921178099_n.jpg","contentUrl":"https:\/\/www.2euros.org\/wp-content\/uploads\/wp-user-manager-uploads\/2025\/12\/462084061_10231332749754304_5952221512921178099_n.jpg","caption":"Pierre D"},"description":"Webmaster de 2euros.org","sameAs":["https:\/\/www.2euros.org\/"]}]}},"_links":{"self":[{"href":"https:\/\/www.2euros.org\/en\/wp-json\/wp\/v2\/posts\/25438","targetHints":{"allow":["GET"]}}],"collection":[{"href":"https:\/\/www.2euros.org\/en\/wp-json\/wp\/v2\/posts"}],"about":[{"href":"https:\/\/www.2euros.org\/en\/wp-json\/wp\/v2\/types\/post"}],"author":[{"embeddable":true,"href":"https:\/\/www.2euros.org\/en\/wp-json\/wp\/v2\/users\/1"}],"replies":[{"embeddable":true,"href":"https:\/\/www.2euros.org\/en\/wp-json\/wp\/v2\/comments?post=25438"}],"version-history":[{"count":2,"href":"https:\/\/www.2euros.org\/en\/wp-json\/wp\/v2\/posts\/25438\/revisions"}],"predecessor-version":[{"id":25448,"href":"https:\/\/www.2euros.org\/en\/wp-json\/wp\/v2\/posts\/25438\/revisions\/25448"}],"wp:featuredmedia":[{"embeddable":true,"href":"https:\/\/www.2euros.org\/en\/wp-json\/wp\/v2\/media\/25434"}],"wp:attachment":[{"href":"https:\/\/www.2euros.org\/en\/wp-json\/wp\/v2\/media?parent=25438"}],"wp:term":[{"taxonomy":"category","embeddable":true,"href":"https:\/\/www.2euros.org\/en\/wp-json\/wp\/v2\/categories?post=25438"},{"taxonomy":"post_tag","embeddable":true,"href":"https:\/\/www.2euros.org\/en\/wp-json\/wp\/v2\/tags?post=25438"}],"curies":[{"name":"wp","href":"https:\/\/api.w.org\/{rel}","templated":true}]}}