{"id":25427,"date":"2026-01-24T17:52:49","date_gmt":"2026-01-24T16:52:49","guid":{"rendered":"https:\/\/www.2euros.org\/non-classifiee\/2026-malta-valletta\/"},"modified":"2026-04-28T02:10:40","modified_gmt":"2026-04-28T00:10:40","slug":"2026-malta-valletta","status":"publish","type":"post","link":"https:\/\/www.2euros.org\/en\/2-euro-commemorative-malta\/2026-malta-valletta\/","title":{"rendered":"2026 &#8211; Malta &#8211; Valletta"},"content":{"rendered":"\n<h2 class=\"wp-block-heading\">Introduction<\/h2>\n\n<p>In 2026, Malta will issue a \u20ac2 commemorative coin dedicated to <strong>Valletta<\/strong>, its historic capital. Founded in 1566 by the Knights of the Order of St. John, the city is a cornerstone of Maltese heritage. It is a UNESCO World Heritage Site due to its remarkable military, religious, and civil architecture. This coin thus pays tribute to a fortified city of exceptional importance to Malta&#8217;s history, culture, and national identity. Through this coin, the country celebrates the urban heritage and historical splendor of its capital.    <\/p>\n\n<h2 class=\"wp-block-heading\">Coin Description<\/h2>\n\n<p>The obverse of the coin features a perspective view of <strong>Valletta<\/strong> from the heights overlooking the fortifications. The composition highlights the massive ramparts, bastions, and iconic buildings of the city, such as Baroque churches and buildings from the Knights&#8217; era. In the foreground, a tree-lined path leads to the walls. This visual journey guides the eye towards the heart of the city, where the compact and distinctive urban skyline rises.   <\/p>\n\n<p>The inscription \u201c<strong>VALLETTA MALTA<\/strong>\u201d appears at the top, clearly identifying the location depicted. The year \u201c<strong>2026<\/strong>\u201d is inscribed in the lower left corner, indicating the year of issue. The artist\u2019s initials, \u201c<strong>NGB<\/strong>,\u201d are discreetly placed at the base of the design. Furthermore, the outer border is decorated with <strong>the twelve stars of the European Union<\/strong>, highlighting Malta\u2019s membership in the Eurozone.   <\/p>\n\n<p>The artistic style adopted is detailed, precise, and faithful to the actual urban topography. The engraving meticulously reproduces the architectural volumes and defensive lines of the city. Moreover, the chosen perspective highlights the balance between nature, stone, and history. Thus, the piece captures the essence of Valletta as a fortified city facing the sea and steeped in history.   <\/p>\n\n<h2 class=\"wp-block-heading\">Conclusion<\/h2>\n\n<p>In summary, the 2-euro coin issued by Malta in 2026 pays tribute to <strong>Valletta<\/strong>, a jewel of national and Mediterranean heritage. It celebrates a city founded on resilience, architectural genius, and faith. Consequently, this issue highlights the historical importance of the Maltese capital. Moreover, the engraved image faithfully captures the spirit of this iconic city. Furthermore, the chosen style combines topographical accuracy with symbolic clarity. Ultimately, this commemorative coin embodies Malta&#8217;s deep attachment to its urban history and cultural influence.     <\/p>\n\n<figure class=\"wp-block-table is-style-stripes\"><table><tbody><tr><td><strong>Issuing Country:<\/strong><\/td><td><img loading=\"lazy\" decoding=\"async\" width=\"32\" height=\"21\" class=\"wp-image-1878\" style=\"width: 32px\" src=\"https:\/\/www.2euros.org\/wp-content\/uploads\/2021\/08\/malte-2d2.png\" alt=\"\" srcset=\"https:\/\/www.2euros.org\/wp-content\/uploads\/2021\/08\/malte-2d2.png 32w, https:\/\/www.2euros.org\/wp-content\/uploads\/2021\/08\/malte-2d2-24x16.png 24w\" sizes=\"auto, (max-width: 32px) 100vw, 32px\" \/><\/td><\/tr><tr><td><strong>Issue Date:<\/strong><\/td><td>February 2026<\/td><\/tr><tr><td><strong>Total Mintage:<\/strong><\/td><td>143.000<\/td><\/tr><tr><td>including Proof:<\/td><td>0<\/td><\/tr><tr><td>including BU:<\/td><td>35.000<\/td><\/tr><tr><td>including UNC:<\/td><td>108.000<\/td><\/tr><tr><td><strong>Engraver:<\/strong><\/td><td>Maria Anna Frisone<\/td><\/tr><tr><td><strong>Edge:<\/strong><\/td><td><img loading=\"lazy\" decoding=\"async\" width=\"250\" height=\"13\" class=\"wp-image-19216\" style=\"width: 230px\" src=\"https:\/\/www.2euros.org\/wp-content\/uploads\/2019\/02\/malte1.jpg\" alt=\"\" srcset=\"https:\/\/www.2euros.org\/wp-content\/uploads\/2019\/02\/malte1.jpg 250w, https:\/\/www.2euros.org\/wp-content\/uploads\/2019\/02\/malte1-200x10.jpg 200w, https:\/\/www.2euros.org\/wp-content\/uploads\/2019\/02\/malte1-150x8.jpg 150w\" sizes=\"auto, (max-width: 250px) 100vw, 250px\" \/><\/td><\/tr><tr><td><strong>Rarity:<\/strong><\/td><td><img decoding=\"async\" src=\"https:\/\/www.2euros.org\/images\/euro.png\" \/><img decoding=\"async\" src=\"https:\/\/www.2euros.org\/images\/euro.png\" \/><img decoding=\"async\" src=\"https:\/\/www.2euros.org\/images\/euro.png\" \/><img decoding=\"async\" src=\"https:\/\/www.2euros.org\/images\/euro.png\" \/><img decoding=\"async\" src=\"https:\/\/www.2euros.org\/images\/euro.png\" \/><img decoding=\"async\" src=\"https:\/\/www.2euros.org\/images\/euro.png\" \/><img decoding=\"async\" src=\"https:\/\/www.2euros.org\/images\/euro.png\" \/><img decoding=\"async\" src=\"https:\/\/www.2euros.org\/images\/euro2.png\" \/><img decoding=\"async\" src=\"https:\/\/www.2euros.org\/images\/euro2.png\" \/><img decoding=\"async\" src=\"https:\/\/www.2euros.org\/images\/euro2.png\" \/><\/td><\/tr><tr><td><strong>Official Journal:<\/strong><\/td><td><a href=\"https:\/\/eur-lex.europa.eu\/\" target=\"_blank\" rel=\"noreferrer noopener\">To be defined<\/a><\/td><\/tr><tr><td><strong>My Collection:<\/strong><\/td><td>[cbxwpbookmarkbtn]<\/td><\/tr><\/tbody><\/table><\/figure>\n\n<p>Do you want to know the technical specifications of this coin? Feel free to visit the page dedicated to the <a href=\"https:\/\/www.2euros.org\/en\/numismatics\/characteristics-of-a-2-euro-coin\/\" target=\"_blank\" rel=\"noreferrer noopener\">specifications of a 2-euro coin<\/a>.&#13;\n<\/p>\n","protected":false},"excerpt":{"rendered":"<div class=\"mh-excerpt\"><p>Introduction In 2026, Malta will issue a \u20ac2 commemorative coin dedicated to Valletta, its historic capital. Founded in 1566 by the Knights of the Order of St. John, the city is a cornerstone of Maltese <a class=\"mh-excerpt-more\" href=\"https:\/\/www.2euros.org\/en\/2-euro-commemorative-malta\/2026-malta-valletta\/\" title=\"2026 &#8211; Malta &#8211; Valletta\">[&#8230;]<\/a><\/p>\n                <div class=\"ccm-buttons ccm-buttons-small\"\n                     data-post-id=\"25427\"\n                     data-state='{&quot;be&quot;:0,&quot;bu&quot;:0,&quot;unc&quot;:0,&quot;circulation&quot;:0}'\n                     data-not-logged=\"true\">\n                    <span class=\"ccm-label\">My collection<\/span>\n                    <button class=\"coin-btn\" data-type=\"be\">Proof<\/button>\n                    <button class=\"coin-btn\" data-type=\"bu\">BU<\/button>\n                    <button class=\"coin-btn\" data-type=\"unc\">UNC<\/button>\n                    <button class=\"coin-btn\" data-type=\"circulation\">Circulated<\/button>\n                    <span class=\"ccm-separator\"> - <\/span>\n                    <button class=\"no-coin-btn\" data-type=\"none\">I don&#039;t have this coin<\/button>\n                <\/div>\n                <p class=\"ccm-login-message\">Veuillez vous inscrire pour pouvoir g\u00e9rer votre collection<\/p><\/div>","protected":false},"author":1,"featured_media":25425,"comment_status":"open","ping_status":"open","sticky":false,"template":"","format":"standard","meta":{"footnotes":""},"categories":[1179,1197],"tags":[1207,1465,1210,1212,2358,1294],"class_list":["post-25427","post","type-post","status-publish","format-standard","has-post-thumbnail","hentry","category-2-euro-commemorative-2026","category-2-euro-commemorative-malta","tag-2-en","tag-2026-en","tag-commemorative-en","tag-euros-en","tag-hound","tag-malte-en"],"yoast_head":"<!-- This site is optimized with the Yoast SEO plugin v27.4 - https:\/\/yoast.com\/product\/yoast-seo-wordpress\/ -->\n<title>Valletta &#8226; Malta 2026 &#8226; 2Euros.org<\/title>\n<meta name=\"description\" content=\"This 2 euro commemorative coin, issued by Malta in 2026, celebrates the city of Valletta, the capital of Malta.\" \/>\n<meta name=\"robots\" content=\"index, follow, max-snippet:-1, max-image-preview:large, max-video-preview:-1\" \/>\n<link rel=\"canonical\" href=\"https:\/\/www.2euros.org\/en\/2-euro-commemorative-malta\/2026-malta-valletta\/\" \/>\n<meta property=\"og:locale\" content=\"en_US\" \/>\n<meta property=\"og:type\" content=\"article\" \/>\n<meta property=\"og:title\" content=\"Valletta &#8226; Malta 2026 &#8226; 2Euros.org\" \/>\n<meta property=\"og:description\" content=\"This 2 euro commemorative coin, issued by Malta in 2026, celebrates the city of Valletta, the capital of Malta.\" \/>\n<meta property=\"og:url\" content=\"https:\/\/www.2euros.org\/en\/2-euro-commemorative-malta\/2026-malta-valletta\/\" \/>\n<meta property=\"og:site_name\" content=\"2Euros.org\" \/>\n<meta property=\"article:publisher\" content=\"https:\/\/www.facebook.com\/groups\/133974904458606\" \/>\n<meta property=\"article:published_time\" content=\"2026-01-24T16:52:49+00:00\" \/>\n<meta property=\"article:modified_time\" content=\"2026-04-28T00:10:40+00:00\" \/>\n<meta property=\"og:image\" content=\"https:\/\/www.2euros.org\/wp-content\/uploads\/2026\/01\/2026-malte2gm.webp\" \/>\n\t<meta property=\"og:image:width\" content=\"400\" \/>\n\t<meta property=\"og:image:height\" content=\"400\" \/>\n\t<meta property=\"og:image:type\" content=\"image\/webp\" \/>\n<meta name=\"author\" content=\"Pierre D\" \/>\n<meta name=\"twitter:card\" content=\"summary_large_image\" \/>\n<meta name=\"twitter:label1\" content=\"Written by\" \/>\n\t<meta name=\"twitter:data1\" content=\"Pierre D\" \/>\n\t<meta name=\"twitter:label2\" content=\"Est. reading time\" \/>\n\t<meta name=\"twitter:data2\" content=\"2 minutes\" \/>\n<script type=\"application\/ld+json\" class=\"yoast-schema-graph\">{\"@context\":\"https:\\\/\\\/schema.org\",\"@graph\":[{\"@type\":\"Article\",\"@id\":\"https:\\\/\\\/www.2euros.org\\\/en\\\/2-euro-commemorative-malta\\\/2026-malta-valletta\\\/#article\",\"isPartOf\":{\"@id\":\"https:\\\/\\\/www.2euros.org\\\/en\\\/2-euro-commemorative-malta\\\/2026-malta-valletta\\\/\"},\"author\":{\"name\":\"Pierre D\",\"@id\":\"https:\\\/\\\/www.2euros.org\\\/en\\\/#\\\/schema\\\/person\\\/12e34ec3242fa163c51adacbcd7b2ebd\"},\"headline\":\"2026 &#8211; Malta &#8211; Valletta\",\"datePublished\":\"2026-01-24T16:52:49+00:00\",\"dateModified\":\"2026-04-28T00:10:40+00:00\",\"mainEntityOfPage\":{\"@id\":\"https:\\\/\\\/www.2euros.org\\\/en\\\/2-euro-commemorative-malta\\\/2026-malta-valletta\\\/\"},\"wordCount\":388,\"commentCount\":0,\"publisher\":{\"@id\":\"https:\\\/\\\/www.2euros.org\\\/en\\\/#organization\"},\"image\":{\"@id\":\"https:\\\/\\\/www.2euros.org\\\/en\\\/2-euro-commemorative-malta\\\/2026-malta-valletta\\\/#primaryimage\"},\"thumbnailUrl\":\"https:\\\/\\\/www.2euros.org\\\/wp-content\\\/uploads\\\/2026\\\/01\\\/2026-malte2gm.webp\",\"keywords\":[\"2\",\"2026\",\"comm\u00e9morative\",\"euros\",\"Hound\",\"malte\"],\"articleSection\":[\"2026\",\"Malta\"],\"inLanguage\":\"en-US\",\"potentialAction\":[{\"@type\":\"CommentAction\",\"name\":\"Comment\",\"target\":[\"https:\\\/\\\/www.2euros.org\\\/en\\\/2-euro-commemorative-malta\\\/2026-malta-valletta\\\/#respond\"]}]},{\"@type\":\"WebPage\",\"@id\":\"https:\\\/\\\/www.2euros.org\\\/en\\\/2-euro-commemorative-malta\\\/2026-malta-valletta\\\/\",\"url\":\"https:\\\/\\\/www.2euros.org\\\/en\\\/2-euro-commemorative-malta\\\/2026-malta-valletta\\\/\",\"name\":\"Valletta &#8226; Malta 2026 &#8226; 2Euros.org\",\"isPartOf\":{\"@id\":\"https:\\\/\\\/www.2euros.org\\\/en\\\/#website\"},\"primaryImageOfPage\":{\"@id\":\"https:\\\/\\\/www.2euros.org\\\/en\\\/2-euro-commemorative-malta\\\/2026-malta-valletta\\\/#primaryimage\"},\"image\":{\"@id\":\"https:\\\/\\\/www.2euros.org\\\/en\\\/2-euro-commemorative-malta\\\/2026-malta-valletta\\\/#primaryimage\"},\"thumbnailUrl\":\"https:\\\/\\\/www.2euros.org\\\/wp-content\\\/uploads\\\/2026\\\/01\\\/2026-malte2gm.webp\",\"datePublished\":\"2026-01-24T16:52:49+00:00\",\"dateModified\":\"2026-04-28T00:10:40+00:00\",\"description\":\"This 2 euro commemorative coin, issued by Malta in 2026, celebrates the city of Valletta, the capital of Malta.\",\"breadcrumb\":{\"@id\":\"https:\\\/\\\/www.2euros.org\\\/en\\\/2-euro-commemorative-malta\\\/2026-malta-valletta\\\/#breadcrumb\"},\"inLanguage\":\"en-US\",\"potentialAction\":[{\"@type\":\"ReadAction\",\"target\":[\"https:\\\/\\\/www.2euros.org\\\/en\\\/2-euro-commemorative-malta\\\/2026-malta-valletta\\\/\"]}]},{\"@type\":\"ImageObject\",\"inLanguage\":\"en-US\",\"@id\":\"https:\\\/\\\/www.2euros.org\\\/en\\\/2-euro-commemorative-malta\\\/2026-malta-valletta\\\/#primaryimage\",\"url\":\"https:\\\/\\\/www.2euros.org\\\/wp-content\\\/uploads\\\/2026\\\/01\\\/2026-malte2gm.webp\",\"contentUrl\":\"https:\\\/\\\/www.2euros.org\\\/wp-content\\\/uploads\\\/2026\\\/01\\\/2026-malte2gm.webp\",\"width\":400,\"height\":400},{\"@type\":\"BreadcrumbList\",\"@id\":\"https:\\\/\\\/www.2euros.org\\\/en\\\/2-euro-commemorative-malta\\\/2026-malta-valletta\\\/#breadcrumb\",\"itemListElement\":[{\"@type\":\"ListItem\",\"position\":1,\"name\":\"Home\",\"item\":\"https:\\\/\\\/www.2euros.org\\\/en\\\/\"},{\"@type\":\"ListItem\",\"position\":2,\"name\":\"Malta\",\"item\":\"https:\\\/\\\/www.2euros.org\\\/en\\\/category\\\/2-euro-commemorative-malta\\\/\"},{\"@type\":\"ListItem\",\"position\":3,\"name\":\"2026 &#8211; Malta &#8211; Valletta\"}]},{\"@type\":\"WebSite\",\"@id\":\"https:\\\/\\\/www.2euros.org\\\/en\\\/#website\",\"url\":\"https:\\\/\\\/www.2euros.org\\\/en\\\/\",\"name\":\"2Euros.org\",\"description\":\"Site de r\u00e9f\u00e9rence des pi\u00e8ces comm\u00e9moratives de 2 euros\",\"publisher\":{\"@id\":\"https:\\\/\\\/www.2euros.org\\\/en\\\/#organization\"},\"potentialAction\":[{\"@type\":\"SearchAction\",\"target\":{\"@type\":\"EntryPoint\",\"urlTemplate\":\"https:\\\/\\\/www.2euros.org\\\/en\\\/?s={search_term_string}\"},\"query-input\":{\"@type\":\"PropertyValueSpecification\",\"valueRequired\":true,\"valueName\":\"search_term_string\"}}],\"inLanguage\":\"en-US\"},{\"@type\":\"Organization\",\"@id\":\"https:\\\/\\\/www.2euros.org\\\/en\\\/#organization\",\"name\":\"Ce site a pour but de r\u00e9f\u00e9rencer toutes les pi\u00e8ces de 2euros comm\u00e9moratives. Elles seront r\u00e9f\u00e9renc\u00e9es par ann\u00e9e et par pays. Pour chaque pi\u00e8ce, vous trouverez un descriptif d\u00e9taill\u00e9, son estimation, le d\u00e9tail de ses caract\u00e9ristiques, l'\u00e9mission, etc...\",\"alternateName\":\"2Euros.org!\",\"url\":\"https:\\\/\\\/www.2euros.org\\\/en\\\/\",\"logo\":{\"@type\":\"ImageObject\",\"inLanguage\":\"en-US\",\"@id\":\"https:\\\/\\\/www.2euros.org\\\/en\\\/#\\\/schema\\\/logo\\\/image\\\/\",\"url\":\"https:\\\/\\\/www.2euros.org\\\/wp-content\\\/uploads\\\/2023\\\/11\\\/cropped-logo2euros200px.png\",\"contentUrl\":\"https:\\\/\\\/www.2euros.org\\\/wp-content\\\/uploads\\\/2023\\\/11\\\/cropped-logo2euros200px.png\",\"width\":200,\"height\":200,\"caption\":\"Ce site a pour but de r\u00e9f\u00e9rencer toutes les pi\u00e8ces de 2euros comm\u00e9moratives. Elles seront r\u00e9f\u00e9renc\u00e9es par ann\u00e9e et par pays. Pour chaque pi\u00e8ce, vous trouverez un descriptif d\u00e9taill\u00e9, son estimation, le d\u00e9tail de ses caract\u00e9ristiques, l'\u00e9mission, etc...\"},\"image\":{\"@id\":\"https:\\\/\\\/www.2euros.org\\\/en\\\/#\\\/schema\\\/logo\\\/image\\\/\"},\"sameAs\":[\"https:\\\/\\\/www.facebook.com\\\/groups\\\/133974904458606\"]},{\"@type\":\"Person\",\"@id\":\"https:\\\/\\\/www.2euros.org\\\/en\\\/#\\\/schema\\\/person\\\/12e34ec3242fa163c51adacbcd7b2ebd\",\"name\":\"Pierre D\",\"image\":{\"@type\":\"ImageObject\",\"inLanguage\":\"en-US\",\"@id\":\"https:\\\/\\\/www.2euros.org\\\/wp-content\\\/uploads\\\/wp-user-manager-uploads\\\/2025\\\/12\\\/462084061_10231332749754304_5952221512921178099_n.jpg\",\"url\":\"https:\\\/\\\/www.2euros.org\\\/wp-content\\\/uploads\\\/wp-user-manager-uploads\\\/2025\\\/12\\\/462084061_10231332749754304_5952221512921178099_n.jpg\",\"contentUrl\":\"https:\\\/\\\/www.2euros.org\\\/wp-content\\\/uploads\\\/wp-user-manager-uploads\\\/2025\\\/12\\\/462084061_10231332749754304_5952221512921178099_n.jpg\",\"caption\":\"Pierre D\"},\"description\":\"Webmaster de 2euros.org\",\"sameAs\":[\"https:\\\/\\\/www.2euros.org\\\/\"]}]}<\/script>\n<!-- \/ Yoast SEO plugin. -->","yoast_head_json":{"title":"Valletta &#8226; Malta 2026 &#8226; 2Euros.org","description":"This 2 euro commemorative coin, issued by Malta in 2026, celebrates the city of Valletta, the capital of Malta.","robots":{"index":"index","follow":"follow","max-snippet":"max-snippet:-1","max-image-preview":"max-image-preview:large","max-video-preview":"max-video-preview:-1"},"canonical":"https:\/\/www.2euros.org\/en\/2-euro-commemorative-malta\/2026-malta-valletta\/","og_locale":"en_US","og_type":"article","og_title":"Valletta &#8226; Malta 2026 &#8226; 2Euros.org","og_description":"This 2 euro commemorative coin, issued by Malta in 2026, celebrates the city of Valletta, the capital of Malta.","og_url":"https:\/\/www.2euros.org\/en\/2-euro-commemorative-malta\/2026-malta-valletta\/","og_site_name":"2Euros.org","article_publisher":"https:\/\/www.facebook.com\/groups\/133974904458606","article_published_time":"2026-01-24T16:52:49+00:00","article_modified_time":"2026-04-28T00:10:40+00:00","og_image":[{"width":400,"height":400,"url":"https:\/\/www.2euros.org\/wp-content\/uploads\/2026\/01\/2026-malte2gm.webp","type":"image\/webp"}],"author":"Pierre D","twitter_card":"summary_large_image","twitter_misc":{"Written by":"Pierre D","Est. reading time":"2 minutes"},"schema":{"@context":"https:\/\/schema.org","@graph":[{"@type":"Article","@id":"https:\/\/www.2euros.org\/en\/2-euro-commemorative-malta\/2026-malta-valletta\/#article","isPartOf":{"@id":"https:\/\/www.2euros.org\/en\/2-euro-commemorative-malta\/2026-malta-valletta\/"},"author":{"name":"Pierre D","@id":"https:\/\/www.2euros.org\/en\/#\/schema\/person\/12e34ec3242fa163c51adacbcd7b2ebd"},"headline":"2026 &#8211; Malta &#8211; Valletta","datePublished":"2026-01-24T16:52:49+00:00","dateModified":"2026-04-28T00:10:40+00:00","mainEntityOfPage":{"@id":"https:\/\/www.2euros.org\/en\/2-euro-commemorative-malta\/2026-malta-valletta\/"},"wordCount":388,"commentCount":0,"publisher":{"@id":"https:\/\/www.2euros.org\/en\/#organization"},"image":{"@id":"https:\/\/www.2euros.org\/en\/2-euro-commemorative-malta\/2026-malta-valletta\/#primaryimage"},"thumbnailUrl":"https:\/\/www.2euros.org\/wp-content\/uploads\/2026\/01\/2026-malte2gm.webp","keywords":["2","2026","comm\u00e9morative","euros","Hound","malte"],"articleSection":["2026","Malta"],"inLanguage":"en-US","potentialAction":[{"@type":"CommentAction","name":"Comment","target":["https:\/\/www.2euros.org\/en\/2-euro-commemorative-malta\/2026-malta-valletta\/#respond"]}]},{"@type":"WebPage","@id":"https:\/\/www.2euros.org\/en\/2-euro-commemorative-malta\/2026-malta-valletta\/","url":"https:\/\/www.2euros.org\/en\/2-euro-commemorative-malta\/2026-malta-valletta\/","name":"Valletta &#8226; Malta 2026 &#8226; 2Euros.org","isPartOf":{"@id":"https:\/\/www.2euros.org\/en\/#website"},"primaryImageOfPage":{"@id":"https:\/\/www.2euros.org\/en\/2-euro-commemorative-malta\/2026-malta-valletta\/#primaryimage"},"image":{"@id":"https:\/\/www.2euros.org\/en\/2-euro-commemorative-malta\/2026-malta-valletta\/#primaryimage"},"thumbnailUrl":"https:\/\/www.2euros.org\/wp-content\/uploads\/2026\/01\/2026-malte2gm.webp","datePublished":"2026-01-24T16:52:49+00:00","dateModified":"2026-04-28T00:10:40+00:00","description":"This 2 euro commemorative coin, issued by Malta in 2026, celebrates the city of Valletta, the capital of Malta.","breadcrumb":{"@id":"https:\/\/www.2euros.org\/en\/2-euro-commemorative-malta\/2026-malta-valletta\/#breadcrumb"},"inLanguage":"en-US","potentialAction":[{"@type":"ReadAction","target":["https:\/\/www.2euros.org\/en\/2-euro-commemorative-malta\/2026-malta-valletta\/"]}]},{"@type":"ImageObject","inLanguage":"en-US","@id":"https:\/\/www.2euros.org\/en\/2-euro-commemorative-malta\/2026-malta-valletta\/#primaryimage","url":"https:\/\/www.2euros.org\/wp-content\/uploads\/2026\/01\/2026-malte2gm.webp","contentUrl":"https:\/\/www.2euros.org\/wp-content\/uploads\/2026\/01\/2026-malte2gm.webp","width":400,"height":400},{"@type":"BreadcrumbList","@id":"https:\/\/www.2euros.org\/en\/2-euro-commemorative-malta\/2026-malta-valletta\/#breadcrumb","itemListElement":[{"@type":"ListItem","position":1,"name":"Home","item":"https:\/\/www.2euros.org\/en\/"},{"@type":"ListItem","position":2,"name":"Malta","item":"https:\/\/www.2euros.org\/en\/category\/2-euro-commemorative-malta\/"},{"@type":"ListItem","position":3,"name":"2026 &#8211; Malta &#8211; Valletta"}]},{"@type":"WebSite","@id":"https:\/\/www.2euros.org\/en\/#website","url":"https:\/\/www.2euros.org\/en\/","name":"2Euros.org","description":"Site de r\u00e9f\u00e9rence des pi\u00e8ces comm\u00e9moratives de 2 euros","publisher":{"@id":"https:\/\/www.2euros.org\/en\/#organization"},"potentialAction":[{"@type":"SearchAction","target":{"@type":"EntryPoint","urlTemplate":"https:\/\/www.2euros.org\/en\/?s={search_term_string}"},"query-input":{"@type":"PropertyValueSpecification","valueRequired":true,"valueName":"search_term_string"}}],"inLanguage":"en-US"},{"@type":"Organization","@id":"https:\/\/www.2euros.org\/en\/#organization","name":"Ce site a pour but de r\u00e9f\u00e9rencer toutes les pi\u00e8ces de 2euros comm\u00e9moratives. Elles seront r\u00e9f\u00e9renc\u00e9es par ann\u00e9e et par pays. Pour chaque pi\u00e8ce, vous trouverez un descriptif d\u00e9taill\u00e9, son estimation, le d\u00e9tail de ses caract\u00e9ristiques, l'\u00e9mission, etc...","alternateName":"2Euros.org!","url":"https:\/\/www.2euros.org\/en\/","logo":{"@type":"ImageObject","inLanguage":"en-US","@id":"https:\/\/www.2euros.org\/en\/#\/schema\/logo\/image\/","url":"https:\/\/www.2euros.org\/wp-content\/uploads\/2023\/11\/cropped-logo2euros200px.png","contentUrl":"https:\/\/www.2euros.org\/wp-content\/uploads\/2023\/11\/cropped-logo2euros200px.png","width":200,"height":200,"caption":"Ce site a pour but de r\u00e9f\u00e9rencer toutes les pi\u00e8ces de 2euros comm\u00e9moratives. Elles seront r\u00e9f\u00e9renc\u00e9es par ann\u00e9e et par pays. Pour chaque pi\u00e8ce, vous trouverez un descriptif d\u00e9taill\u00e9, son estimation, le d\u00e9tail de ses caract\u00e9ristiques, l'\u00e9mission, etc..."},"image":{"@id":"https:\/\/www.2euros.org\/en\/#\/schema\/logo\/image\/"},"sameAs":["https:\/\/www.facebook.com\/groups\/133974904458606"]},{"@type":"Person","@id":"https:\/\/www.2euros.org\/en\/#\/schema\/person\/12e34ec3242fa163c51adacbcd7b2ebd","name":"Pierre D","image":{"@type":"ImageObject","inLanguage":"en-US","@id":"https:\/\/www.2euros.org\/wp-content\/uploads\/wp-user-manager-uploads\/2025\/12\/462084061_10231332749754304_5952221512921178099_n.jpg","url":"https:\/\/www.2euros.org\/wp-content\/uploads\/wp-user-manager-uploads\/2025\/12\/462084061_10231332749754304_5952221512921178099_n.jpg","contentUrl":"https:\/\/www.2euros.org\/wp-content\/uploads\/wp-user-manager-uploads\/2025\/12\/462084061_10231332749754304_5952221512921178099_n.jpg","caption":"Pierre D"},"description":"Webmaster de 2euros.org","sameAs":["https:\/\/www.2euros.org\/"]}]}},"_links":{"self":[{"href":"https:\/\/www.2euros.org\/en\/wp-json\/wp\/v2\/posts\/25427","targetHints":{"allow":["GET"]}}],"collection":[{"href":"https:\/\/www.2euros.org\/en\/wp-json\/wp\/v2\/posts"}],"about":[{"href":"https:\/\/www.2euros.org\/en\/wp-json\/wp\/v2\/types\/post"}],"author":[{"embeddable":true,"href":"https:\/\/www.2euros.org\/en\/wp-json\/wp\/v2\/users\/1"}],"replies":[{"embeddable":true,"href":"https:\/\/www.2euros.org\/en\/wp-json\/wp\/v2\/comments?post=25427"}],"version-history":[{"count":2,"href":"https:\/\/www.2euros.org\/en\/wp-json\/wp\/v2\/posts\/25427\/revisions"}],"predecessor-version":[{"id":25447,"href":"https:\/\/www.2euros.org\/en\/wp-json\/wp\/v2\/posts\/25427\/revisions\/25447"}],"wp:featuredmedia":[{"embeddable":true,"href":"https:\/\/www.2euros.org\/en\/wp-json\/wp\/v2\/media\/25425"}],"wp:attachment":[{"href":"https:\/\/www.2euros.org\/en\/wp-json\/wp\/v2\/media?parent=25427"}],"wp:term":[{"taxonomy":"category","embeddable":true,"href":"https:\/\/www.2euros.org\/en\/wp-json\/wp\/v2\/categories?post=25427"},{"taxonomy":"post_tag","embeddable":true,"href":"https:\/\/www.2euros.org\/en\/wp-json\/wp\/v2\/tags?post=25427"}],"curies":[{"name":"wp","href":"https:\/\/api.w.org\/{rel}","templated":true}]}}