{"id":25271,"date":"2026-01-08T19:50:07","date_gmt":"2026-01-08T18:50:07","guid":{"rendered":"https:\/\/www.2euros.org\/?p=25271"},"modified":"2026-01-08T20:22:13","modified_gmt":"2026-01-08T19:22:13","slug":"2028-slovaquie-80e-anniversaire-de-lensemble-artistique-lucnica","status":"publish","type":"post","link":"https:\/\/www.2euros.org\/en\/2-euro-commemorative-slovakia\/2028-slovaquie-80e-anniversaire-de-lensemble-artistique-lucnica\/","title":{"rendered":"2028 &#8211; Slovakia &#8211; 80th anniversary of the L\u00fa\u010dnica Artistic Ensemble"},"content":{"rendered":"\n<h2 class=\"wp-block-heading\">Introduction<\/h2>\n\n<p>In 2028, Slovakia will issue a \u20ac2 commemorative coin to celebrate the 80th anniversary of the L\u00fa\u010dnica Artistic Ensemble. This folk ensemble was founded in 1948 and is renowned for its central role in promoting traditional Slovak dance, music, and costumes. L\u00fa\u010dnica embodies the vibrant energy of the country&#8217;s cultural heritage and has contributed to raising awareness of Slovak culture worldwide. Therefore, this coin pays tribute to a vital artistic institution and its enduring influence.    <\/p>\n\n<h2 class=\"wp-block-heading\">Coin Description<\/h2>\n\n<p>The obverse of this 2-euro coin highlights the dynamic spirit of the L\u00fa\u010dnica Ensemble. At its center, a stylized scene depicts dancers and musicians in traditional folk costumes. The figures dance in a circle, moving in motion, evoking the joy, unity, and energy of Slovak folklore. Each dancer wears a richly detailed costume, featuring embroidery, belts, and colorful patterns inspired by regional traditions. A musician also plays a traditional instrument such as the fujara or the cimbalom, further enhancing the festive atmosphere.    <\/p>\n\n<p>Around this central scene, the inscription \u201c80RO\u010cN\u00cdKL\u00da\u010cNICA\u201d appears at the top, followed by the English translation \u201c80th anniversary of L\u00fa\u010dnica\u201d at the bottom. The year \u201c2028\u201d is engraved to the right, indicating the coin&#8217;s year of issue. The letter \u201cSK,\u201d representing Slovakia, appears to the left of the design. It is seamlessly integrated so as not to detract from the main motif. Furthermore, the outer border is adorned with the twelve stars of the European Union, a reminder of Slovakia&#8217;s membership in the Eurozone.    <\/p>\n\n<p>The obverse design is both vibrant and harmonious. The dancers&#8217; flowing lines create an impression of fluidity and movement. Furthermore, the details of the traditional clothing are accurately depicted, highlighting the costumes&#8217; authenticity. Consequently, the composition captures the essence of the festival and the collective spirit of L\u00fa\u010dnica.   <\/p>\n\n<h2 class=\"wp-block-heading\">Conclusion<\/h2>\n\n<p>En r\u00e9sum\u00e9, la pi\u00e8ce de 2\u202feuros \u00e9mise en 2028 c\u00e9l\u00e8bre le 80\u1d49 anniversaire de l\u2019Ensemble artistique L\u00fa\u010dnica. Elle met en lumi\u00e8re l\u2019importance de cet ensemble dans la pr\u00e9servation et la promotion du folklore slovaque. Ainsi, cette \u00e9mission valorise la culture, la danse et la musique traditionnelles. De plus, elle rappelle l\u2019impact de L\u00fa\u010dnica sur la sc\u00e8ne internationale. Par cons\u00e9quent, cette pi\u00e8ce devient un symbole durable de l\u2019identit\u00e9 culturelle slovaque. En outre, elle rend hommage \u00e0 des d\u00e9cennies de cr\u00e9ativit\u00e9 artistique. Enfin, cette pi\u00e8ce enrichit la collection numismatique europ\u00e9enne par son message culturel fort et inspirant.      <\/p>\n\n<p><mark style=\"background-color:#fcb900\" class=\"has-inline-color has-black-color\"><strong>This is a temporary description that may change depending on the final design of the coin and its publication in the Official Journal.<\/strong><\/mark><\/p>\n\n<figure class=\"wp-block-table is-style-stripes\"><table><tbody><tr><td><strong>Issuing Country:<\/strong><\/td><td><img loading=\"lazy\" decoding=\"async\" width=\"32\" height=\"21\" class=\"wp-image-18431\" style=\"width: 32px;\" src=\"https:\/\/www.2euros.org\/wp-content\/uploads\/2025\/01\/slovaquie.png\" alt=\"\" srcset=\"https:\/\/www.2euros.org\/wp-content\/uploads\/2025\/01\/slovaquie.png 32w, https:\/\/www.2euros.org\/wp-content\/uploads\/2025\/01\/slovaquie-24x16.png 24w\" sizes=\"auto, (max-width: 32px) 100vw, 32px\" \/><\/td><\/tr><tr><td><strong>Issue Date:<\/strong><\/td><td>2028<\/td><\/tr><tr><td><strong>Total Mintage:<\/strong><\/td><td>1.000.000<\/td><\/tr><tr><td>including Proof:<\/td><td>  5.000<\/td><\/tr><tr><td>including BU:<\/td><td>  0<\/td><\/tr><tr><td>including UNC:<\/td><td>  995.000<\/td><\/tr><tr><td><strong>Engraver:<\/strong><\/td><td>&#8211;<\/td><\/tr><tr><td><strong>Edge:<\/strong><\/td><td><img loading=\"lazy\" decoding=\"async\" width=\"250\" height=\"12\" class=\"wp-image-19116\" style=\"width: 250px;\" src=\"https:\/\/www.2euros.org\/wp-content\/uploads\/2019\/02\/lituanie0.jpg\" alt=\"\" srcset=\"https:\/\/www.2euros.org\/wp-content\/uploads\/2019\/02\/lituanie0.jpg 236w, https:\/\/www.2euros.org\/wp-content\/uploads\/2019\/02\/lituanie0-200x9.jpg 200w, https:\/\/www.2euros.org\/wp-content\/uploads\/2019\/02\/lituanie0-150x7.jpg 150w\" sizes=\"auto, (max-width: 250px) 100vw, 250px\" \/><\/td><\/tr><tr><td><strong>Rarity:<\/strong><\/td><td><img decoding=\"async\" src=\"https:\/\/www.2euros.org\/images\/euro.png\"\/><img decoding=\"async\" src=\"https:\/\/www.2euros.org\/images\/euro.png\"\/><img decoding=\"async\" src=\"https:\/\/www.2euros.org\/images\/euro.png\"\/><img decoding=\"async\" src=\"https:\/\/www.2euros.org\/images\/euro.png\"\/><img decoding=\"async\" src=\"https:\/\/www.2euros.org\/images\/euro2.png\"\/><img decoding=\"async\" src=\"https:\/\/www.2euros.org\/images\/euro2.png\"\/><img decoding=\"async\" src=\"https:\/\/www.2euros.org\/images\/euro2.png\"\/><img decoding=\"async\" src=\"https:\/\/www.2euros.org\/images\/euro2.png\"\/><img decoding=\"async\" src=\"https:\/\/www.2euros.org\/images\/euro2.png\"\/><img decoding=\"async\" src=\"https:\/\/www.2euros.org\/images\/euro2.png\"\/><\/td><\/tr><tr><td><strong>Official Journal:<\/strong><\/td><td><a href=\"https:\/\/eur-lex.europa.eu\/legal-content\/FR\/TXT\/?uri=CELEX%3AC2022%2F484%2F24&amp;qid=1684346325264\" target=\"_blank\" rel=\"noreferrer noopener\"><\/a><a href=\"https:\/\/eur-lex.europa.eu\/\" target=\"_blank\" rel=\"noreferrer noopener\">To be defined on EUR-Lex<\/a><\/td><\/tr><tr><td><strong>My Collection:<\/strong><\/td><td>[cbxwpbookmarkbtn]<\/td><\/tr><\/tbody><\/table><\/figure>\n\n<p>Do you want to know the technical specifications of this coin? Feel free to visit the page dedicated to the <a href=\"https:\/\/www.2euros.org\/en\/numismatics\/characteristics-of-a-2-euro-coin\/\" target=\"_blank\" rel=\"noreferrer noopener\">specifications of a 2-euro coin<\/a>.&#13;\n<\/p>\n\n<p><\/p>\n","protected":false},"excerpt":{"rendered":"<div class=\"mh-excerpt\"><p>Introduction In 2028, Slovakia will issue a \u20ac2 commemorative coin to celebrate the 80th anniversary of the L\u00fa\u010dnica Artistic Ensemble. This folk ensemble was founded in 1948 and is renowned for its central role in <a class=\"mh-excerpt-more\" href=\"https:\/\/www.2euros.org\/en\/2-euro-commemorative-slovakia\/2028-slovaquie-80e-anniversaire-de-lensemble-artistique-lucnica\/\" title=\"2028 &#8211; Slovakia &#8211; 80th anniversary of the L\u00fa\u010dnica Artistic Ensemble\">[&#8230;]<\/a><\/p>\n                <div class=\"ccm-buttons ccm-buttons-small\"\n                     data-post-id=\"25271\"\n                     data-state='{&quot;be&quot;:0,&quot;bu&quot;:0,&quot;unc&quot;:0,&quot;circulation&quot;:0}'\n                     data-not-logged=\"true\">\n                    <span class=\"ccm-label\">My collection<\/span>\n                    <button class=\"coin-btn\" data-type=\"be\">Proof<\/button>\n                    <button class=\"coin-btn\" data-type=\"bu\">BU<\/button>\n                    <button class=\"coin-btn\" data-type=\"unc\">UNC<\/button>\n                    <button class=\"coin-btn\" data-type=\"circulation\">Circulated<\/button>\n                    <span class=\"ccm-separator\"> - <\/span>\n                    <button class=\"no-coin-btn\" data-type=\"none\">I don&#039;t have this coin<\/button>\n                <\/div>\n                <p class=\"ccm-login-message\">Veuillez vous inscrire pour pouvoir g\u00e9rer votre collection<\/p><\/div>","protected":false},"author":1,"featured_media":14232,"comment_status":"open","ping_status":"open","sticky":false,"template":"","format":"standard","meta":{"footnotes":""},"categories":[2323,1204],"tags":[1207,2344,1210,1212,1494],"class_list":["post-25271","post","type-post","status-publish","format-standard","has-post-thumbnail","hentry","category-2-euro-commemorative-2028","category-2-euro-commemorative-slovakia","tag-2-en","tag-2344","tag-commemorative-en","tag-euros-en","tag-slovakia"],"yoast_head":"<!-- This site is optimized with the Yoast SEO plugin v27.4 - https:\/\/yoast.com\/product\/yoast-seo-wordpress\/ -->\n<title>80th Anniversary of the L\u00fa\u010dnica Artistic Ensemble - Slovakia 2028 &#8226; 2Euros.org<\/title>\n<meta name=\"description\" content=\"La pi\u00e8ce comm\u00e9morative c\u00e9l\u00e8bre le 80e anniversaire de l\u2019Ensemble artistique L\u00fa\u010dnica et a \u00e9t\u00e9 \u00e9mise par la Slovaquie en 2028.\" \/>\n<meta name=\"robots\" content=\"index, follow, max-snippet:-1, max-image-preview:large, max-video-preview:-1\" \/>\n<link rel=\"canonical\" href=\"https:\/\/www.2euros.org\/en\/2-euro-commemorative-slovakia\/2028-slovaquie-80e-anniversaire-de-lensemble-artistique-lucnica\/\" \/>\n<meta property=\"og:locale\" content=\"en_US\" \/>\n<meta property=\"og:type\" content=\"article\" \/>\n<meta property=\"og:title\" content=\"80th Anniversary of the L\u00fa\u010dnica Artistic Ensemble - Slovakia 2028 &#8226; 2Euros.org\" \/>\n<meta property=\"og:description\" content=\"La pi\u00e8ce comm\u00e9morative c\u00e9l\u00e8bre le 80e anniversaire de l\u2019Ensemble artistique L\u00fa\u010dnica et a \u00e9t\u00e9 \u00e9mise par la Slovaquie en 2028.\" \/>\n<meta property=\"og:url\" content=\"https:\/\/www.2euros.org\/en\/2-euro-commemorative-slovakia\/2028-slovaquie-80e-anniversaire-de-lensemble-artistique-lucnica\/\" \/>\n<meta property=\"og:site_name\" content=\"2Euros.org\" \/>\n<meta property=\"article:publisher\" content=\"https:\/\/www.facebook.com\/groups\/133974904458606\" \/>\n<meta property=\"article:published_time\" content=\"2026-01-08T18:50:07+00:00\" \/>\n<meta property=\"article:modified_time\" content=\"2026-01-08T19:22:13+00:00\" \/>\n<meta property=\"og:image\" content=\"https:\/\/www.2euros.org\/wp-content\/uploads\/2019\/03\/blancgm-0d9.jpg\" \/>\n\t<meta property=\"og:image:width\" content=\"400\" \/>\n\t<meta property=\"og:image:height\" content=\"400\" \/>\n\t<meta property=\"og:image:type\" content=\"image\/jpeg\" \/>\n<meta name=\"author\" content=\"Pierre D\" \/>\n<meta name=\"twitter:card\" content=\"summary_large_image\" \/>\n<meta name=\"twitter:label1\" content=\"Written by\" \/>\n\t<meta name=\"twitter:data1\" content=\"Pierre D\" \/>\n\t<meta name=\"twitter:label2\" content=\"Est. reading time\" \/>\n\t<meta name=\"twitter:data2\" content=\"15 minutes\" \/>\n<script type=\"application\/ld+json\" class=\"yoast-schema-graph\">{\"@context\":\"https:\\\/\\\/schema.org\",\"@graph\":[{\"@type\":\"Article\",\"@id\":\"https:\\\/\\\/www.2euros.org\\\/en\\\/2-euro-commemorative-slovakia\\\/2028-slovaquie-80e-anniversaire-de-lensemble-artistique-lucnica\\\/#article\",\"isPartOf\":{\"@id\":\"https:\\\/\\\/www.2euros.org\\\/en\\\/2-euro-commemorative-slovakia\\\/2028-slovaquie-80e-anniversaire-de-lensemble-artistique-lucnica\\\/\"},\"author\":{\"name\":\"Pierre D\",\"@id\":\"https:\\\/\\\/www.2euros.org\\\/en\\\/#\\\/schema\\\/person\\\/12e34ec3242fa163c51adacbcd7b2ebd\"},\"headline\":\"2028 &#8211; Slovakia &#8211; 80th anniversary of the L\u00fa\u010dnica Artistic Ensemble\",\"datePublished\":\"2026-01-08T18:50:07+00:00\",\"dateModified\":\"2026-01-08T19:22:13+00:00\",\"mainEntityOfPage\":{\"@id\":\"https:\\\/\\\/www.2euros.org\\\/en\\\/2-euro-commemorative-slovakia\\\/2028-slovaquie-80e-anniversaire-de-lensemble-artistique-lucnica\\\/\"},\"wordCount\":448,\"commentCount\":0,\"publisher\":{\"@id\":\"https:\\\/\\\/www.2euros.org\\\/en\\\/#organization\"},\"image\":{\"@id\":\"https:\\\/\\\/www.2euros.org\\\/en\\\/2-euro-commemorative-slovakia\\\/2028-slovaquie-80e-anniversaire-de-lensemble-artistique-lucnica\\\/#primaryimage\"},\"thumbnailUrl\":\"https:\\\/\\\/www.2euros.org\\\/wp-content\\\/uploads\\\/2019\\\/03\\\/blancgm-0d9.jpg\",\"keywords\":[\"2\",\"2028\",\"comm\u00e9morative\",\"euros\",\"Slovakia\"],\"articleSection\":[\"2028\",\"Slovakia\"],\"inLanguage\":\"en-US\",\"potentialAction\":[{\"@type\":\"CommentAction\",\"name\":\"Comment\",\"target\":[\"https:\\\/\\\/www.2euros.org\\\/en\\\/2-euro-commemorative-slovakia\\\/2028-slovaquie-80e-anniversaire-de-lensemble-artistique-lucnica\\\/#respond\"]}]},{\"@type\":\"WebPage\",\"@id\":\"https:\\\/\\\/www.2euros.org\\\/en\\\/2-euro-commemorative-slovakia\\\/2028-slovaquie-80e-anniversaire-de-lensemble-artistique-lucnica\\\/\",\"url\":\"https:\\\/\\\/www.2euros.org\\\/en\\\/2-euro-commemorative-slovakia\\\/2028-slovaquie-80e-anniversaire-de-lensemble-artistique-lucnica\\\/\",\"name\":\"80th Anniversary of the L\u00fa\u010dnica Artistic Ensemble - Slovakia 2028 &#8226; 2Euros.org\",\"isPartOf\":{\"@id\":\"https:\\\/\\\/www.2euros.org\\\/en\\\/#website\"},\"primaryImageOfPage\":{\"@id\":\"https:\\\/\\\/www.2euros.org\\\/en\\\/2-euro-commemorative-slovakia\\\/2028-slovaquie-80e-anniversaire-de-lensemble-artistique-lucnica\\\/#primaryimage\"},\"image\":{\"@id\":\"https:\\\/\\\/www.2euros.org\\\/en\\\/2-euro-commemorative-slovakia\\\/2028-slovaquie-80e-anniversaire-de-lensemble-artistique-lucnica\\\/#primaryimage\"},\"thumbnailUrl\":\"https:\\\/\\\/www.2euros.org\\\/wp-content\\\/uploads\\\/2019\\\/03\\\/blancgm-0d9.jpg\",\"datePublished\":\"2026-01-08T18:50:07+00:00\",\"dateModified\":\"2026-01-08T19:22:13+00:00\",\"description\":\"La pi\u00e8ce comm\u00e9morative c\u00e9l\u00e8bre le 80e anniversaire de l\u2019Ensemble artistique L\u00fa\u010dnica et a \u00e9t\u00e9 \u00e9mise par la Slovaquie en 2028.\",\"breadcrumb\":{\"@id\":\"https:\\\/\\\/www.2euros.org\\\/en\\\/2-euro-commemorative-slovakia\\\/2028-slovaquie-80e-anniversaire-de-lensemble-artistique-lucnica\\\/#breadcrumb\"},\"inLanguage\":\"en-US\",\"potentialAction\":[{\"@type\":\"ReadAction\",\"target\":[\"https:\\\/\\\/www.2euros.org\\\/en\\\/2-euro-commemorative-slovakia\\\/2028-slovaquie-80e-anniversaire-de-lensemble-artistique-lucnica\\\/\"]}]},{\"@type\":\"ImageObject\",\"inLanguage\":\"en-US\",\"@id\":\"https:\\\/\\\/www.2euros.org\\\/en\\\/2-euro-commemorative-slovakia\\\/2028-slovaquie-80e-anniversaire-de-lensemble-artistique-lucnica\\\/#primaryimage\",\"url\":\"https:\\\/\\\/www.2euros.org\\\/wp-content\\\/uploads\\\/2019\\\/03\\\/blancgm-0d9.jpg\",\"contentUrl\":\"https:\\\/\\\/www.2euros.org\\\/wp-content\\\/uploads\\\/2019\\\/03\\\/blancgm-0d9.jpg\",\"width\":400,\"height\":400},{\"@type\":\"BreadcrumbList\",\"@id\":\"https:\\\/\\\/www.2euros.org\\\/en\\\/2-euro-commemorative-slovakia\\\/2028-slovaquie-80e-anniversaire-de-lensemble-artistique-lucnica\\\/#breadcrumb\",\"itemListElement\":[{\"@type\":\"ListItem\",\"position\":1,\"name\":\"Home\",\"item\":\"https:\\\/\\\/www.2euros.org\\\/en\\\/\"},{\"@type\":\"ListItem\",\"position\":2,\"name\":\"Slovakia\",\"item\":\"https:\\\/\\\/www.2euros.org\\\/en\\\/category\\\/2-euro-commemorative-slovakia\\\/\"},{\"@type\":\"ListItem\",\"position\":3,\"name\":\"2028 &#8211; Slovakia &#8211; 80th anniversary of the L\u00fa\u010dnica Artistic Ensemble\"}]},{\"@type\":\"WebSite\",\"@id\":\"https:\\\/\\\/www.2euros.org\\\/en\\\/#website\",\"url\":\"https:\\\/\\\/www.2euros.org\\\/en\\\/\",\"name\":\"2Euros.org\",\"description\":\"Site de r\u00e9f\u00e9rence des pi\u00e8ces comm\u00e9moratives de 2 euros\",\"publisher\":{\"@id\":\"https:\\\/\\\/www.2euros.org\\\/en\\\/#organization\"},\"potentialAction\":[{\"@type\":\"SearchAction\",\"target\":{\"@type\":\"EntryPoint\",\"urlTemplate\":\"https:\\\/\\\/www.2euros.org\\\/en\\\/?s={search_term_string}\"},\"query-input\":{\"@type\":\"PropertyValueSpecification\",\"valueRequired\":true,\"valueName\":\"search_term_string\"}}],\"inLanguage\":\"en-US\"},{\"@type\":\"Organization\",\"@id\":\"https:\\\/\\\/www.2euros.org\\\/en\\\/#organization\",\"name\":\"Ce site a pour but de r\u00e9f\u00e9rencer toutes les pi\u00e8ces de 2euros comm\u00e9moratives. Elles seront r\u00e9f\u00e9renc\u00e9es par ann\u00e9e et par pays. Pour chaque pi\u00e8ce, vous trouverez un descriptif d\u00e9taill\u00e9, son estimation, le d\u00e9tail de ses caract\u00e9ristiques, l'\u00e9mission, etc...\",\"alternateName\":\"2Euros.org!\",\"url\":\"https:\\\/\\\/www.2euros.org\\\/en\\\/\",\"logo\":{\"@type\":\"ImageObject\",\"inLanguage\":\"en-US\",\"@id\":\"https:\\\/\\\/www.2euros.org\\\/en\\\/#\\\/schema\\\/logo\\\/image\\\/\",\"url\":\"https:\\\/\\\/www.2euros.org\\\/wp-content\\\/uploads\\\/2023\\\/11\\\/cropped-logo2euros200px.png\",\"contentUrl\":\"https:\\\/\\\/www.2euros.org\\\/wp-content\\\/uploads\\\/2023\\\/11\\\/cropped-logo2euros200px.png\",\"width\":200,\"height\":200,\"caption\":\"Ce site a pour but de r\u00e9f\u00e9rencer toutes les pi\u00e8ces de 2euros comm\u00e9moratives. Elles seront r\u00e9f\u00e9renc\u00e9es par ann\u00e9e et par pays. Pour chaque pi\u00e8ce, vous trouverez un descriptif d\u00e9taill\u00e9, son estimation, le d\u00e9tail de ses caract\u00e9ristiques, l'\u00e9mission, etc...\"},\"image\":{\"@id\":\"https:\\\/\\\/www.2euros.org\\\/en\\\/#\\\/schema\\\/logo\\\/image\\\/\"},\"sameAs\":[\"https:\\\/\\\/www.facebook.com\\\/groups\\\/133974904458606\"]},{\"@type\":\"Person\",\"@id\":\"https:\\\/\\\/www.2euros.org\\\/en\\\/#\\\/schema\\\/person\\\/12e34ec3242fa163c51adacbcd7b2ebd\",\"name\":\"Pierre D\",\"image\":{\"@type\":\"ImageObject\",\"inLanguage\":\"en-US\",\"@id\":\"https:\\\/\\\/www.2euros.org\\\/wp-content\\\/uploads\\\/wp-user-manager-uploads\\\/2025\\\/12\\\/462084061_10231332749754304_5952221512921178099_n.jpg\",\"url\":\"https:\\\/\\\/www.2euros.org\\\/wp-content\\\/uploads\\\/wp-user-manager-uploads\\\/2025\\\/12\\\/462084061_10231332749754304_5952221512921178099_n.jpg\",\"contentUrl\":\"https:\\\/\\\/www.2euros.org\\\/wp-content\\\/uploads\\\/wp-user-manager-uploads\\\/2025\\\/12\\\/462084061_10231332749754304_5952221512921178099_n.jpg\",\"caption\":\"Pierre D\"},\"description\":\"Webmaster de 2euros.org\",\"sameAs\":[\"https:\\\/\\\/www.2euros.org\\\/\"]}]}<\/script>\n<!-- \/ Yoast SEO plugin. -->","yoast_head_json":{"title":"80th Anniversary of the L\u00fa\u010dnica Artistic Ensemble - Slovakia 2028 &#8226; 2Euros.org","description":"La pi\u00e8ce comm\u00e9morative c\u00e9l\u00e8bre le 80e anniversaire de l\u2019Ensemble artistique L\u00fa\u010dnica et a \u00e9t\u00e9 \u00e9mise par la Slovaquie en 2028.","robots":{"index":"index","follow":"follow","max-snippet":"max-snippet:-1","max-image-preview":"max-image-preview:large","max-video-preview":"max-video-preview:-1"},"canonical":"https:\/\/www.2euros.org\/en\/2-euro-commemorative-slovakia\/2028-slovaquie-80e-anniversaire-de-lensemble-artistique-lucnica\/","og_locale":"en_US","og_type":"article","og_title":"80th Anniversary of the L\u00fa\u010dnica Artistic Ensemble - Slovakia 2028 &#8226; 2Euros.org","og_description":"La pi\u00e8ce comm\u00e9morative c\u00e9l\u00e8bre le 80e anniversaire de l\u2019Ensemble artistique L\u00fa\u010dnica et a \u00e9t\u00e9 \u00e9mise par la Slovaquie en 2028.","og_url":"https:\/\/www.2euros.org\/en\/2-euro-commemorative-slovakia\/2028-slovaquie-80e-anniversaire-de-lensemble-artistique-lucnica\/","og_site_name":"2Euros.org","article_publisher":"https:\/\/www.facebook.com\/groups\/133974904458606","article_published_time":"2026-01-08T18:50:07+00:00","article_modified_time":"2026-01-08T19:22:13+00:00","og_image":[{"width":400,"height":400,"url":"https:\/\/www.2euros.org\/wp-content\/uploads\/2019\/03\/blancgm-0d9.jpg","type":"image\/jpeg"}],"author":"Pierre D","twitter_card":"summary_large_image","twitter_misc":{"Written by":"Pierre D","Est. reading time":"15 minutes"},"schema":{"@context":"https:\/\/schema.org","@graph":[{"@type":"Article","@id":"https:\/\/www.2euros.org\/en\/2-euro-commemorative-slovakia\/2028-slovaquie-80e-anniversaire-de-lensemble-artistique-lucnica\/#article","isPartOf":{"@id":"https:\/\/www.2euros.org\/en\/2-euro-commemorative-slovakia\/2028-slovaquie-80e-anniversaire-de-lensemble-artistique-lucnica\/"},"author":{"name":"Pierre D","@id":"https:\/\/www.2euros.org\/en\/#\/schema\/person\/12e34ec3242fa163c51adacbcd7b2ebd"},"headline":"2028 &#8211; Slovakia &#8211; 80th anniversary of the L\u00fa\u010dnica Artistic Ensemble","datePublished":"2026-01-08T18:50:07+00:00","dateModified":"2026-01-08T19:22:13+00:00","mainEntityOfPage":{"@id":"https:\/\/www.2euros.org\/en\/2-euro-commemorative-slovakia\/2028-slovaquie-80e-anniversaire-de-lensemble-artistique-lucnica\/"},"wordCount":448,"commentCount":0,"publisher":{"@id":"https:\/\/www.2euros.org\/en\/#organization"},"image":{"@id":"https:\/\/www.2euros.org\/en\/2-euro-commemorative-slovakia\/2028-slovaquie-80e-anniversaire-de-lensemble-artistique-lucnica\/#primaryimage"},"thumbnailUrl":"https:\/\/www.2euros.org\/wp-content\/uploads\/2019\/03\/blancgm-0d9.jpg","keywords":["2","2028","comm\u00e9morative","euros","Slovakia"],"articleSection":["2028","Slovakia"],"inLanguage":"en-US","potentialAction":[{"@type":"CommentAction","name":"Comment","target":["https:\/\/www.2euros.org\/en\/2-euro-commemorative-slovakia\/2028-slovaquie-80e-anniversaire-de-lensemble-artistique-lucnica\/#respond"]}]},{"@type":"WebPage","@id":"https:\/\/www.2euros.org\/en\/2-euro-commemorative-slovakia\/2028-slovaquie-80e-anniversaire-de-lensemble-artistique-lucnica\/","url":"https:\/\/www.2euros.org\/en\/2-euro-commemorative-slovakia\/2028-slovaquie-80e-anniversaire-de-lensemble-artistique-lucnica\/","name":"80th Anniversary of the L\u00fa\u010dnica Artistic Ensemble - Slovakia 2028 &#8226; 2Euros.org","isPartOf":{"@id":"https:\/\/www.2euros.org\/en\/#website"},"primaryImageOfPage":{"@id":"https:\/\/www.2euros.org\/en\/2-euro-commemorative-slovakia\/2028-slovaquie-80e-anniversaire-de-lensemble-artistique-lucnica\/#primaryimage"},"image":{"@id":"https:\/\/www.2euros.org\/en\/2-euro-commemorative-slovakia\/2028-slovaquie-80e-anniversaire-de-lensemble-artistique-lucnica\/#primaryimage"},"thumbnailUrl":"https:\/\/www.2euros.org\/wp-content\/uploads\/2019\/03\/blancgm-0d9.jpg","datePublished":"2026-01-08T18:50:07+00:00","dateModified":"2026-01-08T19:22:13+00:00","description":"La pi\u00e8ce comm\u00e9morative c\u00e9l\u00e8bre le 80e anniversaire de l\u2019Ensemble artistique L\u00fa\u010dnica et a \u00e9t\u00e9 \u00e9mise par la Slovaquie en 2028.","breadcrumb":{"@id":"https:\/\/www.2euros.org\/en\/2-euro-commemorative-slovakia\/2028-slovaquie-80e-anniversaire-de-lensemble-artistique-lucnica\/#breadcrumb"},"inLanguage":"en-US","potentialAction":[{"@type":"ReadAction","target":["https:\/\/www.2euros.org\/en\/2-euro-commemorative-slovakia\/2028-slovaquie-80e-anniversaire-de-lensemble-artistique-lucnica\/"]}]},{"@type":"ImageObject","inLanguage":"en-US","@id":"https:\/\/www.2euros.org\/en\/2-euro-commemorative-slovakia\/2028-slovaquie-80e-anniversaire-de-lensemble-artistique-lucnica\/#primaryimage","url":"https:\/\/www.2euros.org\/wp-content\/uploads\/2019\/03\/blancgm-0d9.jpg","contentUrl":"https:\/\/www.2euros.org\/wp-content\/uploads\/2019\/03\/blancgm-0d9.jpg","width":400,"height":400},{"@type":"BreadcrumbList","@id":"https:\/\/www.2euros.org\/en\/2-euro-commemorative-slovakia\/2028-slovaquie-80e-anniversaire-de-lensemble-artistique-lucnica\/#breadcrumb","itemListElement":[{"@type":"ListItem","position":1,"name":"Home","item":"https:\/\/www.2euros.org\/en\/"},{"@type":"ListItem","position":2,"name":"Slovakia","item":"https:\/\/www.2euros.org\/en\/category\/2-euro-commemorative-slovakia\/"},{"@type":"ListItem","position":3,"name":"2028 &#8211; Slovakia &#8211; 80th anniversary of the L\u00fa\u010dnica Artistic Ensemble"}]},{"@type":"WebSite","@id":"https:\/\/www.2euros.org\/en\/#website","url":"https:\/\/www.2euros.org\/en\/","name":"2Euros.org","description":"Site de r\u00e9f\u00e9rence des pi\u00e8ces comm\u00e9moratives de 2 euros","publisher":{"@id":"https:\/\/www.2euros.org\/en\/#organization"},"potentialAction":[{"@type":"SearchAction","target":{"@type":"EntryPoint","urlTemplate":"https:\/\/www.2euros.org\/en\/?s={search_term_string}"},"query-input":{"@type":"PropertyValueSpecification","valueRequired":true,"valueName":"search_term_string"}}],"inLanguage":"en-US"},{"@type":"Organization","@id":"https:\/\/www.2euros.org\/en\/#organization","name":"Ce site a pour but de r\u00e9f\u00e9rencer toutes les pi\u00e8ces de 2euros comm\u00e9moratives. Elles seront r\u00e9f\u00e9renc\u00e9es par ann\u00e9e et par pays. Pour chaque pi\u00e8ce, vous trouverez un descriptif d\u00e9taill\u00e9, son estimation, le d\u00e9tail de ses caract\u00e9ristiques, l'\u00e9mission, etc...","alternateName":"2Euros.org!","url":"https:\/\/www.2euros.org\/en\/","logo":{"@type":"ImageObject","inLanguage":"en-US","@id":"https:\/\/www.2euros.org\/en\/#\/schema\/logo\/image\/","url":"https:\/\/www.2euros.org\/wp-content\/uploads\/2023\/11\/cropped-logo2euros200px.png","contentUrl":"https:\/\/www.2euros.org\/wp-content\/uploads\/2023\/11\/cropped-logo2euros200px.png","width":200,"height":200,"caption":"Ce site a pour but de r\u00e9f\u00e9rencer toutes les pi\u00e8ces de 2euros comm\u00e9moratives. Elles seront r\u00e9f\u00e9renc\u00e9es par ann\u00e9e et par pays. Pour chaque pi\u00e8ce, vous trouverez un descriptif d\u00e9taill\u00e9, son estimation, le d\u00e9tail de ses caract\u00e9ristiques, l'\u00e9mission, etc..."},"image":{"@id":"https:\/\/www.2euros.org\/en\/#\/schema\/logo\/image\/"},"sameAs":["https:\/\/www.facebook.com\/groups\/133974904458606"]},{"@type":"Person","@id":"https:\/\/www.2euros.org\/en\/#\/schema\/person\/12e34ec3242fa163c51adacbcd7b2ebd","name":"Pierre D","image":{"@type":"ImageObject","inLanguage":"en-US","@id":"https:\/\/www.2euros.org\/wp-content\/uploads\/wp-user-manager-uploads\/2025\/12\/462084061_10231332749754304_5952221512921178099_n.jpg","url":"https:\/\/www.2euros.org\/wp-content\/uploads\/wp-user-manager-uploads\/2025\/12\/462084061_10231332749754304_5952221512921178099_n.jpg","contentUrl":"https:\/\/www.2euros.org\/wp-content\/uploads\/wp-user-manager-uploads\/2025\/12\/462084061_10231332749754304_5952221512921178099_n.jpg","caption":"Pierre D"},"description":"Webmaster de 2euros.org","sameAs":["https:\/\/www.2euros.org\/"]}]}},"_links":{"self":[{"href":"https:\/\/www.2euros.org\/en\/wp-json\/wp\/v2\/posts\/25271","targetHints":{"allow":["GET"]}}],"collection":[{"href":"https:\/\/www.2euros.org\/en\/wp-json\/wp\/v2\/posts"}],"about":[{"href":"https:\/\/www.2euros.org\/en\/wp-json\/wp\/v2\/types\/post"}],"author":[{"embeddable":true,"href":"https:\/\/www.2euros.org\/en\/wp-json\/wp\/v2\/users\/1"}],"replies":[{"embeddable":true,"href":"https:\/\/www.2euros.org\/en\/wp-json\/wp\/v2\/comments?post=25271"}],"version-history":[{"count":12,"href":"https:\/\/www.2euros.org\/en\/wp-json\/wp\/v2\/posts\/25271\/revisions"}],"predecessor-version":[{"id":25287,"href":"https:\/\/www.2euros.org\/en\/wp-json\/wp\/v2\/posts\/25271\/revisions\/25287"}],"wp:featuredmedia":[{"embeddable":true,"href":"https:\/\/www.2euros.org\/en\/wp-json\/wp\/v2\/media\/14232"}],"wp:attachment":[{"href":"https:\/\/www.2euros.org\/en\/wp-json\/wp\/v2\/media?parent=25271"}],"wp:term":[{"taxonomy":"category","embeddable":true,"href":"https:\/\/www.2euros.org\/en\/wp-json\/wp\/v2\/categories?post=25271"},{"taxonomy":"post_tag","embeddable":true,"href":"https:\/\/www.2euros.org\/en\/wp-json\/wp\/v2\/tags?post=25271"}],"curies":[{"name":"wp","href":"https:\/\/api.w.org\/{rel}","templated":true}]}}