{"id":21615,"date":"2025-07-15T15:55:42","date_gmt":"2025-07-15T13:55:42","guid":{"rendered":"https:\/\/www.2euros.org\/?p=21615"},"modified":"2026-04-29T00:10:22","modified_gmt":"2026-04-28T22:10:22","slug":"2026-san-marino-450th-anniversary-of-the-death-of-titian","status":"publish","type":"post","link":"https:\/\/www.2euros.org\/en\/2-euro-commemorative-2026\/2026-san-marino-450th-anniversary-of-the-death-of-titian\/","title":{"rendered":"2026 &#8211; San Marino &#8211; 450th anniversary of Titian&#8217;s death"},"content":{"rendered":"\n<h2 class=\"wp-block-heading\">Introduction<\/h2>\n\n<p>In 2026, the Republic of San Marino will issue a \u20ac2 commemorative coin to mark the 450th anniversary of the death of Tiziano Vecellio, better known as Titian. Titian, who died in 1576, is one of the most celebrated painters of the Italian Renaissance. With this coin, San Marino pays tribute to his artistic genius and his pivotal contribution to the history of European art. The coin thus underscores the importance of preserving and celebrating shared cultural heritage.   <\/p>\n\n<h2 class=\"wp-block-heading\">Coin Description<\/h2>\n\n<p>The obverse of the coin depicts an allegory inspired by one of the frescoes or celestial compositions characteristic of Titian&#8217;s style. In the center, a draped female figure, seated on a cloud, occupies the main space. She holds a long strip of fabric or a scroll, perhaps a symbol of knowledge or art. Her face, turned to the right, expresses concentration, serenity, and grace. As such, this representation embodies the spiritual elevation often associated with the painter&#8217;s works.    <\/p>\n\n<p>The background features soft, dynamic shapes that enhance the sense of movement and lightness. Around the scene are the inscriptions &#8220;<strong>TIZIANO<\/strong>&#8221; on the left, &#8220;<strong>SAN MARINO<\/strong>&#8221; at the top, and &#8220;<strong>1576 \u2022 2026<\/strong>&#8221; on the right, indicating the artist&#8217;s death date and the year of issue. The letter &#8220;<strong>R<\/strong>,&#8221; marking the Rome mint, appears discreetly to the right of the composition. Furthermore, the initials &#8220;<strong>SL<\/strong>,&#8221; likely those of the engraver, appear at the bottom. The outer border is adorned with the twelve stars of the European Union, signifying San Marino&#8217;s integration into the European numismatic program.    <\/p>\n\n<h2 class=\"wp-block-heading\">Conclusion<\/h2>\n\n<p>En r\u00e9sum\u00e9, la pi\u00e8ce de 2 euros \u00e9mise en 2026 par Saint-Marin rend hommage \u00e0 Titien, 450 ans apr\u00e8s sa mort. Elle c\u00e9l\u00e8bre un ma\u00eetre incontest\u00e9 de la peinture de la Renaissance. Par cons\u00e9quent, l\u2019\u00e9mission met en lumi\u00e8re son influence durable dans l\u2019histoire de l\u2019art occidental. De plus, l\u2019\u00e9l\u00e9gance de la repr\u00e9sentation choisie refl\u00e8te la profondeur esth\u00e9tique et symbolique de son \u0153uvre. En outre, la pi\u00e8ce illustre l\u2019engagement de Saint-Marin \u00e0 valoriser les figures majeures du patrimoine artistique europ\u00e9en. Finalement, cette pi\u00e8ce comm\u00e9morative offre un t\u00e9moignage numismatique raffin\u00e9 de l\u2019h\u00e9ritage du Titien.     <\/p>\n\n<figure class=\"wp-block-table is-style-stripes\"><table><tbody><tr><td><strong>Issuing Country:<\/strong><\/td><td><img loading=\"lazy\" decoding=\"async\" width=\"32\" height=\"21\" class=\"wp-image-1905\" style=\"width: 32px\" src=\"https:\/\/www.2euros.org\/wp-content\/uploads\/2022\/08\/saintmarin-bd4.png\" alt=\"\" srcset=\"https:\/\/www.2euros.org\/wp-content\/uploads\/2022\/08\/saintmarin-bd4.png 32w, https:\/\/www.2euros.org\/wp-content\/uploads\/2022\/08\/saintmarin-bd4-24x16.png 24w\" sizes=\"auto, (max-width: 32px) 100vw, 32px\" \/><\/td><\/tr><tr><td><strong>Issue Date:<\/strong><\/td><td>2026<\/td><\/tr><tr><td><strong>Total Mintage:<\/strong><\/td><td>59.000<\/td><\/tr><tr><td>including Proof:<\/td><td>  7.000<\/td><\/tr><tr><td>including BU:<\/td><td>  52.000<\/td><\/tr><tr><td>including UNC:<\/td><td>  0<\/td><\/tr><tr><td><strong>Engraver:<\/strong><\/td><td>&#8211;<\/td><\/tr><tr><td><strong>Edge:<\/strong><\/td><td><img decoding=\"async\" src=\"https:\/\/www.2euros.org\/wp-content\/uploads\/2004\/12\/italie1.jpg\" alt=\"\" \/><\/td><\/tr><tr><td><strong>Rarity:<\/strong><\/td><td><img decoding=\"async\" src=\"https:\/\/www.2euros.org\/images\/euro.png\" \/><img decoding=\"async\" src=\"https:\/\/www.2euros.org\/images\/euro.png\" \/><img decoding=\"async\" src=\"https:\/\/www.2euros.org\/images\/euro.png\" \/><img decoding=\"async\" src=\"https:\/\/www.2euros.org\/images\/euro2.png\" \/><img decoding=\"async\" src=\"https:\/\/www.2euros.org\/images\/euro2.png\" \/><img decoding=\"async\" src=\"https:\/\/www.2euros.org\/images\/euro2.png\" \/><img decoding=\"async\" src=\"https:\/\/www.2euros.org\/images\/euro2.png\" \/><img decoding=\"async\" src=\"https:\/\/www.2euros.org\/images\/euro2.png\" \/><img decoding=\"async\" src=\"https:\/\/www.2euros.org\/images\/euro2.png\" \/><img decoding=\"async\" src=\"https:\/\/www.2euros.org\/images\/euro2.png\" \/><\/td><\/tr><tr><td><strong>Official Journal:<\/strong><\/td><td><a href=\"https:\/\/eur-lex.europa.eu\/legal-content\/FR\/TXT\/?uri=CELEX%3AC2022%2F484%2F24&amp;qid=1684346325264\" target=\"_blank\" rel=\"noreferrer noopener\"><\/a><a href=\"https:\/\/eur-lex.europa.eu\/\" target=\"_blank\" rel=\"noreferrer noopener\">To be defined on EUR-Lex<\/a><\/td><\/tr><tr><td><strong>My Collection:<\/strong><\/td><td>[cbxwpbookmarkbtn]<\/td><\/tr><\/tbody><\/table><\/figure>\n\n<p>Do you want to know the technical specifications of this coin? Feel free to visit the page dedicated to the <a href=\"https:\/\/www.2euros.org\/en\/numismatics\/characteristics-of-a-2-euro-coin\/\" target=\"_blank\" rel=\"noreferrer noopener\">specifications of a 2-euro coin<\/a>.&#13;\n<\/p>\n","protected":false},"excerpt":{"rendered":"<div class=\"mh-excerpt\"><p>Introduction In 2026, the Republic of San Marino will issue a \u20ac2 commemorative coin to mark the 450th anniversary of the death of Tiziano Vecellio, better known as Titian. Titian, who died in 1576, is <a class=\"mh-excerpt-more\" href=\"https:\/\/www.2euros.org\/en\/2-euro-commemorative-2026\/2026-san-marino-450th-anniversary-of-the-death-of-titian\/\" title=\"2026 &#8211; San Marino &#8211; 450th anniversary of Titian&#8217;s death\">[&#8230;]<\/a><\/p>\n                <div class=\"ccm-buttons ccm-buttons-small\"\n                     data-post-id=\"21615\"\n                     data-state='{&quot;be&quot;:0,&quot;bu&quot;:0,&quot;unc&quot;:0,&quot;circulation&quot;:0}'\n                     data-not-logged=\"true\">\n                    <span class=\"ccm-label\">My collection<\/span>\n                    <button class=\"coin-btn\" data-type=\"be\">Proof<\/button>\n                    <button class=\"coin-btn\" data-type=\"bu\">BU<\/button>\n                    <button class=\"coin-btn\" data-type=\"unc\">UNC<\/button>\n                    <button class=\"coin-btn\" data-type=\"circulation\">Circulated<\/button>\n                    <span class=\"ccm-separator\"> - <\/span>\n                    <button class=\"no-coin-btn\" data-type=\"none\">I don&#039;t have this coin<\/button>\n                <\/div>\n                <p class=\"ccm-login-message\">Veuillez vous inscrire pour pouvoir g\u00e9rer votre collection<\/p><\/div>","protected":false},"author":1,"featured_media":25228,"comment_status":"open","ping_status":"open","sticky":false,"template":"","format":"standard","meta":{"footnotes":""},"categories":[1179,1203],"tags":[1207,1465,2297,1209,1210,1212,1213,2298],"class_list":["post-21615","post","type-post","status-publish","format-standard","has-post-thumbnail","hentry","category-2-euro-commemorative-2026","category-2-euro-commemorative-san-marino","tag-2-en","tag-2026-en","tag-450th","tag-anniversaire-en","tag-commemorative-en","tag-euros-en","tag-mort-en","tag-titian"],"yoast_head":"<!-- This site is optimized with the Yoast SEO plugin v27.4 - https:\/\/yoast.com\/product\/yoast-seo-wordpress\/ -->\n<title>450th anniversary of Titian&#039;s death &#8226; San Marino 2026 &#8226; 2Euros.org<\/title>\n<meta name=\"description\" content=\"The commemorative coin celebrates the 450th anniversary of Titian&#039;s death and was issued by San Marino in 2026.\" \/>\n<meta name=\"robots\" content=\"index, follow, max-snippet:-1, max-image-preview:large, max-video-preview:-1\" \/>\n<link rel=\"canonical\" href=\"https:\/\/www.2euros.org\/en\/2-euro-commemorative-2026\/2026-san-marino-450th-anniversary-of-the-death-of-titian\/\" \/>\n<meta property=\"og:locale\" content=\"en_US\" \/>\n<meta property=\"og:type\" content=\"article\" \/>\n<meta property=\"og:title\" content=\"450th anniversary of Titian&#039;s death &#8226; San Marino 2026 &#8226; 2Euros.org\" \/>\n<meta property=\"og:description\" content=\"The commemorative coin celebrates the 450th anniversary of Titian&#039;s death and was issued by San Marino in 2026.\" \/>\n<meta property=\"og:url\" content=\"https:\/\/www.2euros.org\/en\/2-euro-commemorative-2026\/2026-san-marino-450th-anniversary-of-the-death-of-titian\/\" \/>\n<meta property=\"og:site_name\" content=\"2Euros.org\" \/>\n<meta property=\"article:publisher\" content=\"https:\/\/www.facebook.com\/groups\/133974904458606\" \/>\n<meta property=\"article:published_time\" content=\"2025-07-15T13:55:42+00:00\" \/>\n<meta property=\"article:modified_time\" content=\"2026-04-28T22:10:22+00:00\" \/>\n<meta property=\"og:image\" content=\"https:\/\/www.2euros.org\/wp-content\/uploads\/2025\/07\/2026-saintmarin2gm.webp\" \/>\n\t<meta property=\"og:image:width\" content=\"400\" \/>\n\t<meta property=\"og:image:height\" content=\"400\" \/>\n\t<meta property=\"og:image:type\" content=\"image\/webp\" \/>\n<meta name=\"author\" content=\"Pierre D\" \/>\n<meta name=\"twitter:card\" content=\"summary_large_image\" \/>\n<meta name=\"twitter:label1\" content=\"Written by\" \/>\n\t<meta name=\"twitter:data1\" content=\"Pierre D\" \/>\n\t<meta name=\"twitter:label2\" content=\"Est. reading time\" \/>\n\t<meta name=\"twitter:data2\" content=\"5 minutes\" \/>\n<script type=\"application\/ld+json\" class=\"yoast-schema-graph\">{\"@context\":\"https:\\\/\\\/schema.org\",\"@graph\":[{\"@type\":\"Article\",\"@id\":\"https:\\\/\\\/www.2euros.org\\\/en\\\/2-euro-commemorative-2026\\\/2026-san-marino-450th-anniversary-of-the-death-of-titian\\\/#article\",\"isPartOf\":{\"@id\":\"https:\\\/\\\/www.2euros.org\\\/en\\\/2-euro-commemorative-2026\\\/2026-san-marino-450th-anniversary-of-the-death-of-titian\\\/\"},\"author\":{\"name\":\"Pierre D\",\"@id\":\"https:\\\/\\\/www.2euros.org\\\/en\\\/#\\\/schema\\\/person\\\/12e34ec3242fa163c51adacbcd7b2ebd\"},\"headline\":\"2026 &#8211; San Marino &#8211; 450th anniversary of Titian&#8217;s death\",\"datePublished\":\"2025-07-15T13:55:42+00:00\",\"dateModified\":\"2026-04-28T22:10:22+00:00\",\"mainEntityOfPage\":{\"@id\":\"https:\\\/\\\/www.2euros.org\\\/en\\\/2-euro-commemorative-2026\\\/2026-san-marino-450th-anniversary-of-the-death-of-titian\\\/\"},\"wordCount\":401,\"commentCount\":0,\"publisher\":{\"@id\":\"https:\\\/\\\/www.2euros.org\\\/en\\\/#organization\"},\"image\":{\"@id\":\"https:\\\/\\\/www.2euros.org\\\/en\\\/2-euro-commemorative-2026\\\/2026-san-marino-450th-anniversary-of-the-death-of-titian\\\/#primaryimage\"},\"thumbnailUrl\":\"https:\\\/\\\/www.2euros.org\\\/wp-content\\\/uploads\\\/2025\\\/07\\\/2026-saintmarin2gm.webp\",\"keywords\":[\"2\",\"2026\",\"450th\",\"anniversaire\",\"comm\u00e9morative\",\"euros\",\"mort\",\"Titian\"],\"articleSection\":[\"2026\",\"San Marino\"],\"inLanguage\":\"en-US\",\"potentialAction\":[{\"@type\":\"CommentAction\",\"name\":\"Comment\",\"target\":[\"https:\\\/\\\/www.2euros.org\\\/en\\\/2-euro-commemorative-2026\\\/2026-san-marino-450th-anniversary-of-the-death-of-titian\\\/#respond\"]}]},{\"@type\":\"WebPage\",\"@id\":\"https:\\\/\\\/www.2euros.org\\\/en\\\/2-euro-commemorative-2026\\\/2026-san-marino-450th-anniversary-of-the-death-of-titian\\\/\",\"url\":\"https:\\\/\\\/www.2euros.org\\\/en\\\/2-euro-commemorative-2026\\\/2026-san-marino-450th-anniversary-of-the-death-of-titian\\\/\",\"name\":\"450th anniversary of Titian's death &#8226; San Marino 2026 &#8226; 2Euros.org\",\"isPartOf\":{\"@id\":\"https:\\\/\\\/www.2euros.org\\\/en\\\/#website\"},\"primaryImageOfPage\":{\"@id\":\"https:\\\/\\\/www.2euros.org\\\/en\\\/2-euro-commemorative-2026\\\/2026-san-marino-450th-anniversary-of-the-death-of-titian\\\/#primaryimage\"},\"image\":{\"@id\":\"https:\\\/\\\/www.2euros.org\\\/en\\\/2-euro-commemorative-2026\\\/2026-san-marino-450th-anniversary-of-the-death-of-titian\\\/#primaryimage\"},\"thumbnailUrl\":\"https:\\\/\\\/www.2euros.org\\\/wp-content\\\/uploads\\\/2025\\\/07\\\/2026-saintmarin2gm.webp\",\"datePublished\":\"2025-07-15T13:55:42+00:00\",\"dateModified\":\"2026-04-28T22:10:22+00:00\",\"description\":\"The commemorative coin celebrates the 450th anniversary of Titian's death and was issued by San Marino in 2026.\",\"breadcrumb\":{\"@id\":\"https:\\\/\\\/www.2euros.org\\\/en\\\/2-euro-commemorative-2026\\\/2026-san-marino-450th-anniversary-of-the-death-of-titian\\\/#breadcrumb\"},\"inLanguage\":\"en-US\",\"potentialAction\":[{\"@type\":\"ReadAction\",\"target\":[\"https:\\\/\\\/www.2euros.org\\\/en\\\/2-euro-commemorative-2026\\\/2026-san-marino-450th-anniversary-of-the-death-of-titian\\\/\"]}]},{\"@type\":\"ImageObject\",\"inLanguage\":\"en-US\",\"@id\":\"https:\\\/\\\/www.2euros.org\\\/en\\\/2-euro-commemorative-2026\\\/2026-san-marino-450th-anniversary-of-the-death-of-titian\\\/#primaryimage\",\"url\":\"https:\\\/\\\/www.2euros.org\\\/wp-content\\\/uploads\\\/2025\\\/07\\\/2026-saintmarin2gm.webp\",\"contentUrl\":\"https:\\\/\\\/www.2euros.org\\\/wp-content\\\/uploads\\\/2025\\\/07\\\/2026-saintmarin2gm.webp\",\"width\":400,\"height\":400},{\"@type\":\"BreadcrumbList\",\"@id\":\"https:\\\/\\\/www.2euros.org\\\/en\\\/2-euro-commemorative-2026\\\/2026-san-marino-450th-anniversary-of-the-death-of-titian\\\/#breadcrumb\",\"itemListElement\":[{\"@type\":\"ListItem\",\"position\":1,\"name\":\"Home\",\"item\":\"https:\\\/\\\/www.2euros.org\\\/en\\\/\"},{\"@type\":\"ListItem\",\"position\":2,\"name\":\"2026\",\"item\":\"https:\\\/\\\/www.2euros.org\\\/en\\\/category\\\/2-euro-commemorative-2026\\\/\"},{\"@type\":\"ListItem\",\"position\":3,\"name\":\"2026 &#8211; San Marino &#8211; 450th anniversary of Titian&rsquo;s death\"}]},{\"@type\":\"WebSite\",\"@id\":\"https:\\\/\\\/www.2euros.org\\\/en\\\/#website\",\"url\":\"https:\\\/\\\/www.2euros.org\\\/en\\\/\",\"name\":\"2Euros.org\",\"description\":\"Site de r\u00e9f\u00e9rence des pi\u00e8ces comm\u00e9moratives de 2 euros\",\"publisher\":{\"@id\":\"https:\\\/\\\/www.2euros.org\\\/en\\\/#organization\"},\"potentialAction\":[{\"@type\":\"SearchAction\",\"target\":{\"@type\":\"EntryPoint\",\"urlTemplate\":\"https:\\\/\\\/www.2euros.org\\\/en\\\/?s={search_term_string}\"},\"query-input\":{\"@type\":\"PropertyValueSpecification\",\"valueRequired\":true,\"valueName\":\"search_term_string\"}}],\"inLanguage\":\"en-US\"},{\"@type\":\"Organization\",\"@id\":\"https:\\\/\\\/www.2euros.org\\\/en\\\/#organization\",\"name\":\"Ce site a pour but de r\u00e9f\u00e9rencer toutes les pi\u00e8ces de 2euros comm\u00e9moratives. Elles seront r\u00e9f\u00e9renc\u00e9es par ann\u00e9e et par pays. Pour chaque pi\u00e8ce, vous trouverez un descriptif d\u00e9taill\u00e9, son estimation, le d\u00e9tail de ses caract\u00e9ristiques, l'\u00e9mission, etc...\",\"alternateName\":\"2Euros.org!\",\"url\":\"https:\\\/\\\/www.2euros.org\\\/en\\\/\",\"logo\":{\"@type\":\"ImageObject\",\"inLanguage\":\"en-US\",\"@id\":\"https:\\\/\\\/www.2euros.org\\\/en\\\/#\\\/schema\\\/logo\\\/image\\\/\",\"url\":\"https:\\\/\\\/www.2euros.org\\\/wp-content\\\/uploads\\\/2023\\\/11\\\/cropped-logo2euros200px.png\",\"contentUrl\":\"https:\\\/\\\/www.2euros.org\\\/wp-content\\\/uploads\\\/2023\\\/11\\\/cropped-logo2euros200px.png\",\"width\":200,\"height\":200,\"caption\":\"Ce site a pour but de r\u00e9f\u00e9rencer toutes les pi\u00e8ces de 2euros comm\u00e9moratives. Elles seront r\u00e9f\u00e9renc\u00e9es par ann\u00e9e et par pays. Pour chaque pi\u00e8ce, vous trouverez un descriptif d\u00e9taill\u00e9, son estimation, le d\u00e9tail de ses caract\u00e9ristiques, l'\u00e9mission, etc...\"},\"image\":{\"@id\":\"https:\\\/\\\/www.2euros.org\\\/en\\\/#\\\/schema\\\/logo\\\/image\\\/\"},\"sameAs\":[\"https:\\\/\\\/www.facebook.com\\\/groups\\\/133974904458606\"]},{\"@type\":\"Person\",\"@id\":\"https:\\\/\\\/www.2euros.org\\\/en\\\/#\\\/schema\\\/person\\\/12e34ec3242fa163c51adacbcd7b2ebd\",\"name\":\"Pierre D\",\"image\":{\"@type\":\"ImageObject\",\"inLanguage\":\"en-US\",\"@id\":\"https:\\\/\\\/www.2euros.org\\\/wp-content\\\/uploads\\\/wp-user-manager-uploads\\\/2025\\\/12\\\/462084061_10231332749754304_5952221512921178099_n.jpg\",\"url\":\"https:\\\/\\\/www.2euros.org\\\/wp-content\\\/uploads\\\/wp-user-manager-uploads\\\/2025\\\/12\\\/462084061_10231332749754304_5952221512921178099_n.jpg\",\"contentUrl\":\"https:\\\/\\\/www.2euros.org\\\/wp-content\\\/uploads\\\/wp-user-manager-uploads\\\/2025\\\/12\\\/462084061_10231332749754304_5952221512921178099_n.jpg\",\"caption\":\"Pierre D\"},\"description\":\"Webmaster de 2euros.org\",\"sameAs\":[\"https:\\\/\\\/www.2euros.org\\\/\"]}]}<\/script>\n<!-- \/ Yoast SEO plugin. -->","yoast_head_json":{"title":"450th anniversary of Titian's death &#8226; San Marino 2026 &#8226; 2Euros.org","description":"The commemorative coin celebrates the 450th anniversary of Titian's death and was issued by San Marino in 2026.","robots":{"index":"index","follow":"follow","max-snippet":"max-snippet:-1","max-image-preview":"max-image-preview:large","max-video-preview":"max-video-preview:-1"},"canonical":"https:\/\/www.2euros.org\/en\/2-euro-commemorative-2026\/2026-san-marino-450th-anniversary-of-the-death-of-titian\/","og_locale":"en_US","og_type":"article","og_title":"450th anniversary of Titian's death &#8226; San Marino 2026 &#8226; 2Euros.org","og_description":"The commemorative coin celebrates the 450th anniversary of Titian's death and was issued by San Marino in 2026.","og_url":"https:\/\/www.2euros.org\/en\/2-euro-commemorative-2026\/2026-san-marino-450th-anniversary-of-the-death-of-titian\/","og_site_name":"2Euros.org","article_publisher":"https:\/\/www.facebook.com\/groups\/133974904458606","article_published_time":"2025-07-15T13:55:42+00:00","article_modified_time":"2026-04-28T22:10:22+00:00","og_image":[{"width":400,"height":400,"url":"https:\/\/www.2euros.org\/wp-content\/uploads\/2025\/07\/2026-saintmarin2gm.webp","type":"image\/webp"}],"author":"Pierre D","twitter_card":"summary_large_image","twitter_misc":{"Written by":"Pierre D","Est. reading time":"5 minutes"},"schema":{"@context":"https:\/\/schema.org","@graph":[{"@type":"Article","@id":"https:\/\/www.2euros.org\/en\/2-euro-commemorative-2026\/2026-san-marino-450th-anniversary-of-the-death-of-titian\/#article","isPartOf":{"@id":"https:\/\/www.2euros.org\/en\/2-euro-commemorative-2026\/2026-san-marino-450th-anniversary-of-the-death-of-titian\/"},"author":{"name":"Pierre D","@id":"https:\/\/www.2euros.org\/en\/#\/schema\/person\/12e34ec3242fa163c51adacbcd7b2ebd"},"headline":"2026 &#8211; San Marino &#8211; 450th anniversary of Titian&#8217;s death","datePublished":"2025-07-15T13:55:42+00:00","dateModified":"2026-04-28T22:10:22+00:00","mainEntityOfPage":{"@id":"https:\/\/www.2euros.org\/en\/2-euro-commemorative-2026\/2026-san-marino-450th-anniversary-of-the-death-of-titian\/"},"wordCount":401,"commentCount":0,"publisher":{"@id":"https:\/\/www.2euros.org\/en\/#organization"},"image":{"@id":"https:\/\/www.2euros.org\/en\/2-euro-commemorative-2026\/2026-san-marino-450th-anniversary-of-the-death-of-titian\/#primaryimage"},"thumbnailUrl":"https:\/\/www.2euros.org\/wp-content\/uploads\/2025\/07\/2026-saintmarin2gm.webp","keywords":["2","2026","450th","anniversaire","comm\u00e9morative","euros","mort","Titian"],"articleSection":["2026","San Marino"],"inLanguage":"en-US","potentialAction":[{"@type":"CommentAction","name":"Comment","target":["https:\/\/www.2euros.org\/en\/2-euro-commemorative-2026\/2026-san-marino-450th-anniversary-of-the-death-of-titian\/#respond"]}]},{"@type":"WebPage","@id":"https:\/\/www.2euros.org\/en\/2-euro-commemorative-2026\/2026-san-marino-450th-anniversary-of-the-death-of-titian\/","url":"https:\/\/www.2euros.org\/en\/2-euro-commemorative-2026\/2026-san-marino-450th-anniversary-of-the-death-of-titian\/","name":"450th anniversary of Titian's death &#8226; San Marino 2026 &#8226; 2Euros.org","isPartOf":{"@id":"https:\/\/www.2euros.org\/en\/#website"},"primaryImageOfPage":{"@id":"https:\/\/www.2euros.org\/en\/2-euro-commemorative-2026\/2026-san-marino-450th-anniversary-of-the-death-of-titian\/#primaryimage"},"image":{"@id":"https:\/\/www.2euros.org\/en\/2-euro-commemorative-2026\/2026-san-marino-450th-anniversary-of-the-death-of-titian\/#primaryimage"},"thumbnailUrl":"https:\/\/www.2euros.org\/wp-content\/uploads\/2025\/07\/2026-saintmarin2gm.webp","datePublished":"2025-07-15T13:55:42+00:00","dateModified":"2026-04-28T22:10:22+00:00","description":"The commemorative coin celebrates the 450th anniversary of Titian's death and was issued by San Marino in 2026.","breadcrumb":{"@id":"https:\/\/www.2euros.org\/en\/2-euro-commemorative-2026\/2026-san-marino-450th-anniversary-of-the-death-of-titian\/#breadcrumb"},"inLanguage":"en-US","potentialAction":[{"@type":"ReadAction","target":["https:\/\/www.2euros.org\/en\/2-euro-commemorative-2026\/2026-san-marino-450th-anniversary-of-the-death-of-titian\/"]}]},{"@type":"ImageObject","inLanguage":"en-US","@id":"https:\/\/www.2euros.org\/en\/2-euro-commemorative-2026\/2026-san-marino-450th-anniversary-of-the-death-of-titian\/#primaryimage","url":"https:\/\/www.2euros.org\/wp-content\/uploads\/2025\/07\/2026-saintmarin2gm.webp","contentUrl":"https:\/\/www.2euros.org\/wp-content\/uploads\/2025\/07\/2026-saintmarin2gm.webp","width":400,"height":400},{"@type":"BreadcrumbList","@id":"https:\/\/www.2euros.org\/en\/2-euro-commemorative-2026\/2026-san-marino-450th-anniversary-of-the-death-of-titian\/#breadcrumb","itemListElement":[{"@type":"ListItem","position":1,"name":"Home","item":"https:\/\/www.2euros.org\/en\/"},{"@type":"ListItem","position":2,"name":"2026","item":"https:\/\/www.2euros.org\/en\/category\/2-euro-commemorative-2026\/"},{"@type":"ListItem","position":3,"name":"2026 &#8211; San Marino &#8211; 450th anniversary of Titian&rsquo;s death"}]},{"@type":"WebSite","@id":"https:\/\/www.2euros.org\/en\/#website","url":"https:\/\/www.2euros.org\/en\/","name":"2Euros.org","description":"Site de r\u00e9f\u00e9rence des pi\u00e8ces comm\u00e9moratives de 2 euros","publisher":{"@id":"https:\/\/www.2euros.org\/en\/#organization"},"potentialAction":[{"@type":"SearchAction","target":{"@type":"EntryPoint","urlTemplate":"https:\/\/www.2euros.org\/en\/?s={search_term_string}"},"query-input":{"@type":"PropertyValueSpecification","valueRequired":true,"valueName":"search_term_string"}}],"inLanguage":"en-US"},{"@type":"Organization","@id":"https:\/\/www.2euros.org\/en\/#organization","name":"Ce site a pour but de r\u00e9f\u00e9rencer toutes les pi\u00e8ces de 2euros comm\u00e9moratives. Elles seront r\u00e9f\u00e9renc\u00e9es par ann\u00e9e et par pays. Pour chaque pi\u00e8ce, vous trouverez un descriptif d\u00e9taill\u00e9, son estimation, le d\u00e9tail de ses caract\u00e9ristiques, l'\u00e9mission, etc...","alternateName":"2Euros.org!","url":"https:\/\/www.2euros.org\/en\/","logo":{"@type":"ImageObject","inLanguage":"en-US","@id":"https:\/\/www.2euros.org\/en\/#\/schema\/logo\/image\/","url":"https:\/\/www.2euros.org\/wp-content\/uploads\/2023\/11\/cropped-logo2euros200px.png","contentUrl":"https:\/\/www.2euros.org\/wp-content\/uploads\/2023\/11\/cropped-logo2euros200px.png","width":200,"height":200,"caption":"Ce site a pour but de r\u00e9f\u00e9rencer toutes les pi\u00e8ces de 2euros comm\u00e9moratives. Elles seront r\u00e9f\u00e9renc\u00e9es par ann\u00e9e et par pays. Pour chaque pi\u00e8ce, vous trouverez un descriptif d\u00e9taill\u00e9, son estimation, le d\u00e9tail de ses caract\u00e9ristiques, l'\u00e9mission, etc..."},"image":{"@id":"https:\/\/www.2euros.org\/en\/#\/schema\/logo\/image\/"},"sameAs":["https:\/\/www.facebook.com\/groups\/133974904458606"]},{"@type":"Person","@id":"https:\/\/www.2euros.org\/en\/#\/schema\/person\/12e34ec3242fa163c51adacbcd7b2ebd","name":"Pierre D","image":{"@type":"ImageObject","inLanguage":"en-US","@id":"https:\/\/www.2euros.org\/wp-content\/uploads\/wp-user-manager-uploads\/2025\/12\/462084061_10231332749754304_5952221512921178099_n.jpg","url":"https:\/\/www.2euros.org\/wp-content\/uploads\/wp-user-manager-uploads\/2025\/12\/462084061_10231332749754304_5952221512921178099_n.jpg","contentUrl":"https:\/\/www.2euros.org\/wp-content\/uploads\/wp-user-manager-uploads\/2025\/12\/462084061_10231332749754304_5952221512921178099_n.jpg","caption":"Pierre D"},"description":"Webmaster de 2euros.org","sameAs":["https:\/\/www.2euros.org\/"]}]}},"_links":{"self":[{"href":"https:\/\/www.2euros.org\/en\/wp-json\/wp\/v2\/posts\/21615","targetHints":{"allow":["GET"]}}],"collection":[{"href":"https:\/\/www.2euros.org\/en\/wp-json\/wp\/v2\/posts"}],"about":[{"href":"https:\/\/www.2euros.org\/en\/wp-json\/wp\/v2\/types\/post"}],"author":[{"embeddable":true,"href":"https:\/\/www.2euros.org\/en\/wp-json\/wp\/v2\/users\/1"}],"replies":[{"embeddable":true,"href":"https:\/\/www.2euros.org\/en\/wp-json\/wp\/v2\/comments?post=21615"}],"version-history":[{"count":4,"href":"https:\/\/www.2euros.org\/en\/wp-json\/wp\/v2\/posts\/21615\/revisions"}],"predecessor-version":[{"id":25476,"href":"https:\/\/www.2euros.org\/en\/wp-json\/wp\/v2\/posts\/21615\/revisions\/25476"}],"wp:featuredmedia":[{"embeddable":true,"href":"https:\/\/www.2euros.org\/en\/wp-json\/wp\/v2\/media\/25228"}],"wp:attachment":[{"href":"https:\/\/www.2euros.org\/en\/wp-json\/wp\/v2\/media?parent=21615"}],"wp:term":[{"taxonomy":"category","embeddable":true,"href":"https:\/\/www.2euros.org\/en\/wp-json\/wp\/v2\/categories?post=21615"},{"taxonomy":"post_tag","embeddable":true,"href":"https:\/\/www.2euros.org\/en\/wp-json\/wp\/v2\/tags?post=21615"}],"curies":[{"name":"wp","href":"https:\/\/api.w.org\/{rel}","templated":true}]}}