{"id":17398,"date":"2019-04-19T12:02:26","date_gmt":"2019-04-19T10:02:26","guid":{"rendered":"https:\/\/www.2euros.org\/non-classifiee\/2013-belgium-100th-anniversary-of-the-tour-of-flanders\/"},"modified":"2024-07-28T13:53:50","modified_gmt":"2024-07-28T11:53:50","slug":"2013-belgium-100th-anniversary-of-the-tour-of-flanders","status":"publish","type":"post","link":"https:\/\/www.2euros.org\/en\/non-classifiee\/2013-belgium-100th-anniversary-of-the-tour-of-flanders\/","title":{"rendered":"2013 &#8211; Belgium &#8211; 100th anniversary of the Tour of Flanders"},"content":{"rendered":"\n<h2 class=\"wp-block-heading has-text-align-left\">Introduction<\/h2>\n\n<p>Belgium should have issued this \u20ac2 coin in 2013 to celebrate the 100th anniversary of the Tour of Flanders, a famous cycling race. Indeed, the theme of this coin highlights the importance of this iconic sporting event for Belgian culture. In addition, this special issue would have honoured the history and legacy of this competition, highlighting its crucial role in the Belgian sporting landscape.<\/p>\n\n<h2 class=\"wp-block-heading\">Coin description<\/h2>\n\n<p>The design of the coin\u2019s obverse features a racing cyclist, symbolising the Tour of Flanders. In the background, the map of Flanders is clearly visible, indicating the regional importance of the race. The inscription \u201cDe Ronde van Vlaanderen\u201d encircles the central motif, recalling the official Dutch name of the event. In addition, the dates \u201c1913\u201d and \u201c2013\u201d \u200b\u200bappear to the left of the map, marking the centenary of the race.<\/p>\n\n<p>In addition, the &#8220;BE&#8221; at the bottom of the coin indicates that Belgium is the issuer. In addition, the design includes subtle graphic elements, such as cobblestones, reminiscent of the typical roads traveled during the Tour of Flanders. Indeed, these details reinforce the authenticity and cultural significance of the event.<\/p>\n\n<p>The outer edge of the obverse features twelve stars representing the member states of the European Union. This underlines Belgium\u2019s membership in this political and economic union. Furthermore, this arrangement reinforces the universality and international recognition of the race. Therefore, the overall design of the coin combines historical and modern elements to offer a comprehensive representation of the event.<\/p>\n\n<h2 class=\"wp-block-heading\">Issue cancelled<\/h2>\n\n<p class=\"has-text-align-left\">This coin was not issued, it was replaced by a commemorative \u20ac10 coin.<br\/>No reason was given by Belgium regarding the withdrawal of this coin.<br\/>More information, go to this link:<br\/><a href=\"http:\/\/data.consilium.europa.eu\/doc\/document\/ST-17057-2012-INIT\/en\/pdf\" target=\"_blank\" rel=\"noopener noreferrer\">http:\/\/data.consilium.europa.eu\/doc\/document\/ST-17057-2012-INIT\/en\/pdf<\/a><\/p>\n\n<h2 class=\"wp-block-heading\">Conclusion<\/h2>\n\n<p class=\"has-text-align-left\">In conclusion, Belgium should have issued this 2 euro coin in 2013 to celebrate the centenary of the Tour of Flanders. The obverse design, rich in symbolic details, reflects the importance of this cycling race for Belgian culture. In this way, the coin celebrates a century of sporting tradition and excellence.<\/p>\n\n<figure class=\"wp-block-table is-style-stripes\"><table class=\"has-fixed-layout\"><tbody><tr><td><strong>Country of Issue:<\/strong><\/td><td><img loading=\"lazy\" decoding=\"async\" class=\" size-full wp-image-964\" title=\"Belgique\" src=\"https:\/\/www.2euros.org\/wp-content\/uploads\/2019\/03\/belgique-2ba.png\" alt=\"Belgique\" width=\"30\" height=\"20\" srcset=\"https:\/\/www.2euros.org\/wp-content\/uploads\/2019\/03\/belgique-2ba.png 32w, https:\/\/www.2euros.org\/wp-content\/uploads\/2019\/03\/belgique-2ba-24x16.png 24w\" sizes=\"auto, (max-width: 30px) 100vw, 30px\" \/><\/td><\/tr><tr><td><strong>Date of issue:<\/strong><\/td><td><span style=\"color: #ff0000;\"><strong>Annul\u00e9e<\/strong><\/span><\/td><\/tr><tr><td><strong>Total mintage:<\/strong><\/td><td>0<\/td><\/tr><tr><td>\u2013 Proof:<\/td><td>&#8211;<\/td><\/tr><tr><td>\u2013 BU:<\/td><td>&#8211;<\/td><\/tr><tr><td>\u2013 UNC:<\/td><td>&#8211;<\/td><\/tr><tr><td><strong>Engraver:<\/strong><\/td><td>Not applicable<\/td><\/tr><tr><td><strong>The edge:<\/strong><\/td><td>Not applicable<\/td><\/tr><tr><td><strong>Rarity:<\/strong><\/td><td><img loading=\"lazy\" decoding=\"async\" class=\" size-full wp-image-23\" src=\"https:\/\/www.2euros.org\/wp-content\/uploads\/2019\/02\/star2-d0c.png\" width=\"12\" height=\"12\"\/><img loading=\"lazy\" decoding=\"async\" class=\" size-full wp-image-23\" src=\"https:\/\/www.2euros.org\/wp-content\/uploads\/2019\/02\/star2-d0c.png\" width=\"12\" height=\"12\"\/><img loading=\"lazy\" decoding=\"async\" class=\" size-full wp-image-23\" src=\"https:\/\/www.2euros.org\/wp-content\/uploads\/2019\/02\/star2-d0c.png\" width=\"12\" height=\"12\"\/><img loading=\"lazy\" decoding=\"async\" class=\" size-full wp-image-23\" src=\"https:\/\/www.2euros.org\/wp-content\/uploads\/2019\/02\/star2-d0c.png\" width=\"12\" height=\"12\"\/><img loading=\"lazy\" decoding=\"async\" class=\" size-full wp-image-23\" src=\"https:\/\/www.2euros.org\/wp-content\/uploads\/2019\/02\/star2-d0c.png\" width=\"12\" height=\"12\"\/><img loading=\"lazy\" decoding=\"async\" class=\" size-full wp-image-23\" src=\"https:\/\/www.2euros.org\/wp-content\/uploads\/2019\/02\/star2-d0c.png\" width=\"12\" height=\"12\"\/><img loading=\"lazy\" decoding=\"async\" class=\" size-full wp-image-23\" src=\"https:\/\/www.2euros.org\/wp-content\/uploads\/2019\/02\/star2-d0c.png\" width=\"12\" height=\"12\"\/><img loading=\"lazy\" decoding=\"async\" class=\" size-full wp-image-23\" src=\"https:\/\/www.2euros.org\/wp-content\/uploads\/2019\/02\/star2-d0c.png\" width=\"12\" height=\"12\"\/><img loading=\"lazy\" decoding=\"async\" class=\" size-full wp-image-23\" src=\"https:\/\/www.2euros.org\/wp-content\/uploads\/2019\/02\/star2-d0c.png\" width=\"12\" height=\"12\"\/><img loading=\"lazy\" decoding=\"async\" class=\" size-full wp-image-23\" src=\"https:\/\/www.2euros.org\/wp-content\/uploads\/2019\/02\/star2-d0c.png\" width=\"12\" height=\"12\"\/><\/td><\/tr><tr><td><strong>Official Journal:<\/strong><\/td><td>Not applicable<\/td><\/tr><tr><td><strong>My collection:<\/strong><\/td><td>Not applicable<\/td><\/tr><\/tbody><\/table><\/figure>\n\n<p>Do you want to know the technical specifications of this coin? Feel free to visit the page dedicated to the <a href=\"https:\/\/www.2euros.org\/en\/numismatics\/characteristics-of-a-2-euro-coin\/\" target=\"_blank\" rel=\"noreferrer noopener\">specifications of a 2-euro coin<\/a>.&#13;\n<\/p>\n","protected":false},"excerpt":{"rendered":"<div class=\"mh-excerpt\"><p>Introduction Belgium should have issued this \u20ac2 coin in 2013 to celebrate the 100th anniversary of the Tour of Flanders, a famous cycling race. Indeed, the theme of this coin highlights the importance of this <a class=\"mh-excerpt-more\" href=\"https:\/\/www.2euros.org\/en\/non-classifiee\/2013-belgium-100th-anniversary-of-the-tour-of-flanders\/\" title=\"2013 &#8211; Belgium &#8211; 100th anniversary of the Tour of Flanders\">[&#8230;]<\/a><\/p>\n<\/div>","protected":false},"author":1,"featured_media":13640,"comment_status":"open","ping_status":"open","sticky":false,"template":"","format":"standard","meta":{"footnotes":""},"categories":[1185,1],"tags":[1389,1207,1787,1209,1279,2001,1577,1210,1212,2003],"class_list":["post-17398","post","type-post","status-publish","format-standard","has-post-thumbnail","hentry","category-canceled-or-false-issues","category-non-classifiee","tag-100-en","tag-2-en","tag-2013-en","tag-anniversaire-en","tag-belgique-en","tag-cancelled","tag-circumnavigation","tag-commemorative-en","tag-euros-en","tag-flanders"],"yoast_head":"<!-- This site is optimized with the Yoast SEO plugin v27.4 - https:\/\/yoast.com\/product\/yoast-seo-wordpress\/ -->\n<title>100 years of the Tour of Flanders (cancelled) &#8226; Belgium 2013<\/title>\n<meta name=\"description\" content=\"This 2 euro coin was to have been issued by Belgium in 2013, and would have celebrated the 100th anniversary of the Tour of Flanders.\" \/>\n<meta name=\"robots\" content=\"index, follow, max-snippet:-1, max-image-preview:large, max-video-preview:-1\" \/>\n<link rel=\"canonical\" href=\"https:\/\/www.2euros.org\/en\/non-classifiee\/2013-belgium-100th-anniversary-of-the-tour-of-flanders\/\" \/>\n<meta property=\"og:locale\" content=\"en_US\" \/>\n<meta property=\"og:type\" content=\"article\" \/>\n<meta property=\"og:title\" content=\"100 years of the Tour of Flanders (cancelled) &#8226; Belgium 2013\" \/>\n<meta property=\"og:description\" content=\"This 2 euro coin was to have been issued by Belgium in 2013, and would have celebrated the 100th anniversary of the Tour of Flanders.\" \/>\n<meta property=\"og:url\" content=\"https:\/\/www.2euros.org\/en\/non-classifiee\/2013-belgium-100th-anniversary-of-the-tour-of-flanders\/\" \/>\n<meta property=\"og:site_name\" content=\"2Euros.org\" \/>\n<meta property=\"article:publisher\" content=\"https:\/\/www.facebook.com\/groups\/133974904458606\" \/>\n<meta property=\"article:published_time\" content=\"2019-04-19T10:02:26+00:00\" \/>\n<meta property=\"article:modified_time\" content=\"2024-07-28T11:53:50+00:00\" \/>\n<meta property=\"og:image\" content=\"https:\/\/www.2euros.org\/wp-content\/uploads\/2019\/04\/2013-belgique2gm-201.jpg\" \/>\n\t<meta property=\"og:image:width\" content=\"400\" \/>\n\t<meta property=\"og:image:height\" content=\"400\" \/>\n\t<meta property=\"og:image:type\" content=\"image\/jpeg\" \/>\n<meta name=\"author\" content=\"Pierre D\" \/>\n<meta name=\"twitter:card\" content=\"summary_large_image\" \/>\n<meta name=\"twitter:label1\" content=\"Written by\" \/>\n\t<meta name=\"twitter:data1\" content=\"Pierre D\" \/>\n\t<meta name=\"twitter:label2\" content=\"Est. reading time\" \/>\n\t<meta name=\"twitter:data2\" content=\"2 minutes\" \/>\n<script type=\"application\/ld+json\" class=\"yoast-schema-graph\">{\"@context\":\"https:\\\/\\\/schema.org\",\"@graph\":[{\"@type\":\"Article\",\"@id\":\"https:\\\/\\\/www.2euros.org\\\/en\\\/non-classifiee\\\/2013-belgium-100th-anniversary-of-the-tour-of-flanders\\\/#article\",\"isPartOf\":{\"@id\":\"https:\\\/\\\/www.2euros.org\\\/en\\\/non-classifiee\\\/2013-belgium-100th-anniversary-of-the-tour-of-flanders\\\/\"},\"author\":{\"name\":\"Pierre D\",\"@id\":\"https:\\\/\\\/www.2euros.org\\\/en\\\/#\\\/schema\\\/person\\\/12e34ec3242fa163c51adacbcd7b2ebd\"},\"headline\":\"2013 &#8211; Belgium &#8211; 100th anniversary of the Tour of Flanders\",\"datePublished\":\"2019-04-19T10:02:26+00:00\",\"dateModified\":\"2024-07-28T11:53:50+00:00\",\"mainEntityOfPage\":{\"@id\":\"https:\\\/\\\/www.2euros.org\\\/en\\\/non-classifiee\\\/2013-belgium-100th-anniversary-of-the-tour-of-flanders\\\/\"},\"wordCount\":380,\"commentCount\":0,\"publisher\":{\"@id\":\"https:\\\/\\\/www.2euros.org\\\/en\\\/#organization\"},\"image\":{\"@id\":\"https:\\\/\\\/www.2euros.org\\\/en\\\/non-classifiee\\\/2013-belgium-100th-anniversary-of-the-tour-of-flanders\\\/#primaryimage\"},\"thumbnailUrl\":\"https:\\\/\\\/www.2euros.org\\\/wp-content\\\/uploads\\\/2019\\\/04\\\/2013-belgique2gm-201.jpg\",\"keywords\":[\"100\",\"2\",\"2013\",\"anniversaire\",\"belgique\",\"cancelled\",\"circumnavigation\",\"comm\u00e9morative\",\"euros\",\"Flanders\"],\"articleSection\":[\"Canceled or false issues\",\"Finland\"],\"inLanguage\":\"en-US\",\"potentialAction\":[{\"@type\":\"CommentAction\",\"name\":\"Comment\",\"target\":[\"https:\\\/\\\/www.2euros.org\\\/en\\\/non-classifiee\\\/2013-belgium-100th-anniversary-of-the-tour-of-flanders\\\/#respond\"]}]},{\"@type\":\"WebPage\",\"@id\":\"https:\\\/\\\/www.2euros.org\\\/en\\\/non-classifiee\\\/2013-belgium-100th-anniversary-of-the-tour-of-flanders\\\/\",\"url\":\"https:\\\/\\\/www.2euros.org\\\/en\\\/non-classifiee\\\/2013-belgium-100th-anniversary-of-the-tour-of-flanders\\\/\",\"name\":\"100 years of the Tour of Flanders (cancelled) &#8226; Belgium 2013\",\"isPartOf\":{\"@id\":\"https:\\\/\\\/www.2euros.org\\\/en\\\/#website\"},\"primaryImageOfPage\":{\"@id\":\"https:\\\/\\\/www.2euros.org\\\/en\\\/non-classifiee\\\/2013-belgium-100th-anniversary-of-the-tour-of-flanders\\\/#primaryimage\"},\"image\":{\"@id\":\"https:\\\/\\\/www.2euros.org\\\/en\\\/non-classifiee\\\/2013-belgium-100th-anniversary-of-the-tour-of-flanders\\\/#primaryimage\"},\"thumbnailUrl\":\"https:\\\/\\\/www.2euros.org\\\/wp-content\\\/uploads\\\/2019\\\/04\\\/2013-belgique2gm-201.jpg\",\"datePublished\":\"2019-04-19T10:02:26+00:00\",\"dateModified\":\"2024-07-28T11:53:50+00:00\",\"description\":\"This 2 euro coin was to have been issued by Belgium in 2013, and would have celebrated the 100th anniversary of the Tour of Flanders.\",\"breadcrumb\":{\"@id\":\"https:\\\/\\\/www.2euros.org\\\/en\\\/non-classifiee\\\/2013-belgium-100th-anniversary-of-the-tour-of-flanders\\\/#breadcrumb\"},\"inLanguage\":\"en-US\",\"potentialAction\":[{\"@type\":\"ReadAction\",\"target\":[\"https:\\\/\\\/www.2euros.org\\\/en\\\/non-classifiee\\\/2013-belgium-100th-anniversary-of-the-tour-of-flanders\\\/\"]}]},{\"@type\":\"ImageObject\",\"inLanguage\":\"en-US\",\"@id\":\"https:\\\/\\\/www.2euros.org\\\/en\\\/non-classifiee\\\/2013-belgium-100th-anniversary-of-the-tour-of-flanders\\\/#primaryimage\",\"url\":\"https:\\\/\\\/www.2euros.org\\\/wp-content\\\/uploads\\\/2019\\\/04\\\/2013-belgique2gm-201.jpg\",\"contentUrl\":\"https:\\\/\\\/www.2euros.org\\\/wp-content\\\/uploads\\\/2019\\\/04\\\/2013-belgique2gm-201.jpg\",\"width\":400,\"height\":400},{\"@type\":\"BreadcrumbList\",\"@id\":\"https:\\\/\\\/www.2euros.org\\\/en\\\/non-classifiee\\\/2013-belgium-100th-anniversary-of-the-tour-of-flanders\\\/#breadcrumb\",\"itemListElement\":[{\"@type\":\"ListItem\",\"position\":1,\"name\":\"Home\",\"item\":\"https:\\\/\\\/www.2euros.org\\\/en\\\/\"},{\"@type\":\"ListItem\",\"position\":2,\"name\":\"Finland\",\"item\":\"https:\\\/\\\/www.2euros.org\\\/en\\\/category\\\/non-classifiee\\\/\"},{\"@type\":\"ListItem\",\"position\":3,\"name\":\"2013 &#8211; Belgium &#8211; 100th anniversary of the Tour of Flanders\"}]},{\"@type\":\"WebSite\",\"@id\":\"https:\\\/\\\/www.2euros.org\\\/en\\\/#website\",\"url\":\"https:\\\/\\\/www.2euros.org\\\/en\\\/\",\"name\":\"2Euros.org\",\"description\":\"Site de r\u00e9f\u00e9rence des pi\u00e8ces comm\u00e9moratives de 2 euros\",\"publisher\":{\"@id\":\"https:\\\/\\\/www.2euros.org\\\/en\\\/#organization\"},\"potentialAction\":[{\"@type\":\"SearchAction\",\"target\":{\"@type\":\"EntryPoint\",\"urlTemplate\":\"https:\\\/\\\/www.2euros.org\\\/en\\\/?s={search_term_string}\"},\"query-input\":{\"@type\":\"PropertyValueSpecification\",\"valueRequired\":true,\"valueName\":\"search_term_string\"}}],\"inLanguage\":\"en-US\"},{\"@type\":\"Organization\",\"@id\":\"https:\\\/\\\/www.2euros.org\\\/en\\\/#organization\",\"name\":\"Ce site a pour but de r\u00e9f\u00e9rencer toutes les pi\u00e8ces de 2euros comm\u00e9moratives. Elles seront r\u00e9f\u00e9renc\u00e9es par ann\u00e9e et par pays. Pour chaque pi\u00e8ce, vous trouverez un descriptif d\u00e9taill\u00e9, son estimation, le d\u00e9tail de ses caract\u00e9ristiques, l'\u00e9mission, etc...\",\"alternateName\":\"2Euros.org!\",\"url\":\"https:\\\/\\\/www.2euros.org\\\/en\\\/\",\"logo\":{\"@type\":\"ImageObject\",\"inLanguage\":\"en-US\",\"@id\":\"https:\\\/\\\/www.2euros.org\\\/en\\\/#\\\/schema\\\/logo\\\/image\\\/\",\"url\":\"https:\\\/\\\/www.2euros.org\\\/wp-content\\\/uploads\\\/2023\\\/11\\\/cropped-logo2euros200px.png\",\"contentUrl\":\"https:\\\/\\\/www.2euros.org\\\/wp-content\\\/uploads\\\/2023\\\/11\\\/cropped-logo2euros200px.png\",\"width\":200,\"height\":200,\"caption\":\"Ce site a pour but de r\u00e9f\u00e9rencer toutes les pi\u00e8ces de 2euros comm\u00e9moratives. Elles seront r\u00e9f\u00e9renc\u00e9es par ann\u00e9e et par pays. Pour chaque pi\u00e8ce, vous trouverez un descriptif d\u00e9taill\u00e9, son estimation, le d\u00e9tail de ses caract\u00e9ristiques, l'\u00e9mission, etc...\"},\"image\":{\"@id\":\"https:\\\/\\\/www.2euros.org\\\/en\\\/#\\\/schema\\\/logo\\\/image\\\/\"},\"sameAs\":[\"https:\\\/\\\/www.facebook.com\\\/groups\\\/133974904458606\"]},{\"@type\":\"Person\",\"@id\":\"https:\\\/\\\/www.2euros.org\\\/en\\\/#\\\/schema\\\/person\\\/12e34ec3242fa163c51adacbcd7b2ebd\",\"name\":\"Pierre D\",\"image\":{\"@type\":\"ImageObject\",\"inLanguage\":\"en-US\",\"@id\":\"https:\\\/\\\/www.2euros.org\\\/wp-content\\\/uploads\\\/wp-user-manager-uploads\\\/2025\\\/12\\\/462084061_10231332749754304_5952221512921178099_n.jpg\",\"url\":\"https:\\\/\\\/www.2euros.org\\\/wp-content\\\/uploads\\\/wp-user-manager-uploads\\\/2025\\\/12\\\/462084061_10231332749754304_5952221512921178099_n.jpg\",\"contentUrl\":\"https:\\\/\\\/www.2euros.org\\\/wp-content\\\/uploads\\\/wp-user-manager-uploads\\\/2025\\\/12\\\/462084061_10231332749754304_5952221512921178099_n.jpg\",\"caption\":\"Pierre D\"},\"description\":\"Webmaster de 2euros.org\",\"sameAs\":[\"https:\\\/\\\/www.2euros.org\\\/\"]}]}<\/script>\n<!-- \/ Yoast SEO plugin. -->","yoast_head_json":{"title":"100 years of the Tour of Flanders (cancelled) &#8226; Belgium 2013","description":"This 2 euro coin was to have been issued by Belgium in 2013, and would have celebrated the 100th anniversary of the Tour of Flanders.","robots":{"index":"index","follow":"follow","max-snippet":"max-snippet:-1","max-image-preview":"max-image-preview:large","max-video-preview":"max-video-preview:-1"},"canonical":"https:\/\/www.2euros.org\/en\/non-classifiee\/2013-belgium-100th-anniversary-of-the-tour-of-flanders\/","og_locale":"en_US","og_type":"article","og_title":"100 years of the Tour of Flanders (cancelled) &#8226; Belgium 2013","og_description":"This 2 euro coin was to have been issued by Belgium in 2013, and would have celebrated the 100th anniversary of the Tour of Flanders.","og_url":"https:\/\/www.2euros.org\/en\/non-classifiee\/2013-belgium-100th-anniversary-of-the-tour-of-flanders\/","og_site_name":"2Euros.org","article_publisher":"https:\/\/www.facebook.com\/groups\/133974904458606","article_published_time":"2019-04-19T10:02:26+00:00","article_modified_time":"2024-07-28T11:53:50+00:00","og_image":[{"width":400,"height":400,"url":"https:\/\/www.2euros.org\/wp-content\/uploads\/2019\/04\/2013-belgique2gm-201.jpg","type":"image\/jpeg"}],"author":"Pierre D","twitter_card":"summary_large_image","twitter_misc":{"Written by":"Pierre D","Est. reading time":"2 minutes"},"schema":{"@context":"https:\/\/schema.org","@graph":[{"@type":"Article","@id":"https:\/\/www.2euros.org\/en\/non-classifiee\/2013-belgium-100th-anniversary-of-the-tour-of-flanders\/#article","isPartOf":{"@id":"https:\/\/www.2euros.org\/en\/non-classifiee\/2013-belgium-100th-anniversary-of-the-tour-of-flanders\/"},"author":{"name":"Pierre D","@id":"https:\/\/www.2euros.org\/en\/#\/schema\/person\/12e34ec3242fa163c51adacbcd7b2ebd"},"headline":"2013 &#8211; Belgium &#8211; 100th anniversary of the Tour of Flanders","datePublished":"2019-04-19T10:02:26+00:00","dateModified":"2024-07-28T11:53:50+00:00","mainEntityOfPage":{"@id":"https:\/\/www.2euros.org\/en\/non-classifiee\/2013-belgium-100th-anniversary-of-the-tour-of-flanders\/"},"wordCount":380,"commentCount":0,"publisher":{"@id":"https:\/\/www.2euros.org\/en\/#organization"},"image":{"@id":"https:\/\/www.2euros.org\/en\/non-classifiee\/2013-belgium-100th-anniversary-of-the-tour-of-flanders\/#primaryimage"},"thumbnailUrl":"https:\/\/www.2euros.org\/wp-content\/uploads\/2019\/04\/2013-belgique2gm-201.jpg","keywords":["100","2","2013","anniversaire","belgique","cancelled","circumnavigation","comm\u00e9morative","euros","Flanders"],"articleSection":["Canceled or false issues","Finland"],"inLanguage":"en-US","potentialAction":[{"@type":"CommentAction","name":"Comment","target":["https:\/\/www.2euros.org\/en\/non-classifiee\/2013-belgium-100th-anniversary-of-the-tour-of-flanders\/#respond"]}]},{"@type":"WebPage","@id":"https:\/\/www.2euros.org\/en\/non-classifiee\/2013-belgium-100th-anniversary-of-the-tour-of-flanders\/","url":"https:\/\/www.2euros.org\/en\/non-classifiee\/2013-belgium-100th-anniversary-of-the-tour-of-flanders\/","name":"100 years of the Tour of Flanders (cancelled) &#8226; Belgium 2013","isPartOf":{"@id":"https:\/\/www.2euros.org\/en\/#website"},"primaryImageOfPage":{"@id":"https:\/\/www.2euros.org\/en\/non-classifiee\/2013-belgium-100th-anniversary-of-the-tour-of-flanders\/#primaryimage"},"image":{"@id":"https:\/\/www.2euros.org\/en\/non-classifiee\/2013-belgium-100th-anniversary-of-the-tour-of-flanders\/#primaryimage"},"thumbnailUrl":"https:\/\/www.2euros.org\/wp-content\/uploads\/2019\/04\/2013-belgique2gm-201.jpg","datePublished":"2019-04-19T10:02:26+00:00","dateModified":"2024-07-28T11:53:50+00:00","description":"This 2 euro coin was to have been issued by Belgium in 2013, and would have celebrated the 100th anniversary of the Tour of Flanders.","breadcrumb":{"@id":"https:\/\/www.2euros.org\/en\/non-classifiee\/2013-belgium-100th-anniversary-of-the-tour-of-flanders\/#breadcrumb"},"inLanguage":"en-US","potentialAction":[{"@type":"ReadAction","target":["https:\/\/www.2euros.org\/en\/non-classifiee\/2013-belgium-100th-anniversary-of-the-tour-of-flanders\/"]}]},{"@type":"ImageObject","inLanguage":"en-US","@id":"https:\/\/www.2euros.org\/en\/non-classifiee\/2013-belgium-100th-anniversary-of-the-tour-of-flanders\/#primaryimage","url":"https:\/\/www.2euros.org\/wp-content\/uploads\/2019\/04\/2013-belgique2gm-201.jpg","contentUrl":"https:\/\/www.2euros.org\/wp-content\/uploads\/2019\/04\/2013-belgique2gm-201.jpg","width":400,"height":400},{"@type":"BreadcrumbList","@id":"https:\/\/www.2euros.org\/en\/non-classifiee\/2013-belgium-100th-anniversary-of-the-tour-of-flanders\/#breadcrumb","itemListElement":[{"@type":"ListItem","position":1,"name":"Home","item":"https:\/\/www.2euros.org\/en\/"},{"@type":"ListItem","position":2,"name":"Finland","item":"https:\/\/www.2euros.org\/en\/category\/non-classifiee\/"},{"@type":"ListItem","position":3,"name":"2013 &#8211; Belgium &#8211; 100th anniversary of the Tour of Flanders"}]},{"@type":"WebSite","@id":"https:\/\/www.2euros.org\/en\/#website","url":"https:\/\/www.2euros.org\/en\/","name":"2Euros.org","description":"Site de r\u00e9f\u00e9rence des pi\u00e8ces comm\u00e9moratives de 2 euros","publisher":{"@id":"https:\/\/www.2euros.org\/en\/#organization"},"potentialAction":[{"@type":"SearchAction","target":{"@type":"EntryPoint","urlTemplate":"https:\/\/www.2euros.org\/en\/?s={search_term_string}"},"query-input":{"@type":"PropertyValueSpecification","valueRequired":true,"valueName":"search_term_string"}}],"inLanguage":"en-US"},{"@type":"Organization","@id":"https:\/\/www.2euros.org\/en\/#organization","name":"Ce site a pour but de r\u00e9f\u00e9rencer toutes les pi\u00e8ces de 2euros comm\u00e9moratives. Elles seront r\u00e9f\u00e9renc\u00e9es par ann\u00e9e et par pays. Pour chaque pi\u00e8ce, vous trouverez un descriptif d\u00e9taill\u00e9, son estimation, le d\u00e9tail de ses caract\u00e9ristiques, l'\u00e9mission, etc...","alternateName":"2Euros.org!","url":"https:\/\/www.2euros.org\/en\/","logo":{"@type":"ImageObject","inLanguage":"en-US","@id":"https:\/\/www.2euros.org\/en\/#\/schema\/logo\/image\/","url":"https:\/\/www.2euros.org\/wp-content\/uploads\/2023\/11\/cropped-logo2euros200px.png","contentUrl":"https:\/\/www.2euros.org\/wp-content\/uploads\/2023\/11\/cropped-logo2euros200px.png","width":200,"height":200,"caption":"Ce site a pour but de r\u00e9f\u00e9rencer toutes les pi\u00e8ces de 2euros comm\u00e9moratives. Elles seront r\u00e9f\u00e9renc\u00e9es par ann\u00e9e et par pays. Pour chaque pi\u00e8ce, vous trouverez un descriptif d\u00e9taill\u00e9, son estimation, le d\u00e9tail de ses caract\u00e9ristiques, l'\u00e9mission, etc..."},"image":{"@id":"https:\/\/www.2euros.org\/en\/#\/schema\/logo\/image\/"},"sameAs":["https:\/\/www.facebook.com\/groups\/133974904458606"]},{"@type":"Person","@id":"https:\/\/www.2euros.org\/en\/#\/schema\/person\/12e34ec3242fa163c51adacbcd7b2ebd","name":"Pierre D","image":{"@type":"ImageObject","inLanguage":"en-US","@id":"https:\/\/www.2euros.org\/wp-content\/uploads\/wp-user-manager-uploads\/2025\/12\/462084061_10231332749754304_5952221512921178099_n.jpg","url":"https:\/\/www.2euros.org\/wp-content\/uploads\/wp-user-manager-uploads\/2025\/12\/462084061_10231332749754304_5952221512921178099_n.jpg","contentUrl":"https:\/\/www.2euros.org\/wp-content\/uploads\/wp-user-manager-uploads\/2025\/12\/462084061_10231332749754304_5952221512921178099_n.jpg","caption":"Pierre D"},"description":"Webmaster de 2euros.org","sameAs":["https:\/\/www.2euros.org\/"]}]}},"_links":{"self":[{"href":"https:\/\/www.2euros.org\/en\/wp-json\/wp\/v2\/posts\/17398","targetHints":{"allow":["GET"]}}],"collection":[{"href":"https:\/\/www.2euros.org\/en\/wp-json\/wp\/v2\/posts"}],"about":[{"href":"https:\/\/www.2euros.org\/en\/wp-json\/wp\/v2\/types\/post"}],"author":[{"embeddable":true,"href":"https:\/\/www.2euros.org\/en\/wp-json\/wp\/v2\/users\/1"}],"replies":[{"embeddable":true,"href":"https:\/\/www.2euros.org\/en\/wp-json\/wp\/v2\/comments?post=17398"}],"version-history":[{"count":0,"href":"https:\/\/www.2euros.org\/en\/wp-json\/wp\/v2\/posts\/17398\/revisions"}],"wp:featuredmedia":[{"embeddable":true,"href":"https:\/\/www.2euros.org\/en\/wp-json\/wp\/v2\/media\/13640"}],"wp:attachment":[{"href":"https:\/\/www.2euros.org\/en\/wp-json\/wp\/v2\/media?parent=17398"}],"wp:term":[{"taxonomy":"category","embeddable":true,"href":"https:\/\/www.2euros.org\/en\/wp-json\/wp\/v2\/categories?post=17398"},{"taxonomy":"post_tag","embeddable":true,"href":"https:\/\/www.2euros.org\/en\/wp-json\/wp\/v2\/tags?post=17398"}],"curies":[{"name":"wp","href":"https:\/\/api.w.org\/{rel}","templated":true}]}}