{"id":17359,"date":"2019-02-24T17:49:52","date_gmt":"2019-02-24T16:49:52","guid":{"rendered":"https:\/\/www.2euros.org\/non-classifiee\/2014-spain-abdication-of-king-juan-carlos-i-and-accession-to-the-throne-of-king-felipe-vi\/"},"modified":"2025-01-31T14:46:00","modified_gmt":"2025-01-31T13:46:00","slug":"2014-spain-abdication-of-king-juan-carlos-i-and-accession-to-the-throne-of-king-felipe-vi","status":"publish","type":"post","link":"https:\/\/www.2euros.org\/en\/2-euro-commemorative-2014\/2014-spain-abdication-of-king-juan-carlos-i-and-accession-to-the-throne-of-king-felipe-vi\/","title":{"rendered":"2014 &#8211; Spain &#8211; Abdication of King Juan Carlos I and accession to the throne of King Felipe VI"},"content":{"rendered":"\n<h2 class=\"wp-block-heading has-text-align-left\">Introduction<\/h2>\n\n<p>The euro coin issued by Spain in 2014 celebrates the royal succession with the accession of King Felipe VI. This theme highlights an important historical moment for the Spanish monarchy. In addition, this coin reflects the continuity and stability of the royal dynasty in Spain. Furthermore, it highlights the importance of royal figures in national identity.<\/p>\n\n<h2 class=\"wp-block-heading\">Coin description<\/h2>\n\n<p>The obverse of this coin features a solemn and symbolic design. In its center, we see the portraits of King Juan Carlos I and King Felipe VI, depicted in profile. Juan Carlos I is on the left, while Felipe VI is on the right, symbolizing the transition of power. In addition, the details of the engravings highlight the dignity and distinction of both kings.<\/p>\n\n<p>Furthermore, the inscription &#8220;ESPA\u00d1A&#8221; appears at the bottom of the coin, accompanied by the year of issue &#8220;2014&#8221;. This indicates the national origin of the coin and marks the year of celebration. In addition, a small &#8220;M&#8221; to the right of the portraits represents the Royal Spanish Mint, adding an element of authenticity.<\/p>\n\n<p>Twelve stars adorn the edge of the obverse, representing the twelve founding countries of the European Union. This ornamentation symbolizes Spain&#8217;s attachment to European values \u200b\u200band the adoption of the euro. Indeed, it underlines Spain&#8217;s integration into the international community.<\/p>\n\n<h2 class=\"wp-block-heading\">Conclusion<\/h2>\n\n<p class=\"has-text-align-left\">In summary, the euro coin issued by Spain in 2014 pays tribute to the royal succession and the accession of King Felipe VI. In addition, the design of the obverse, with the portraits of Juan Carlos I and Felipe VI, highlights the historical importance of this event for the nation. Therefore, this coin represents not only a valuable collector&#8217;s item but also a strong symbol of the continuity and stability of the Spanish monarchy. Furthermore, it celebrates the harmonious transition of royal power in Spain.<\/p>\n\n<figure class=\"wp-block-table is-style-stripes\"><table><tbody><tr><td><strong>Country of Issue:<\/strong><\/td><td><img loading=\"lazy\" decoding=\"async\" width=\"32\" height=\"21\" class=\"wp-image-18419\" style=\"width: 32px;\" src=\"https:\/\/www.2euros.org\/wp-content\/uploads\/2025\/01\/espagne.png\" alt=\"\" srcset=\"https:\/\/www.2euros.org\/wp-content\/uploads\/2025\/01\/espagne.png 32w, https:\/\/www.2euros.org\/wp-content\/uploads\/2025\/01\/espagne-24x16.png 24w\" sizes=\"auto, (max-width: 32px) 100vw, 32px\" \/><\/td><\/tr><tr><td><strong>Date of issue:<\/strong><\/td><td>December 2014<\/td><\/tr><tr><td><strong>Total mintage:<\/strong><\/td><td>8.100.000<\/td><\/tr><tr><td>\u2013 Proof:<\/td><td>\u00a010.000<\/td><\/tr><tr><td>\u2013 BU:<\/td><td>\u00a020.000<\/td><\/tr><tr><td>\u2013 UNC:<\/td><td>\u00a08.070.000<\/td><\/tr><tr><td><strong>Engraver:<\/strong><\/td><td>Alfonso Morales M\u00fa\u00f1oz<\/td><\/tr><tr><td><strong>The edge:<\/strong><\/td><td><img loading=\"lazy\" decoding=\"async\" width=\"200\" height=\"11\" class=\"wp-image-18721\" style=\"width: 200px;\" src=\"https:\/\/www.2euros.org\/wp-content\/uploads\/2005\/05\/luxembourg1.jpg\" alt=\"\" srcset=\"https:\/\/www.2euros.org\/wp-content\/uploads\/2005\/05\/luxembourg1.jpg 187w, https:\/\/www.2euros.org\/wp-content\/uploads\/2005\/05\/luxembourg1-150x8.jpg 150w\" sizes=\"auto, (max-width: 200px) 100vw, 200px\" \/><\/td><\/tr><tr><td><strong>Rarity:<\/strong><\/td><td><img decoding=\"async\" src=\"https:\/\/www.2euros.org\/images\/euro.png\"\/><img decoding=\"async\" src=\"https:\/\/www.2euros.org\/images\/euro.png\"\/><img decoding=\"async\" src=\"https:\/\/www.2euros.org\/images\/euro2.png\"\/><img decoding=\"async\" src=\"https:\/\/www.2euros.org\/images\/euro2.png\"\/><img decoding=\"async\" src=\"https:\/\/www.2euros.org\/images\/euro2.png\"\/><img decoding=\"async\" src=\"https:\/\/www.2euros.org\/images\/euro2.png\"\/><img decoding=\"async\" src=\"https:\/\/www.2euros.org\/images\/euro2.png\"\/><img decoding=\"async\" src=\"https:\/\/www.2euros.org\/images\/euro2.png\"\/><img decoding=\"async\" src=\"https:\/\/www.2euros.org\/images\/euro2.png\"\/><img decoding=\"async\" src=\"https:\/\/www.2euros.org\/images\/euro2.png\"\/><\/td><\/tr><tr><td><strong>Official Journal:<\/strong><\/td><td><a href=\"https:\/\/eur-lex.europa.eu\/legal-content\/FR\/TXT\/?uri=CELEX%3AC2014%2F396%2F04&amp;qid=1720523040949\" target=\"_blank\" rel=\"noreferrer noopener\">2014\/C 396\/04<\/a><\/td><\/tr><tr><td><strong>My collection:<\/strong><\/td><td>[cbxwpbookmarkbtn]<\/td><\/tr><\/tbody><\/table><\/figure>\n\n<p><span style=\"text-decoration: underline; font-size: 7pt;\"><\/span><\/p>\n\n<p>Do you want to know the technical specifications of this coin? Feel free to visit the page dedicated to the <a href=\"https:\/\/www.2euros.org\/en\/numismatics\/characteristics-of-a-2-euro-coin\/\" target=\"_blank\" rel=\"noreferrer noopener\">specifications of a 2-euro coin<\/a>.<\/p>\n","protected":false},"excerpt":{"rendered":"<div class=\"mh-excerpt\"><p>Introduction The euro coin issued by Spain in 2014 celebrates the royal succession with the accession of King Felipe VI. This theme highlights an important historical moment for the Spanish monarchy. In addition, this coin <a class=\"mh-excerpt-more\" href=\"https:\/\/www.2euros.org\/en\/2-euro-commemorative-2014\/2014-spain-abdication-of-king-juan-carlos-i-and-accession-to-the-throne-of-king-felipe-vi\/\" title=\"2014 &#8211; Spain &#8211; Abdication of King Juan Carlos I and accession to the throne of King Felipe VI\">[&#8230;]<\/a><\/p>\n                <div class=\"ccm-buttons ccm-buttons-small\"\n                     data-post-id=\"17359\"\n                     data-state='{&quot;be&quot;:0,&quot;bu&quot;:0,&quot;unc&quot;:0,&quot;circulation&quot;:0}'\n                     data-not-logged=\"true\">\n                    <span class=\"ccm-label\">My collection<\/span>\n                    <button class=\"coin-btn\" data-type=\"be\">Proof<\/button>\n                    <button class=\"coin-btn\" data-type=\"bu\">BU<\/button>\n                    <button class=\"coin-btn\" data-type=\"unc\">UNC<\/button>\n                    <button class=\"coin-btn\" data-type=\"circulation\">Circulated<\/button>\n                    <span class=\"ccm-separator\"> - <\/span>\n                    <button class=\"no-coin-btn\" data-type=\"none\">I don&#039;t have this coin<\/button>\n                <\/div>\n                <p class=\"ccm-login-message\">Veuillez vous inscrire pour pouvoir g\u00e9rer votre collection<\/p><\/div>","protected":false},"author":1,"featured_media":10704,"comment_status":"open","ping_status":"open","sticky":false,"template":"","format":"standard","meta":{"footnotes":""},"categories":[1167,1187],"tags":[1207,1789,1965,1373,1969,1210,1239,1212,1970,1617,1967,1966,1374,1638],"class_list":["post-17359","post","type-post","status-publish","format-standard","has-post-thumbnail","hentry","category-2-euro-commemorative-2014","category-2-euro-commemorative-spain","tag-2-en","tag-2014-en","tag-abdication-en","tag-accession-en","tag-carlos-en","tag-commemorative-en","tag-espagne-en","tag-euros-en","tag-felipe-en","tag-i","tag-juan-en","tag-king","tag-trone-en","tag-vi-en"],"yoast_head":"<!-- This site is optimized with the Yoast SEO plugin v27.5 - https:\/\/yoast.com\/product\/yoast-seo-wordpress\/ -->\n<title>Accession to the throne of King Felipe VI - Spain 2014 &#8226; 2Euros.org<\/title>\n<meta name=\"description\" content=\"The commemorative coin celebrates the Abdication of Juan Carlos I and accession to the throne of King Felipe VI, and was issued by Spain in 2014.\" \/>\n<meta name=\"robots\" content=\"index, follow, max-snippet:-1, max-image-preview:large, max-video-preview:-1\" \/>\n<link rel=\"canonical\" href=\"https:\/\/www.2euros.org\/en\/2-euro-commemorative-2014\/2014-spain-abdication-of-king-juan-carlos-i-and-accession-to-the-throne-of-king-felipe-vi\/\" \/>\n<meta property=\"og:locale\" content=\"en_US\" \/>\n<meta property=\"og:type\" content=\"article\" \/>\n<meta property=\"og:title\" content=\"Accession to the throne of King Felipe VI - Spain 2014 &#8226; 2Euros.org\" \/>\n<meta property=\"og:description\" content=\"The commemorative coin celebrates the Abdication of Juan Carlos I and accession to the throne of King Felipe VI, and was issued by Spain in 2014.\" \/>\n<meta property=\"og:url\" content=\"https:\/\/www.2euros.org\/en\/2-euro-commemorative-2014\/2014-spain-abdication-of-king-juan-carlos-i-and-accession-to-the-throne-of-king-felipe-vi\/\" \/>\n<meta property=\"og:site_name\" content=\"2Euros.org\" \/>\n<meta property=\"article:publisher\" content=\"https:\/\/www.facebook.com\/groups\/133974904458606\" \/>\n<meta property=\"article:published_time\" content=\"2019-02-24T16:49:52+00:00\" \/>\n<meta property=\"article:modified_time\" content=\"2025-01-31T13:46:00+00:00\" \/>\n<meta property=\"og:image\" content=\"https:\/\/www.2euros.org\/wp-content\/uploads\/2019\/02\/2014-espagne2gm-53c.jpg\" \/>\n\t<meta property=\"og:image:width\" content=\"400\" \/>\n\t<meta property=\"og:image:height\" content=\"400\" \/>\n\t<meta property=\"og:image:type\" content=\"image\/jpeg\" \/>\n<meta name=\"author\" content=\"Pierre D\" \/>\n<meta name=\"twitter:card\" content=\"summary_large_image\" \/>\n<meta name=\"twitter:label1\" content=\"Written by\" \/>\n\t<meta name=\"twitter:data1\" content=\"Pierre D\" \/>\n\t<meta name=\"twitter:label2\" content=\"Est. reading time\" \/>\n\t<meta name=\"twitter:data2\" content=\"2 minutes\" \/>\n<script type=\"application\/ld+json\" class=\"yoast-schema-graph\">{\"@context\":\"https:\\\/\\\/schema.org\",\"@graph\":[{\"@type\":\"Article\",\"@id\":\"https:\\\/\\\/www.2euros.org\\\/en\\\/2-euro-commemorative-2014\\\/2014-spain-abdication-of-king-juan-carlos-i-and-accession-to-the-throne-of-king-felipe-vi\\\/#article\",\"isPartOf\":{\"@id\":\"https:\\\/\\\/www.2euros.org\\\/en\\\/2-euro-commemorative-2014\\\/2014-spain-abdication-of-king-juan-carlos-i-and-accession-to-the-throne-of-king-felipe-vi\\\/\"},\"author\":{\"name\":\"Pierre D\",\"@id\":\"https:\\\/\\\/www.2euros.org\\\/en\\\/#\\\/schema\\\/person\\\/12e34ec3242fa163c51adacbcd7b2ebd\"},\"headline\":\"2014 &#8211; Spain &#8211; Abdication of King Juan Carlos I and accession to the throne of King Felipe VI\",\"datePublished\":\"2019-02-24T16:49:52+00:00\",\"dateModified\":\"2025-01-31T13:46:00+00:00\",\"mainEntityOfPage\":{\"@id\":\"https:\\\/\\\/www.2euros.org\\\/en\\\/2-euro-commemorative-2014\\\/2014-spain-abdication-of-king-juan-carlos-i-and-accession-to-the-throne-of-king-felipe-vi\\\/\"},\"wordCount\":372,\"commentCount\":0,\"publisher\":{\"@id\":\"https:\\\/\\\/www.2euros.org\\\/en\\\/#organization\"},\"image\":{\"@id\":\"https:\\\/\\\/www.2euros.org\\\/en\\\/2-euro-commemorative-2014\\\/2014-spain-abdication-of-king-juan-carlos-i-and-accession-to-the-throne-of-king-felipe-vi\\\/#primaryimage\"},\"thumbnailUrl\":\"https:\\\/\\\/www.2euros.org\\\/wp-content\\\/uploads\\\/2019\\\/02\\\/2014-espagne2gm-53c.jpg\",\"keywords\":[\"2\",\"2014\",\"abdication\",\"accession\",\"carlos\",\"comm\u00e9morative\",\"espagne\",\"euros\",\"felipe\",\"I\",\"juan\",\"king\",\"tr\u00f4ne\",\"vi\"],\"articleSection\":[\"2014\",\"Spain\"],\"inLanguage\":\"en-US\",\"potentialAction\":[{\"@type\":\"CommentAction\",\"name\":\"Comment\",\"target\":[\"https:\\\/\\\/www.2euros.org\\\/en\\\/2-euro-commemorative-2014\\\/2014-spain-abdication-of-king-juan-carlos-i-and-accession-to-the-throne-of-king-felipe-vi\\\/#respond\"]}]},{\"@type\":\"WebPage\",\"@id\":\"https:\\\/\\\/www.2euros.org\\\/en\\\/2-euro-commemorative-2014\\\/2014-spain-abdication-of-king-juan-carlos-i-and-accession-to-the-throne-of-king-felipe-vi\\\/\",\"url\":\"https:\\\/\\\/www.2euros.org\\\/en\\\/2-euro-commemorative-2014\\\/2014-spain-abdication-of-king-juan-carlos-i-and-accession-to-the-throne-of-king-felipe-vi\\\/\",\"name\":\"Accession to the throne of King Felipe VI - Spain 2014 &#8226; 2Euros.org\",\"isPartOf\":{\"@id\":\"https:\\\/\\\/www.2euros.org\\\/en\\\/#website\"},\"primaryImageOfPage\":{\"@id\":\"https:\\\/\\\/www.2euros.org\\\/en\\\/2-euro-commemorative-2014\\\/2014-spain-abdication-of-king-juan-carlos-i-and-accession-to-the-throne-of-king-felipe-vi\\\/#primaryimage\"},\"image\":{\"@id\":\"https:\\\/\\\/www.2euros.org\\\/en\\\/2-euro-commemorative-2014\\\/2014-spain-abdication-of-king-juan-carlos-i-and-accession-to-the-throne-of-king-felipe-vi\\\/#primaryimage\"},\"thumbnailUrl\":\"https:\\\/\\\/www.2euros.org\\\/wp-content\\\/uploads\\\/2019\\\/02\\\/2014-espagne2gm-53c.jpg\",\"datePublished\":\"2019-02-24T16:49:52+00:00\",\"dateModified\":\"2025-01-31T13:46:00+00:00\",\"description\":\"The commemorative coin celebrates the Abdication of Juan Carlos I and accession to the throne of King Felipe VI, and was issued by Spain in 2014.\",\"breadcrumb\":{\"@id\":\"https:\\\/\\\/www.2euros.org\\\/en\\\/2-euro-commemorative-2014\\\/2014-spain-abdication-of-king-juan-carlos-i-and-accession-to-the-throne-of-king-felipe-vi\\\/#breadcrumb\"},\"inLanguage\":\"en-US\",\"potentialAction\":[{\"@type\":\"ReadAction\",\"target\":[\"https:\\\/\\\/www.2euros.org\\\/en\\\/2-euro-commemorative-2014\\\/2014-spain-abdication-of-king-juan-carlos-i-and-accession-to-the-throne-of-king-felipe-vi\\\/\"]}]},{\"@type\":\"ImageObject\",\"inLanguage\":\"en-US\",\"@id\":\"https:\\\/\\\/www.2euros.org\\\/en\\\/2-euro-commemorative-2014\\\/2014-spain-abdication-of-king-juan-carlos-i-and-accession-to-the-throne-of-king-felipe-vi\\\/#primaryimage\",\"url\":\"https:\\\/\\\/www.2euros.org\\\/wp-content\\\/uploads\\\/2019\\\/02\\\/2014-espagne2gm-53c.jpg\",\"contentUrl\":\"https:\\\/\\\/www.2euros.org\\\/wp-content\\\/uploads\\\/2019\\\/02\\\/2014-espagne2gm-53c.jpg\",\"width\":400,\"height\":400},{\"@type\":\"BreadcrumbList\",\"@id\":\"https:\\\/\\\/www.2euros.org\\\/en\\\/2-euro-commemorative-2014\\\/2014-spain-abdication-of-king-juan-carlos-i-and-accession-to-the-throne-of-king-felipe-vi\\\/#breadcrumb\",\"itemListElement\":[{\"@type\":\"ListItem\",\"position\":1,\"name\":\"Home\",\"item\":\"https:\\\/\\\/www.2euros.org\\\/en\\\/\"},{\"@type\":\"ListItem\",\"position\":2,\"name\":\"2014\",\"item\":\"https:\\\/\\\/www.2euros.org\\\/en\\\/category\\\/2-euro-commemorative-2014\\\/\"},{\"@type\":\"ListItem\",\"position\":3,\"name\":\"2014 &#8211; Spain &#8211; Abdication of King Juan Carlos I and accession to the throne of King Felipe VI\"}]},{\"@type\":\"WebSite\",\"@id\":\"https:\\\/\\\/www.2euros.org\\\/en\\\/#website\",\"url\":\"https:\\\/\\\/www.2euros.org\\\/en\\\/\",\"name\":\"2Euros.org\",\"description\":\"Site de r\u00e9f\u00e9rence des pi\u00e8ces comm\u00e9moratives de 2 euros\",\"publisher\":{\"@id\":\"https:\\\/\\\/www.2euros.org\\\/en\\\/#organization\"},\"potentialAction\":[{\"@type\":\"SearchAction\",\"target\":{\"@type\":\"EntryPoint\",\"urlTemplate\":\"https:\\\/\\\/www.2euros.org\\\/en\\\/?s={search_term_string}\"},\"query-input\":{\"@type\":\"PropertyValueSpecification\",\"valueRequired\":true,\"valueName\":\"search_term_string\"}}],\"inLanguage\":\"en-US\"},{\"@type\":\"Organization\",\"@id\":\"https:\\\/\\\/www.2euros.org\\\/en\\\/#organization\",\"name\":\"Ce site a pour but de r\u00e9f\u00e9rencer toutes les pi\u00e8ces de 2euros comm\u00e9moratives. Elles seront r\u00e9f\u00e9renc\u00e9es par ann\u00e9e et par pays. Pour chaque pi\u00e8ce, vous trouverez un descriptif d\u00e9taill\u00e9, son estimation, le d\u00e9tail de ses caract\u00e9ristiques, l'\u00e9mission, etc...\",\"alternateName\":\"2Euros.org!\",\"url\":\"https:\\\/\\\/www.2euros.org\\\/en\\\/\",\"logo\":{\"@type\":\"ImageObject\",\"inLanguage\":\"en-US\",\"@id\":\"https:\\\/\\\/www.2euros.org\\\/en\\\/#\\\/schema\\\/logo\\\/image\\\/\",\"url\":\"https:\\\/\\\/www.2euros.org\\\/wp-content\\\/uploads\\\/2023\\\/11\\\/cropped-logo2euros200px.png\",\"contentUrl\":\"https:\\\/\\\/www.2euros.org\\\/wp-content\\\/uploads\\\/2023\\\/11\\\/cropped-logo2euros200px.png\",\"width\":200,\"height\":200,\"caption\":\"Ce site a pour but de r\u00e9f\u00e9rencer toutes les pi\u00e8ces de 2euros comm\u00e9moratives. Elles seront r\u00e9f\u00e9renc\u00e9es par ann\u00e9e et par pays. Pour chaque pi\u00e8ce, vous trouverez un descriptif d\u00e9taill\u00e9, son estimation, le d\u00e9tail de ses caract\u00e9ristiques, l'\u00e9mission, etc...\"},\"image\":{\"@id\":\"https:\\\/\\\/www.2euros.org\\\/en\\\/#\\\/schema\\\/logo\\\/image\\\/\"},\"sameAs\":[\"https:\\\/\\\/www.facebook.com\\\/groups\\\/133974904458606\"]},{\"@type\":\"Person\",\"@id\":\"https:\\\/\\\/www.2euros.org\\\/en\\\/#\\\/schema\\\/person\\\/12e34ec3242fa163c51adacbcd7b2ebd\",\"name\":\"Pierre D\",\"image\":{\"@type\":\"ImageObject\",\"inLanguage\":\"en-US\",\"@id\":\"https:\\\/\\\/www.2euros.org\\\/wp-content\\\/uploads\\\/wp-user-manager-uploads\\\/2025\\\/12\\\/462084061_10231332749754304_5952221512921178099_n.jpg\",\"url\":\"https:\\\/\\\/www.2euros.org\\\/wp-content\\\/uploads\\\/wp-user-manager-uploads\\\/2025\\\/12\\\/462084061_10231332749754304_5952221512921178099_n.jpg\",\"contentUrl\":\"https:\\\/\\\/www.2euros.org\\\/wp-content\\\/uploads\\\/wp-user-manager-uploads\\\/2025\\\/12\\\/462084061_10231332749754304_5952221512921178099_n.jpg\",\"caption\":\"Pierre D\"},\"description\":\"Webmaster de 2euros.org\",\"sameAs\":[\"https:\\\/\\\/www.2euros.org\\\/\"]}]}<\/script>\n<!-- \/ Yoast SEO plugin. -->","yoast_head_json":{"title":"Accession to the throne of King Felipe VI - Spain 2014 &#8226; 2Euros.org","description":"The commemorative coin celebrates the Abdication of Juan Carlos I and accession to the throne of King Felipe VI, and was issued by Spain in 2014.","robots":{"index":"index","follow":"follow","max-snippet":"max-snippet:-1","max-image-preview":"max-image-preview:large","max-video-preview":"max-video-preview:-1"},"canonical":"https:\/\/www.2euros.org\/en\/2-euro-commemorative-2014\/2014-spain-abdication-of-king-juan-carlos-i-and-accession-to-the-throne-of-king-felipe-vi\/","og_locale":"en_US","og_type":"article","og_title":"Accession to the throne of King Felipe VI - Spain 2014 &#8226; 2Euros.org","og_description":"The commemorative coin celebrates the Abdication of Juan Carlos I and accession to the throne of King Felipe VI, and was issued by Spain in 2014.","og_url":"https:\/\/www.2euros.org\/en\/2-euro-commemorative-2014\/2014-spain-abdication-of-king-juan-carlos-i-and-accession-to-the-throne-of-king-felipe-vi\/","og_site_name":"2Euros.org","article_publisher":"https:\/\/www.facebook.com\/groups\/133974904458606","article_published_time":"2019-02-24T16:49:52+00:00","article_modified_time":"2025-01-31T13:46:00+00:00","og_image":[{"width":400,"height":400,"url":"https:\/\/www.2euros.org\/wp-content\/uploads\/2019\/02\/2014-espagne2gm-53c.jpg","type":"image\/jpeg"}],"author":"Pierre D","twitter_card":"summary_large_image","twitter_misc":{"Written by":"Pierre D","Est. reading time":"2 minutes"},"schema":{"@context":"https:\/\/schema.org","@graph":[{"@type":"Article","@id":"https:\/\/www.2euros.org\/en\/2-euro-commemorative-2014\/2014-spain-abdication-of-king-juan-carlos-i-and-accession-to-the-throne-of-king-felipe-vi\/#article","isPartOf":{"@id":"https:\/\/www.2euros.org\/en\/2-euro-commemorative-2014\/2014-spain-abdication-of-king-juan-carlos-i-and-accession-to-the-throne-of-king-felipe-vi\/"},"author":{"name":"Pierre D","@id":"https:\/\/www.2euros.org\/en\/#\/schema\/person\/12e34ec3242fa163c51adacbcd7b2ebd"},"headline":"2014 &#8211; Spain &#8211; Abdication of King Juan Carlos I and accession to the throne of King Felipe VI","datePublished":"2019-02-24T16:49:52+00:00","dateModified":"2025-01-31T13:46:00+00:00","mainEntityOfPage":{"@id":"https:\/\/www.2euros.org\/en\/2-euro-commemorative-2014\/2014-spain-abdication-of-king-juan-carlos-i-and-accession-to-the-throne-of-king-felipe-vi\/"},"wordCount":372,"commentCount":0,"publisher":{"@id":"https:\/\/www.2euros.org\/en\/#organization"},"image":{"@id":"https:\/\/www.2euros.org\/en\/2-euro-commemorative-2014\/2014-spain-abdication-of-king-juan-carlos-i-and-accession-to-the-throne-of-king-felipe-vi\/#primaryimage"},"thumbnailUrl":"https:\/\/www.2euros.org\/wp-content\/uploads\/2019\/02\/2014-espagne2gm-53c.jpg","keywords":["2","2014","abdication","accession","carlos","comm\u00e9morative","espagne","euros","felipe","I","juan","king","tr\u00f4ne","vi"],"articleSection":["2014","Spain"],"inLanguage":"en-US","potentialAction":[{"@type":"CommentAction","name":"Comment","target":["https:\/\/www.2euros.org\/en\/2-euro-commemorative-2014\/2014-spain-abdication-of-king-juan-carlos-i-and-accession-to-the-throne-of-king-felipe-vi\/#respond"]}]},{"@type":"WebPage","@id":"https:\/\/www.2euros.org\/en\/2-euro-commemorative-2014\/2014-spain-abdication-of-king-juan-carlos-i-and-accession-to-the-throne-of-king-felipe-vi\/","url":"https:\/\/www.2euros.org\/en\/2-euro-commemorative-2014\/2014-spain-abdication-of-king-juan-carlos-i-and-accession-to-the-throne-of-king-felipe-vi\/","name":"Accession to the throne of King Felipe VI - Spain 2014 &#8226; 2Euros.org","isPartOf":{"@id":"https:\/\/www.2euros.org\/en\/#website"},"primaryImageOfPage":{"@id":"https:\/\/www.2euros.org\/en\/2-euro-commemorative-2014\/2014-spain-abdication-of-king-juan-carlos-i-and-accession-to-the-throne-of-king-felipe-vi\/#primaryimage"},"image":{"@id":"https:\/\/www.2euros.org\/en\/2-euro-commemorative-2014\/2014-spain-abdication-of-king-juan-carlos-i-and-accession-to-the-throne-of-king-felipe-vi\/#primaryimage"},"thumbnailUrl":"https:\/\/www.2euros.org\/wp-content\/uploads\/2019\/02\/2014-espagne2gm-53c.jpg","datePublished":"2019-02-24T16:49:52+00:00","dateModified":"2025-01-31T13:46:00+00:00","description":"The commemorative coin celebrates the Abdication of Juan Carlos I and accession to the throne of King Felipe VI, and was issued by Spain in 2014.","breadcrumb":{"@id":"https:\/\/www.2euros.org\/en\/2-euro-commemorative-2014\/2014-spain-abdication-of-king-juan-carlos-i-and-accession-to-the-throne-of-king-felipe-vi\/#breadcrumb"},"inLanguage":"en-US","potentialAction":[{"@type":"ReadAction","target":["https:\/\/www.2euros.org\/en\/2-euro-commemorative-2014\/2014-spain-abdication-of-king-juan-carlos-i-and-accession-to-the-throne-of-king-felipe-vi\/"]}]},{"@type":"ImageObject","inLanguage":"en-US","@id":"https:\/\/www.2euros.org\/en\/2-euro-commemorative-2014\/2014-spain-abdication-of-king-juan-carlos-i-and-accession-to-the-throne-of-king-felipe-vi\/#primaryimage","url":"https:\/\/www.2euros.org\/wp-content\/uploads\/2019\/02\/2014-espagne2gm-53c.jpg","contentUrl":"https:\/\/www.2euros.org\/wp-content\/uploads\/2019\/02\/2014-espagne2gm-53c.jpg","width":400,"height":400},{"@type":"BreadcrumbList","@id":"https:\/\/www.2euros.org\/en\/2-euro-commemorative-2014\/2014-spain-abdication-of-king-juan-carlos-i-and-accession-to-the-throne-of-king-felipe-vi\/#breadcrumb","itemListElement":[{"@type":"ListItem","position":1,"name":"Home","item":"https:\/\/www.2euros.org\/en\/"},{"@type":"ListItem","position":2,"name":"2014","item":"https:\/\/www.2euros.org\/en\/category\/2-euro-commemorative-2014\/"},{"@type":"ListItem","position":3,"name":"2014 &#8211; Spain &#8211; Abdication of King Juan Carlos I and accession to the throne of King Felipe VI"}]},{"@type":"WebSite","@id":"https:\/\/www.2euros.org\/en\/#website","url":"https:\/\/www.2euros.org\/en\/","name":"2Euros.org","description":"Site de r\u00e9f\u00e9rence des pi\u00e8ces comm\u00e9moratives de 2 euros","publisher":{"@id":"https:\/\/www.2euros.org\/en\/#organization"},"potentialAction":[{"@type":"SearchAction","target":{"@type":"EntryPoint","urlTemplate":"https:\/\/www.2euros.org\/en\/?s={search_term_string}"},"query-input":{"@type":"PropertyValueSpecification","valueRequired":true,"valueName":"search_term_string"}}],"inLanguage":"en-US"},{"@type":"Organization","@id":"https:\/\/www.2euros.org\/en\/#organization","name":"Ce site a pour but de r\u00e9f\u00e9rencer toutes les pi\u00e8ces de 2euros comm\u00e9moratives. Elles seront r\u00e9f\u00e9renc\u00e9es par ann\u00e9e et par pays. Pour chaque pi\u00e8ce, vous trouverez un descriptif d\u00e9taill\u00e9, son estimation, le d\u00e9tail de ses caract\u00e9ristiques, l'\u00e9mission, etc...","alternateName":"2Euros.org!","url":"https:\/\/www.2euros.org\/en\/","logo":{"@type":"ImageObject","inLanguage":"en-US","@id":"https:\/\/www.2euros.org\/en\/#\/schema\/logo\/image\/","url":"https:\/\/www.2euros.org\/wp-content\/uploads\/2023\/11\/cropped-logo2euros200px.png","contentUrl":"https:\/\/www.2euros.org\/wp-content\/uploads\/2023\/11\/cropped-logo2euros200px.png","width":200,"height":200,"caption":"Ce site a pour but de r\u00e9f\u00e9rencer toutes les pi\u00e8ces de 2euros comm\u00e9moratives. Elles seront r\u00e9f\u00e9renc\u00e9es par ann\u00e9e et par pays. Pour chaque pi\u00e8ce, vous trouverez un descriptif d\u00e9taill\u00e9, son estimation, le d\u00e9tail de ses caract\u00e9ristiques, l'\u00e9mission, etc..."},"image":{"@id":"https:\/\/www.2euros.org\/en\/#\/schema\/logo\/image\/"},"sameAs":["https:\/\/www.facebook.com\/groups\/133974904458606"]},{"@type":"Person","@id":"https:\/\/www.2euros.org\/en\/#\/schema\/person\/12e34ec3242fa163c51adacbcd7b2ebd","name":"Pierre D","image":{"@type":"ImageObject","inLanguage":"en-US","@id":"https:\/\/www.2euros.org\/wp-content\/uploads\/wp-user-manager-uploads\/2025\/12\/462084061_10231332749754304_5952221512921178099_n.jpg","url":"https:\/\/www.2euros.org\/wp-content\/uploads\/wp-user-manager-uploads\/2025\/12\/462084061_10231332749754304_5952221512921178099_n.jpg","contentUrl":"https:\/\/www.2euros.org\/wp-content\/uploads\/wp-user-manager-uploads\/2025\/12\/462084061_10231332749754304_5952221512921178099_n.jpg","caption":"Pierre D"},"description":"Webmaster de 2euros.org","sameAs":["https:\/\/www.2euros.org\/"]}]}},"_links":{"self":[{"href":"https:\/\/www.2euros.org\/en\/wp-json\/wp\/v2\/posts\/17359","targetHints":{"allow":["GET"]}}],"collection":[{"href":"https:\/\/www.2euros.org\/en\/wp-json\/wp\/v2\/posts"}],"about":[{"href":"https:\/\/www.2euros.org\/en\/wp-json\/wp\/v2\/types\/post"}],"author":[{"embeddable":true,"href":"https:\/\/www.2euros.org\/en\/wp-json\/wp\/v2\/users\/1"}],"replies":[{"embeddable":true,"href":"https:\/\/www.2euros.org\/en\/wp-json\/wp\/v2\/comments?post=17359"}],"version-history":[{"count":0,"href":"https:\/\/www.2euros.org\/en\/wp-json\/wp\/v2\/posts\/17359\/revisions"}],"wp:featuredmedia":[{"embeddable":true,"href":"https:\/\/www.2euros.org\/en\/wp-json\/wp\/v2\/media\/10704"}],"wp:attachment":[{"href":"https:\/\/www.2euros.org\/en\/wp-json\/wp\/v2\/media?parent=17359"}],"wp:term":[{"taxonomy":"category","embeddable":true,"href":"https:\/\/www.2euros.org\/en\/wp-json\/wp\/v2\/categories?post=17359"},{"taxonomy":"post_tag","embeddable":true,"href":"https:\/\/www.2euros.org\/en\/wp-json\/wp\/v2\/tags?post=17359"}],"curies":[{"name":"wp","href":"https:\/\/api.w.org\/{rel}","templated":true}]}}