{"id":17293,"date":"2019-03-04T08:20:33","date_gmt":"2019-03-04T07:20:33","guid":{"rendered":"https:\/\/www.2euros.org\/non-classifiee\/2018-monaco-250th-anniversary-of-the-birth-of-the-monegasque-sculptor-painter-and-designer-francois-joseph-bosio\/"},"modified":"2025-01-31T14:02:15","modified_gmt":"2025-01-31T13:02:15","slug":"2018-monaco-250th-anniversary-of-the-birth-of-the-monegasque-sculptor-painter-and-designer-francois-joseph-bosio","status":"publish","type":"post","link":"https:\/\/www.2euros.org\/en\/2-euro-commemorative-2018\/2018-monaco-250th-anniversary-of-the-birth-of-the-monegasque-sculptor-painter-and-designer-francois-joseph-bosio\/","title":{"rendered":"2018 &#8211; Monaco &#8211; 250th anniversary of the birth of the Monegasque sculptor, painter and designer Fran\u00e7ois-Joseph Bosio"},"content":{"rendered":"\n<h2 class=\"wp-block-heading has-text-align-left\">Introduction<\/h2>\n\n<p>The euro coin issued by Monaco in 2018 celebrates Fran\u00e7ois-Joseph Bosio, a renowned sculptor. This coin pays tribute to this major artist of the 19th century. It highlights the importance of his work for Monaco and art in general.<\/p>\n\n<h2 class=\"wp-block-heading\">Coin description<\/h2>\n\n<p>The obverse of this coin features a finely detailed portrait of Franz Joseph Bosio. To his right, one of his iconic sculptures, &#8220;The Nymph Salmacis,&#8221; is depicted. Bosio&#8217;s face, turned slightly to the left, displays a serious and contemplative expression. In addition, his hair and distinctive features add a touch of historical authenticity to the coin.<\/p>\n\n<p>At the top of the piece, the inscription &#8220;MONACO&#8221; appears in capital letters, centered above the portrait of the artist. The inscription &#8220;FRAN\u00c7OIS-JOSEPH BOSIO 1768 SCULPTEUR 2018&#8221; frames the bottom of the sculpture. This inscription marks the 250th anniversary of Bosio&#8217;s birth and recalls his profession as a sculptor.<\/p>\n\n<p>The outer edge of the obverse is decorated with twelve stars, representing the twelve founding countries of the European Union. This decoration symbolises Monaco&#8217;s integration into the wider framework of the European community. Consequently, it emphasises the link between Monaco and Europe despite its status as an independent principality.<\/p>\n\n<h2 class=\"wp-block-heading\">Conclusion<\/h2>\n\n<p class=\"has-text-align-left\">In conclusion, the euro coin issued by Monaco in 2018 honors Fran\u00e7ois-Joseph Bosio, a renowned sculptor. This coin, marking the 250th anniversary of his birth, features a detailed design and carefully chosen inscriptions. It highlights the importance of this artist for Monaco and art in general. Therefore, this coin is not only a valuable collector&#8217;s item, but also a tangible reminder of the artistic history and heritage of the principality.<\/p>\n\n<figure class=\"wp-block-table is-style-stripes\"><table><tbody><tr><td><strong>Country of Issue:<\/strong><\/td><td><img loading=\"lazy\" decoding=\"async\" width=\"32\" height=\"21\" class=\"wp-image-1881\" style=\"width: 32px;\" src=\"https:\/\/www.2euros.org\/wp-content\/uploads\/2021\/08\/monaco-08f.png\" alt=\"\" srcset=\"https:\/\/www.2euros.org\/wp-content\/uploads\/2021\/08\/monaco-08f.png 32w, https:\/\/www.2euros.org\/wp-content\/uploads\/2021\/08\/monaco-08f-24x16.png 24w\" sizes=\"auto, (max-width: 32px) 100vw, 32px\" \/><\/td><\/tr><tr><td><strong>Date of issue:<\/strong><\/td><td>June 1, 2018<\/td><\/tr><tr><td><strong>Total mintage:<\/strong><\/td><td>16.000<\/td><\/tr><tr><td>\u2013 Proof:<\/td><td>\u00a016.000<\/td><\/tr><tr><td>\u2013 BU:<\/td><td>\u00a00<\/td><\/tr><tr><td>\u2013 UNC:<\/td><td>\u00a00<\/td><\/tr><tr><td><strong>Engraver:<\/strong><\/td><td>Monnaie de Paris<\/td><\/tr><tr><td><strong>The edge:<\/strong><\/td><td><img loading=\"lazy\" decoding=\"async\" width=\"200\" height=\"11\" class=\"wp-image-18721\" style=\"width: 200px;\" src=\"https:\/\/www.2euros.org\/wp-content\/uploads\/2005\/05\/luxembourg1.jpg\" alt=\"\" srcset=\"https:\/\/www.2euros.org\/wp-content\/uploads\/2005\/05\/luxembourg1.jpg 187w, https:\/\/www.2euros.org\/wp-content\/uploads\/2005\/05\/luxembourg1-150x8.jpg 150w\" sizes=\"auto, (max-width: 200px) 100vw, 200px\" \/><\/td><\/tr><tr><td><strong>Rarity:<\/strong><\/td><td><img decoding=\"async\" src=\"https:\/\/www.2euros.org\/images\/euro.png\"\/><img decoding=\"async\" src=\"https:\/\/www.2euros.org\/images\/euro.png\"\/><img decoding=\"async\" src=\"https:\/\/www.2euros.org\/images\/euro.png\"\/><img decoding=\"async\" src=\"https:\/\/www.2euros.org\/images\/euro.png\"\/><img decoding=\"async\" src=\"https:\/\/www.2euros.org\/images\/euro.png\"\/><img decoding=\"async\" src=\"https:\/\/www.2euros.org\/images\/euro.png\"\/><img decoding=\"async\" src=\"https:\/\/www.2euros.org\/images\/euro.png\"\/><img decoding=\"async\" src=\"https:\/\/www.2euros.org\/images\/euro.png\"\/><img decoding=\"async\" src=\"https:\/\/www.2euros.org\/images\/euro.png\"\/><img decoding=\"async\" src=\"https:\/\/www.2euros.org\/images\/euro2.png\"\/><\/td><\/tr><tr><td><strong>Official Journal:<\/strong><\/td><td><a href=\"https:\/\/eur-lex.europa.eu\/legal-content\/FR\/TXT\/?uri=CELEX%3AC2018%2F422%2F05&amp;qid=1720101057402\" target=\"_blank\" rel=\"noreferrer noopener\">2018\/C 422\/05<\/a><\/td><\/tr><tr><td><strong>My collection:<\/strong><\/td><td>[cbxwpbookmarkbtn]<\/td><\/tr><\/tbody><\/table><\/figure>\n\n<p>Do you want to know the technical specifications of this coin? Feel free to visit the page dedicated to the <a href=\"https:\/\/www.2euros.org\/en\/numismatics\/characteristics-of-a-2-euro-coin\/\" target=\"_blank\" rel=\"noreferrer noopener\">specifications of a 2-euro coin<\/a>.<\/p>\n","protected":false},"excerpt":{"rendered":"<div class=\"mh-excerpt\"><p>Introduction The euro coin issued by Monaco in 2018 celebrates Fran\u00e7ois-Joseph Bosio, a renowned sculptor. This coin pays tribute to this major artist of the 19th century. It highlights the importance of his work for <a class=\"mh-excerpt-more\" href=\"https:\/\/www.2euros.org\/en\/2-euro-commemorative-2018\/2018-monaco-250th-anniversary-of-the-birth-of-the-monegasque-sculptor-painter-and-designer-francois-joseph-bosio\/\" title=\"2018 &#8211; Monaco &#8211; 250th anniversary of the birth of the Monegasque sculptor, painter and designer Fran\u00e7ois-Joseph Bosio\">[&#8230;]<\/a><\/p>\n                <div class=\"ccm-buttons ccm-buttons-small\"\n                     data-post-id=\"17293\"\n                     data-state='{&quot;be&quot;:0,&quot;bu&quot;:0,&quot;unc&quot;:0,&quot;circulation&quot;:0}'\n                     data-not-logged=\"true\">\n                    <span class=\"ccm-label\">My collection<\/span>\n                    <button class=\"coin-btn\" data-type=\"be\">Proof<\/button>\n                    <button class=\"coin-btn\" data-type=\"bu\">BU<\/button>\n                    <button class=\"coin-btn\" data-type=\"unc\">UNC<\/button>\n                    <button class=\"coin-btn\" data-type=\"circulation\">Circulated<\/button>\n                    <span class=\"ccm-separator\"> - <\/span>\n                    <button class=\"no-coin-btn\" data-type=\"none\">I don&#039;t have this coin<\/button>\n                <\/div>\n                <p class=\"ccm-login-message\">Veuillez vous inscrire pour pouvoir g\u00e9rer votre collection<\/p><\/div>","protected":false},"author":1,"featured_media":12170,"comment_status":"open","ping_status":"open","sticky":false,"template":"","format":"standard","meta":{"footnotes":""},"categories":[1171,1198],"tags":[],"class_list":["post-17293","post","type-post","status-publish","format-standard","has-post-thumbnail","hentry","category-2-euro-commemorative-2018","category-2-euro-commemorative-monaco"],"yoast_head":"<!-- This site is optimized with the Yoast SEO plugin v27.4 - https:\/\/yoast.com\/product\/yoast-seo-wordpress\/ -->\n<title>250th anniversary of the birth of Bosio - Monaco 2018 &#8226; 2Euros.org<\/title>\n<meta name=\"description\" content=\"The commemorative coin celebrates the 250th anniversary of the birth of Franz Joseph Bosio and was issued by Monaco in 2018\" \/>\n<meta name=\"robots\" content=\"index, follow, max-snippet:-1, max-image-preview:large, max-video-preview:-1\" \/>\n<link rel=\"canonical\" href=\"https:\/\/www.2euros.org\/en\/2-euro-commemorative-2018\/2018-monaco-250th-anniversary-of-the-birth-of-the-monegasque-sculptor-painter-and-designer-francois-joseph-bosio\/\" \/>\n<meta property=\"og:locale\" content=\"en_US\" \/>\n<meta property=\"og:type\" content=\"article\" \/>\n<meta property=\"og:title\" content=\"250th anniversary of the birth of Bosio - Monaco 2018 &#8226; 2Euros.org\" \/>\n<meta property=\"og:description\" content=\"The commemorative coin celebrates the 250th anniversary of the birth of Franz Joseph Bosio and was issued by Monaco in 2018\" \/>\n<meta property=\"og:url\" content=\"https:\/\/www.2euros.org\/en\/2-euro-commemorative-2018\/2018-monaco-250th-anniversary-of-the-birth-of-the-monegasque-sculptor-painter-and-designer-francois-joseph-bosio\/\" \/>\n<meta property=\"og:site_name\" content=\"2Euros.org\" \/>\n<meta property=\"article:publisher\" content=\"https:\/\/www.facebook.com\/groups\/133974904458606\" \/>\n<meta property=\"article:published_time\" content=\"2019-03-04T07:20:33+00:00\" \/>\n<meta property=\"article:modified_time\" content=\"2025-01-31T13:02:15+00:00\" \/>\n<meta property=\"og:image\" content=\"https:\/\/www.2euros.org\/wp-content\/uploads\/2019\/03\/2018-monacogm-434.jpg\" \/>\n\t<meta property=\"og:image:width\" content=\"400\" \/>\n\t<meta property=\"og:image:height\" content=\"400\" \/>\n\t<meta property=\"og:image:type\" content=\"image\/jpeg\" \/>\n<meta name=\"author\" content=\"Pierre D\" \/>\n<meta name=\"twitter:card\" content=\"summary_large_image\" \/>\n<meta name=\"twitter:label1\" content=\"Written by\" \/>\n\t<meta name=\"twitter:data1\" content=\"Pierre D\" \/>\n\t<meta name=\"twitter:label2\" content=\"Est. reading time\" \/>\n\t<meta name=\"twitter:data2\" content=\"2 minutes\" \/>\n<script type=\"application\/ld+json\" class=\"yoast-schema-graph\">{\"@context\":\"https:\\\/\\\/schema.org\",\"@graph\":[{\"@type\":\"Article\",\"@id\":\"https:\\\/\\\/www.2euros.org\\\/en\\\/2-euro-commemorative-2018\\\/2018-monaco-250th-anniversary-of-the-birth-of-the-monegasque-sculptor-painter-and-designer-francois-joseph-bosio\\\/#article\",\"isPartOf\":{\"@id\":\"https:\\\/\\\/www.2euros.org\\\/en\\\/2-euro-commemorative-2018\\\/2018-monaco-250th-anniversary-of-the-birth-of-the-monegasque-sculptor-painter-and-designer-francois-joseph-bosio\\\/\"},\"author\":{\"name\":\"Pierre D\",\"@id\":\"https:\\\/\\\/www.2euros.org\\\/en\\\/#\\\/schema\\\/person\\\/12e34ec3242fa163c51adacbcd7b2ebd\"},\"headline\":\"2018 &#8211; Monaco &#8211; 250th anniversary of the birth of the Monegasque sculptor, painter and designer Fran\u00e7ois-Joseph Bosio\",\"datePublished\":\"2019-03-04T07:20:33+00:00\",\"dateModified\":\"2025-01-31T13:02:15+00:00\",\"mainEntityOfPage\":{\"@id\":\"https:\\\/\\\/www.2euros.org\\\/en\\\/2-euro-commemorative-2018\\\/2018-monaco-250th-anniversary-of-the-birth-of-the-monegasque-sculptor-painter-and-designer-francois-joseph-bosio\\\/\"},\"wordCount\":338,\"commentCount\":0,\"publisher\":{\"@id\":\"https:\\\/\\\/www.2euros.org\\\/en\\\/#organization\"},\"image\":{\"@id\":\"https:\\\/\\\/www.2euros.org\\\/en\\\/2-euro-commemorative-2018\\\/2018-monaco-250th-anniversary-of-the-birth-of-the-monegasque-sculptor-painter-and-designer-francois-joseph-bosio\\\/#primaryimage\"},\"thumbnailUrl\":\"https:\\\/\\\/www.2euros.org\\\/wp-content\\\/uploads\\\/2019\\\/03\\\/2018-monacogm-434.jpg\",\"articleSection\":[\"2018\",\"Monaco\"],\"inLanguage\":\"en-US\",\"potentialAction\":[{\"@type\":\"CommentAction\",\"name\":\"Comment\",\"target\":[\"https:\\\/\\\/www.2euros.org\\\/en\\\/2-euro-commemorative-2018\\\/2018-monaco-250th-anniversary-of-the-birth-of-the-monegasque-sculptor-painter-and-designer-francois-joseph-bosio\\\/#respond\"]}]},{\"@type\":\"WebPage\",\"@id\":\"https:\\\/\\\/www.2euros.org\\\/en\\\/2-euro-commemorative-2018\\\/2018-monaco-250th-anniversary-of-the-birth-of-the-monegasque-sculptor-painter-and-designer-francois-joseph-bosio\\\/\",\"url\":\"https:\\\/\\\/www.2euros.org\\\/en\\\/2-euro-commemorative-2018\\\/2018-monaco-250th-anniversary-of-the-birth-of-the-monegasque-sculptor-painter-and-designer-francois-joseph-bosio\\\/\",\"name\":\"250th anniversary of the birth of Bosio - Monaco 2018 &#8226; 2Euros.org\",\"isPartOf\":{\"@id\":\"https:\\\/\\\/www.2euros.org\\\/en\\\/#website\"},\"primaryImageOfPage\":{\"@id\":\"https:\\\/\\\/www.2euros.org\\\/en\\\/2-euro-commemorative-2018\\\/2018-monaco-250th-anniversary-of-the-birth-of-the-monegasque-sculptor-painter-and-designer-francois-joseph-bosio\\\/#primaryimage\"},\"image\":{\"@id\":\"https:\\\/\\\/www.2euros.org\\\/en\\\/2-euro-commemorative-2018\\\/2018-monaco-250th-anniversary-of-the-birth-of-the-monegasque-sculptor-painter-and-designer-francois-joseph-bosio\\\/#primaryimage\"},\"thumbnailUrl\":\"https:\\\/\\\/www.2euros.org\\\/wp-content\\\/uploads\\\/2019\\\/03\\\/2018-monacogm-434.jpg\",\"datePublished\":\"2019-03-04T07:20:33+00:00\",\"dateModified\":\"2025-01-31T13:02:15+00:00\",\"description\":\"The commemorative coin celebrates the 250th anniversary of the birth of Franz Joseph Bosio and was issued by Monaco in 2018\",\"breadcrumb\":{\"@id\":\"https:\\\/\\\/www.2euros.org\\\/en\\\/2-euro-commemorative-2018\\\/2018-monaco-250th-anniversary-of-the-birth-of-the-monegasque-sculptor-painter-and-designer-francois-joseph-bosio\\\/#breadcrumb\"},\"inLanguage\":\"en-US\",\"potentialAction\":[{\"@type\":\"ReadAction\",\"target\":[\"https:\\\/\\\/www.2euros.org\\\/en\\\/2-euro-commemorative-2018\\\/2018-monaco-250th-anniversary-of-the-birth-of-the-monegasque-sculptor-painter-and-designer-francois-joseph-bosio\\\/\"]}]},{\"@type\":\"ImageObject\",\"inLanguage\":\"en-US\",\"@id\":\"https:\\\/\\\/www.2euros.org\\\/en\\\/2-euro-commemorative-2018\\\/2018-monaco-250th-anniversary-of-the-birth-of-the-monegasque-sculptor-painter-and-designer-francois-joseph-bosio\\\/#primaryimage\",\"url\":\"https:\\\/\\\/www.2euros.org\\\/wp-content\\\/uploads\\\/2019\\\/03\\\/2018-monacogm-434.jpg\",\"contentUrl\":\"https:\\\/\\\/www.2euros.org\\\/wp-content\\\/uploads\\\/2019\\\/03\\\/2018-monacogm-434.jpg\",\"width\":400,\"height\":400},{\"@type\":\"BreadcrumbList\",\"@id\":\"https:\\\/\\\/www.2euros.org\\\/en\\\/2-euro-commemorative-2018\\\/2018-monaco-250th-anniversary-of-the-birth-of-the-monegasque-sculptor-painter-and-designer-francois-joseph-bosio\\\/#breadcrumb\",\"itemListElement\":[{\"@type\":\"ListItem\",\"position\":1,\"name\":\"Home\",\"item\":\"https:\\\/\\\/www.2euros.org\\\/en\\\/\"},{\"@type\":\"ListItem\",\"position\":2,\"name\":\"2018\",\"item\":\"https:\\\/\\\/www.2euros.org\\\/en\\\/category\\\/2-euro-commemorative-2018\\\/\"},{\"@type\":\"ListItem\",\"position\":3,\"name\":\"2018 &#8211; Monaco &#8211; 250th anniversary of the birth of the Monegasque sculptor, painter and designer Fran\u00e7ois-Joseph Bosio\"}]},{\"@type\":\"WebSite\",\"@id\":\"https:\\\/\\\/www.2euros.org\\\/en\\\/#website\",\"url\":\"https:\\\/\\\/www.2euros.org\\\/en\\\/\",\"name\":\"2Euros.org\",\"description\":\"Site de r\u00e9f\u00e9rence des pi\u00e8ces comm\u00e9moratives de 2 euros\",\"publisher\":{\"@id\":\"https:\\\/\\\/www.2euros.org\\\/en\\\/#organization\"},\"potentialAction\":[{\"@type\":\"SearchAction\",\"target\":{\"@type\":\"EntryPoint\",\"urlTemplate\":\"https:\\\/\\\/www.2euros.org\\\/en\\\/?s={search_term_string}\"},\"query-input\":{\"@type\":\"PropertyValueSpecification\",\"valueRequired\":true,\"valueName\":\"search_term_string\"}}],\"inLanguage\":\"en-US\"},{\"@type\":\"Organization\",\"@id\":\"https:\\\/\\\/www.2euros.org\\\/en\\\/#organization\",\"name\":\"Ce site a pour but de r\u00e9f\u00e9rencer toutes les pi\u00e8ces de 2euros comm\u00e9moratives. Elles seront r\u00e9f\u00e9renc\u00e9es par ann\u00e9e et par pays. Pour chaque pi\u00e8ce, vous trouverez un descriptif d\u00e9taill\u00e9, son estimation, le d\u00e9tail de ses caract\u00e9ristiques, l'\u00e9mission, etc...\",\"alternateName\":\"2Euros.org!\",\"url\":\"https:\\\/\\\/www.2euros.org\\\/en\\\/\",\"logo\":{\"@type\":\"ImageObject\",\"inLanguage\":\"en-US\",\"@id\":\"https:\\\/\\\/www.2euros.org\\\/en\\\/#\\\/schema\\\/logo\\\/image\\\/\",\"url\":\"https:\\\/\\\/www.2euros.org\\\/wp-content\\\/uploads\\\/2023\\\/11\\\/cropped-logo2euros200px.png\",\"contentUrl\":\"https:\\\/\\\/www.2euros.org\\\/wp-content\\\/uploads\\\/2023\\\/11\\\/cropped-logo2euros200px.png\",\"width\":200,\"height\":200,\"caption\":\"Ce site a pour but de r\u00e9f\u00e9rencer toutes les pi\u00e8ces de 2euros comm\u00e9moratives. Elles seront r\u00e9f\u00e9renc\u00e9es par ann\u00e9e et par pays. Pour chaque pi\u00e8ce, vous trouverez un descriptif d\u00e9taill\u00e9, son estimation, le d\u00e9tail de ses caract\u00e9ristiques, l'\u00e9mission, etc...\"},\"image\":{\"@id\":\"https:\\\/\\\/www.2euros.org\\\/en\\\/#\\\/schema\\\/logo\\\/image\\\/\"},\"sameAs\":[\"https:\\\/\\\/www.facebook.com\\\/groups\\\/133974904458606\"]},{\"@type\":\"Person\",\"@id\":\"https:\\\/\\\/www.2euros.org\\\/en\\\/#\\\/schema\\\/person\\\/12e34ec3242fa163c51adacbcd7b2ebd\",\"name\":\"Pierre D\",\"image\":{\"@type\":\"ImageObject\",\"inLanguage\":\"en-US\",\"@id\":\"https:\\\/\\\/www.2euros.org\\\/wp-content\\\/uploads\\\/wp-user-manager-uploads\\\/2025\\\/12\\\/462084061_10231332749754304_5952221512921178099_n.jpg\",\"url\":\"https:\\\/\\\/www.2euros.org\\\/wp-content\\\/uploads\\\/wp-user-manager-uploads\\\/2025\\\/12\\\/462084061_10231332749754304_5952221512921178099_n.jpg\",\"contentUrl\":\"https:\\\/\\\/www.2euros.org\\\/wp-content\\\/uploads\\\/wp-user-manager-uploads\\\/2025\\\/12\\\/462084061_10231332749754304_5952221512921178099_n.jpg\",\"caption\":\"Pierre D\"},\"description\":\"Webmaster de 2euros.org\",\"sameAs\":[\"https:\\\/\\\/www.2euros.org\\\/\"]}]}<\/script>\n<!-- \/ Yoast SEO plugin. -->","yoast_head_json":{"title":"250th anniversary of the birth of Bosio - Monaco 2018 &#8226; 2Euros.org","description":"The commemorative coin celebrates the 250th anniversary of the birth of Franz Joseph Bosio and was issued by Monaco in 2018","robots":{"index":"index","follow":"follow","max-snippet":"max-snippet:-1","max-image-preview":"max-image-preview:large","max-video-preview":"max-video-preview:-1"},"canonical":"https:\/\/www.2euros.org\/en\/2-euro-commemorative-2018\/2018-monaco-250th-anniversary-of-the-birth-of-the-monegasque-sculptor-painter-and-designer-francois-joseph-bosio\/","og_locale":"en_US","og_type":"article","og_title":"250th anniversary of the birth of Bosio - Monaco 2018 &#8226; 2Euros.org","og_description":"The commemorative coin celebrates the 250th anniversary of the birth of Franz Joseph Bosio and was issued by Monaco in 2018","og_url":"https:\/\/www.2euros.org\/en\/2-euro-commemorative-2018\/2018-monaco-250th-anniversary-of-the-birth-of-the-monegasque-sculptor-painter-and-designer-francois-joseph-bosio\/","og_site_name":"2Euros.org","article_publisher":"https:\/\/www.facebook.com\/groups\/133974904458606","article_published_time":"2019-03-04T07:20:33+00:00","article_modified_time":"2025-01-31T13:02:15+00:00","og_image":[{"width":400,"height":400,"url":"https:\/\/www.2euros.org\/wp-content\/uploads\/2019\/03\/2018-monacogm-434.jpg","type":"image\/jpeg"}],"author":"Pierre D","twitter_card":"summary_large_image","twitter_misc":{"Written by":"Pierre D","Est. reading time":"2 minutes"},"schema":{"@context":"https:\/\/schema.org","@graph":[{"@type":"Article","@id":"https:\/\/www.2euros.org\/en\/2-euro-commemorative-2018\/2018-monaco-250th-anniversary-of-the-birth-of-the-monegasque-sculptor-painter-and-designer-francois-joseph-bosio\/#article","isPartOf":{"@id":"https:\/\/www.2euros.org\/en\/2-euro-commemorative-2018\/2018-monaco-250th-anniversary-of-the-birth-of-the-monegasque-sculptor-painter-and-designer-francois-joseph-bosio\/"},"author":{"name":"Pierre D","@id":"https:\/\/www.2euros.org\/en\/#\/schema\/person\/12e34ec3242fa163c51adacbcd7b2ebd"},"headline":"2018 &#8211; Monaco &#8211; 250th anniversary of the birth of the Monegasque sculptor, painter and designer Fran\u00e7ois-Joseph Bosio","datePublished":"2019-03-04T07:20:33+00:00","dateModified":"2025-01-31T13:02:15+00:00","mainEntityOfPage":{"@id":"https:\/\/www.2euros.org\/en\/2-euro-commemorative-2018\/2018-monaco-250th-anniversary-of-the-birth-of-the-monegasque-sculptor-painter-and-designer-francois-joseph-bosio\/"},"wordCount":338,"commentCount":0,"publisher":{"@id":"https:\/\/www.2euros.org\/en\/#organization"},"image":{"@id":"https:\/\/www.2euros.org\/en\/2-euro-commemorative-2018\/2018-monaco-250th-anniversary-of-the-birth-of-the-monegasque-sculptor-painter-and-designer-francois-joseph-bosio\/#primaryimage"},"thumbnailUrl":"https:\/\/www.2euros.org\/wp-content\/uploads\/2019\/03\/2018-monacogm-434.jpg","articleSection":["2018","Monaco"],"inLanguage":"en-US","potentialAction":[{"@type":"CommentAction","name":"Comment","target":["https:\/\/www.2euros.org\/en\/2-euro-commemorative-2018\/2018-monaco-250th-anniversary-of-the-birth-of-the-monegasque-sculptor-painter-and-designer-francois-joseph-bosio\/#respond"]}]},{"@type":"WebPage","@id":"https:\/\/www.2euros.org\/en\/2-euro-commemorative-2018\/2018-monaco-250th-anniversary-of-the-birth-of-the-monegasque-sculptor-painter-and-designer-francois-joseph-bosio\/","url":"https:\/\/www.2euros.org\/en\/2-euro-commemorative-2018\/2018-monaco-250th-anniversary-of-the-birth-of-the-monegasque-sculptor-painter-and-designer-francois-joseph-bosio\/","name":"250th anniversary of the birth of Bosio - Monaco 2018 &#8226; 2Euros.org","isPartOf":{"@id":"https:\/\/www.2euros.org\/en\/#website"},"primaryImageOfPage":{"@id":"https:\/\/www.2euros.org\/en\/2-euro-commemorative-2018\/2018-monaco-250th-anniversary-of-the-birth-of-the-monegasque-sculptor-painter-and-designer-francois-joseph-bosio\/#primaryimage"},"image":{"@id":"https:\/\/www.2euros.org\/en\/2-euro-commemorative-2018\/2018-monaco-250th-anniversary-of-the-birth-of-the-monegasque-sculptor-painter-and-designer-francois-joseph-bosio\/#primaryimage"},"thumbnailUrl":"https:\/\/www.2euros.org\/wp-content\/uploads\/2019\/03\/2018-monacogm-434.jpg","datePublished":"2019-03-04T07:20:33+00:00","dateModified":"2025-01-31T13:02:15+00:00","description":"The commemorative coin celebrates the 250th anniversary of the birth of Franz Joseph Bosio and was issued by Monaco in 2018","breadcrumb":{"@id":"https:\/\/www.2euros.org\/en\/2-euro-commemorative-2018\/2018-monaco-250th-anniversary-of-the-birth-of-the-monegasque-sculptor-painter-and-designer-francois-joseph-bosio\/#breadcrumb"},"inLanguage":"en-US","potentialAction":[{"@type":"ReadAction","target":["https:\/\/www.2euros.org\/en\/2-euro-commemorative-2018\/2018-monaco-250th-anniversary-of-the-birth-of-the-monegasque-sculptor-painter-and-designer-francois-joseph-bosio\/"]}]},{"@type":"ImageObject","inLanguage":"en-US","@id":"https:\/\/www.2euros.org\/en\/2-euro-commemorative-2018\/2018-monaco-250th-anniversary-of-the-birth-of-the-monegasque-sculptor-painter-and-designer-francois-joseph-bosio\/#primaryimage","url":"https:\/\/www.2euros.org\/wp-content\/uploads\/2019\/03\/2018-monacogm-434.jpg","contentUrl":"https:\/\/www.2euros.org\/wp-content\/uploads\/2019\/03\/2018-monacogm-434.jpg","width":400,"height":400},{"@type":"BreadcrumbList","@id":"https:\/\/www.2euros.org\/en\/2-euro-commemorative-2018\/2018-monaco-250th-anniversary-of-the-birth-of-the-monegasque-sculptor-painter-and-designer-francois-joseph-bosio\/#breadcrumb","itemListElement":[{"@type":"ListItem","position":1,"name":"Home","item":"https:\/\/www.2euros.org\/en\/"},{"@type":"ListItem","position":2,"name":"2018","item":"https:\/\/www.2euros.org\/en\/category\/2-euro-commemorative-2018\/"},{"@type":"ListItem","position":3,"name":"2018 &#8211; Monaco &#8211; 250th anniversary of the birth of the Monegasque sculptor, painter and designer Fran\u00e7ois-Joseph Bosio"}]},{"@type":"WebSite","@id":"https:\/\/www.2euros.org\/en\/#website","url":"https:\/\/www.2euros.org\/en\/","name":"2Euros.org","description":"Site de r\u00e9f\u00e9rence des pi\u00e8ces comm\u00e9moratives de 2 euros","publisher":{"@id":"https:\/\/www.2euros.org\/en\/#organization"},"potentialAction":[{"@type":"SearchAction","target":{"@type":"EntryPoint","urlTemplate":"https:\/\/www.2euros.org\/en\/?s={search_term_string}"},"query-input":{"@type":"PropertyValueSpecification","valueRequired":true,"valueName":"search_term_string"}}],"inLanguage":"en-US"},{"@type":"Organization","@id":"https:\/\/www.2euros.org\/en\/#organization","name":"Ce site a pour but de r\u00e9f\u00e9rencer toutes les pi\u00e8ces de 2euros comm\u00e9moratives. Elles seront r\u00e9f\u00e9renc\u00e9es par ann\u00e9e et par pays. Pour chaque pi\u00e8ce, vous trouverez un descriptif d\u00e9taill\u00e9, son estimation, le d\u00e9tail de ses caract\u00e9ristiques, l'\u00e9mission, etc...","alternateName":"2Euros.org!","url":"https:\/\/www.2euros.org\/en\/","logo":{"@type":"ImageObject","inLanguage":"en-US","@id":"https:\/\/www.2euros.org\/en\/#\/schema\/logo\/image\/","url":"https:\/\/www.2euros.org\/wp-content\/uploads\/2023\/11\/cropped-logo2euros200px.png","contentUrl":"https:\/\/www.2euros.org\/wp-content\/uploads\/2023\/11\/cropped-logo2euros200px.png","width":200,"height":200,"caption":"Ce site a pour but de r\u00e9f\u00e9rencer toutes les pi\u00e8ces de 2euros comm\u00e9moratives. Elles seront r\u00e9f\u00e9renc\u00e9es par ann\u00e9e et par pays. Pour chaque pi\u00e8ce, vous trouverez un descriptif d\u00e9taill\u00e9, son estimation, le d\u00e9tail de ses caract\u00e9ristiques, l'\u00e9mission, etc..."},"image":{"@id":"https:\/\/www.2euros.org\/en\/#\/schema\/logo\/image\/"},"sameAs":["https:\/\/www.facebook.com\/groups\/133974904458606"]},{"@type":"Person","@id":"https:\/\/www.2euros.org\/en\/#\/schema\/person\/12e34ec3242fa163c51adacbcd7b2ebd","name":"Pierre D","image":{"@type":"ImageObject","inLanguage":"en-US","@id":"https:\/\/www.2euros.org\/wp-content\/uploads\/wp-user-manager-uploads\/2025\/12\/462084061_10231332749754304_5952221512921178099_n.jpg","url":"https:\/\/www.2euros.org\/wp-content\/uploads\/wp-user-manager-uploads\/2025\/12\/462084061_10231332749754304_5952221512921178099_n.jpg","contentUrl":"https:\/\/www.2euros.org\/wp-content\/uploads\/wp-user-manager-uploads\/2025\/12\/462084061_10231332749754304_5952221512921178099_n.jpg","caption":"Pierre D"},"description":"Webmaster de 2euros.org","sameAs":["https:\/\/www.2euros.org\/"]}]}},"_links":{"self":[{"href":"https:\/\/www.2euros.org\/en\/wp-json\/wp\/v2\/posts\/17293","targetHints":{"allow":["GET"]}}],"collection":[{"href":"https:\/\/www.2euros.org\/en\/wp-json\/wp\/v2\/posts"}],"about":[{"href":"https:\/\/www.2euros.org\/en\/wp-json\/wp\/v2\/types\/post"}],"author":[{"embeddable":true,"href":"https:\/\/www.2euros.org\/en\/wp-json\/wp\/v2\/users\/1"}],"replies":[{"embeddable":true,"href":"https:\/\/www.2euros.org\/en\/wp-json\/wp\/v2\/comments?post=17293"}],"version-history":[{"count":0,"href":"https:\/\/www.2euros.org\/en\/wp-json\/wp\/v2\/posts\/17293\/revisions"}],"wp:featuredmedia":[{"embeddable":true,"href":"https:\/\/www.2euros.org\/en\/wp-json\/wp\/v2\/media\/12170"}],"wp:attachment":[{"href":"https:\/\/www.2euros.org\/en\/wp-json\/wp\/v2\/media?parent=17293"}],"wp:term":[{"taxonomy":"category","embeddable":true,"href":"https:\/\/www.2euros.org\/en\/wp-json\/wp\/v2\/categories?post=17293"},{"taxonomy":"post_tag","embeddable":true,"href":"https:\/\/www.2euros.org\/en\/wp-json\/wp\/v2\/tags?post=17293"}],"curies":[{"name":"wp","href":"https:\/\/api.w.org\/{rel}","templated":true}]}}