{"id":17205,"date":"2019-02-26T08:04:46","date_gmt":"2019-02-26T07:04:46","guid":{"rendered":"https:\/\/www.2euros.org\/non-classifiee\/2015-france-70-years-since-the-end-of-the-second-world-war\/"},"modified":"2025-01-31T14:31:43","modified_gmt":"2025-01-31T13:31:43","slug":"2015-france-70-years-since-the-end-of-the-second-world-war","status":"publish","type":"post","link":"https:\/\/www.2euros.org\/en\/2-euro-commemorative-france\/2015-france-70-years-since-the-end-of-the-second-world-war\/","title":{"rendered":"2015 &#8211; France &#8211; 70 years since the end of the Second World War"},"content":{"rendered":"\n<h2 class=\"wp-block-heading has-text-align-left\">Introduction<\/h2>\n\n<p>The 2 euro coin issued by France in 2015 celebrates a crucial theme: European unity and peace by commemorating the 70th anniversary of the end of the Second World War. In addition, this coin highlights cooperation and solidarity between the member countries of the European Union. Furthermore, it was introduced to mark France&#8217;s commitment to the European Union and its ideals. As such, this coin reflects the importance of peace and unity for the European continent.<\/p>\n\n<h2 class=\"wp-block-heading\">Coin description<\/h2>\n\n<p>The obverse of the coin features a stylized dove, a universal symbol of peace. In addition, this dove carries an olive branch, reinforcing the idea of \u200b\u200bpeace and reconciliation. In addition, around the dove, the initials of the member countries of the European Union appear. These initials include, among others, &#8220;AT&#8221;, &#8220;BE&#8221;, &#8220;BG&#8221;, &#8220;CY&#8221; and &#8220;CZ&#8221;. In addition, they underline the importance of each country in the European construction.<\/p>\n\n<p>The initials &#8220;RF&#8221; for &#8220;R\u00e9publique Fran\u00e7aise&#8221; are at the bottom of the coin, highlighting its origin. In addition, the year &#8220;2015&#8221; is engraved to the right of the dove, marking the year of issue. Stars surround the central motif, representing the member countries of the European Union. This detail reinforces the idea of \u200b\u200bEuropean unity and cooperation. Thus, the artistic composition of this coin conveys a powerful message of peace and unity.<\/p>\n\n<h2 class=\"wp-block-heading\">Conclusion<\/h2>\n\n<p class=\"has-text-align-left\">In summary, the 2015 French \u20ac2 coin is a work of numismatic art that celebrates European unity and peace. It highlights a dove carrying an olive branch, a universal symbol of peace. In addition, it incorporates the initials of the member countries of the European Union, emphasizing the importance of each of them. Therefore, this coin perfectly illustrates France&#8217;s continued commitment to the ideals of peace and European unity. Indeed, it is a poignant reminder of the need for cooperation and solidarity among European nations.<\/p>\n\n<figure class=\"wp-block-table is-style-stripes\"><table><tbody><tr><td><strong>Country of Issue:<\/strong><\/td><td><img loading=\"lazy\" decoding=\"async\" width=\"32\" height=\"21\" class=\"wp-image-1889\" style=\"width: 32px;\" src=\"https:\/\/www.2euros.org\/wp-content\/uploads\/2022\/01\/france-c84.png\" alt=\"\" srcset=\"https:\/\/www.2euros.org\/wp-content\/uploads\/2022\/01\/france-c84.png 32w, https:\/\/www.2euros.org\/wp-content\/uploads\/2022\/01\/france-c84-24x16.png 24w\" sizes=\"auto, (max-width: 32px) 100vw, 32px\" \/><\/td><\/tr><tr><td><strong>Date of issue:<\/strong><\/td><td>February 2, 2015<\/td><\/tr><tr><td><strong>Total mintage:<\/strong><\/td><td>4.000.000<\/td><\/tr><tr><td>\u2013 Proof:<\/td><td>\u00a010.000<\/td><\/tr><tr><td>\u2013 BU:<\/td><td>\u00a010.000<\/td><\/tr><tr><td>\u2013 UNC:<\/td><td>\u00a03.980.000<\/td><\/tr><tr><td><strong>Engraver:<\/strong><\/td><td>\u00a0Joaquin Jimenez<\/td><\/tr><tr><td><strong>The edge:<\/strong><\/td><td><img loading=\"lazy\" decoding=\"async\" width=\"200\" height=\"11\" class=\"wp-image-18721\" style=\"width: 200px;\" src=\"https:\/\/www.2euros.org\/wp-content\/uploads\/2005\/05\/luxembourg1.jpg\" alt=\"\" srcset=\"https:\/\/www.2euros.org\/wp-content\/uploads\/2005\/05\/luxembourg1.jpg 187w, https:\/\/www.2euros.org\/wp-content\/uploads\/2005\/05\/luxembourg1-150x8.jpg 150w\" sizes=\"auto, (max-width: 200px) 100vw, 200px\" \/><\/td><\/tr><tr><td><strong>Rarity:<\/strong><\/td><td><img decoding=\"async\" src=\"https:\/\/www.2euros.org\/images\/euro.png\"\/><img decoding=\"async\" src=\"https:\/\/www.2euros.org\/images\/euro.png\"\/><img decoding=\"async\" src=\"https:\/\/www.2euros.org\/images\/euro.png\"\/><img decoding=\"async\" src=\"https:\/\/www.2euros.org\/images\/euro2.png\"\/><img decoding=\"async\" src=\"https:\/\/www.2euros.org\/images\/euro2.png\"\/><img decoding=\"async\" src=\"https:\/\/www.2euros.org\/images\/euro2.png\"\/><img decoding=\"async\" src=\"https:\/\/www.2euros.org\/images\/euro2.png\"\/><img decoding=\"async\" src=\"https:\/\/www.2euros.org\/images\/euro2.png\"\/><img decoding=\"async\" src=\"https:\/\/www.2euros.org\/images\/euro2.png\"\/><img decoding=\"async\" src=\"https:\/\/www.2euros.org\/images\/euro2.png\"\/><\/td><\/tr><tr><td><strong>Official Journal:<\/strong><\/td><td><a href=\"https:\/\/eur-lex.europa.eu\/legal-content\/FR\/TXT\/?uri=CELEX%3AC2015%2F010%2F02&amp;qid=1720074329254\" target=\"_blank\" rel=\"noreferrer noopener\">2015\/C 10\/02<\/a><\/td><\/tr><tr><td><strong>My collection:<\/strong><\/td><td>[cbxwpbookmarkbtn]<\/td><\/tr><\/tbody><\/table><\/figure>\n\n<p>Do you want to know the technical specifications of this coin? Feel free to visit the page dedicated to the <a href=\"https:\/\/www.2euros.org\/en\/numismatics\/characteristics-of-a-2-euro-coin\/\" target=\"_blank\" rel=\"noreferrer noopener\">specifications of a 2-euro coin<\/a>.<\/p>\n","protected":false},"excerpt":{"rendered":"<div class=\"mh-excerpt\"><p>Introduction The 2 euro coin issued by France in 2015 celebrates a crucial theme: European unity and peace by commemorating the 70th anniversary of the end of the Second World War. In addition, this coin <a class=\"mh-excerpt-more\" href=\"https:\/\/www.2euros.org\/en\/2-euro-commemorative-france\/2015-france-70-years-since-the-end-of-the-second-world-war\/\" title=\"2015 &#8211; France &#8211; 70 years since the end of the Second World War\">[&#8230;]<\/a><\/p>\n                <div class=\"ccm-buttons ccm-buttons-small\"\n                     data-post-id=\"17205\"\n                     data-state='{&quot;be&quot;:0,&quot;bu&quot;:0,&quot;unc&quot;:0,&quot;circulation&quot;:0}'\n                     data-not-logged=\"true\">\n                    <span class=\"ccm-label\">My collection<\/span>\n                    <button class=\"coin-btn\" data-type=\"be\">Proof<\/button>\n                    <button class=\"coin-btn\" data-type=\"bu\">BU<\/button>\n                    <button class=\"coin-btn\" data-type=\"unc\">UNC<\/button>\n                    <button class=\"coin-btn\" data-type=\"circulation\">Circulated<\/button>\n                    <span class=\"ccm-separator\"> - <\/span>\n                    <button class=\"no-coin-btn\" data-type=\"none\">I don&#039;t have this coin<\/button>\n                <\/div>\n                <p class=\"ccm-login-message\">Veuillez vous inscrire pour pouvoir g\u00e9rer votre collection<\/p><\/div>","protected":false},"author":1,"featured_media":10856,"comment_status":"open","ping_status":"open","sticky":false,"template":"","format":"standard","meta":{"footnotes":""},"categories":[1168,1190],"tags":[1207,1793,1722,1210,1922,1212,1257,1377,1923,1879,1628],"class_list":["post-17205","post","type-post","status-publish","format-standard","has-post-thumbnail","hentry","category-2-euro-commemorative-2015","category-2-euro-commemorative-france","tag-2-en","tag-2015-en","tag-70-en","tag-commemorative-en","tag-end","tag-euros-en","tag-france-en","tag-mondiale-en","tag-second-en","tag-war","tag-years"],"yoast_head":"<!-- This site is optimized with the Yoast SEO plugin v27.4 - https:\/\/yoast.com\/product\/yoast-seo-wordpress\/ -->\n<title>70 years since the end of the Second World War - France 2015<\/title>\n<meta name=\"description\" content=\"The commemorative coin celebrates 70 years since the end of World War II and was issued by France in 2015\" \/>\n<meta name=\"robots\" content=\"index, follow, max-snippet:-1, max-image-preview:large, max-video-preview:-1\" \/>\n<link rel=\"canonical\" href=\"https:\/\/www.2euros.org\/en\/2-euro-commemorative-france\/2015-france-70-years-since-the-end-of-the-second-world-war\/\" \/>\n<meta property=\"og:locale\" content=\"en_US\" \/>\n<meta property=\"og:type\" content=\"article\" \/>\n<meta property=\"og:title\" content=\"70 years since the end of the Second World War - France 2015\" \/>\n<meta property=\"og:description\" content=\"The commemorative coin celebrates 70 years since the end of World War II and was issued by France in 2015\" \/>\n<meta property=\"og:url\" content=\"https:\/\/www.2euros.org\/en\/2-euro-commemorative-france\/2015-france-70-years-since-the-end-of-the-second-world-war\/\" \/>\n<meta property=\"og:site_name\" content=\"2Euros.org\" \/>\n<meta property=\"article:publisher\" content=\"https:\/\/www.facebook.com\/groups\/133974904458606\" \/>\n<meta property=\"article:published_time\" content=\"2019-02-26T07:04:46+00:00\" \/>\n<meta property=\"article:modified_time\" content=\"2025-01-31T13:31:43+00:00\" \/>\n<meta property=\"og:image\" content=\"https:\/\/www.2euros.org\/wp-content\/uploads\/2019\/02\/2015-france1gm-1ad.jpg\" \/>\n\t<meta property=\"og:image:width\" content=\"400\" \/>\n\t<meta property=\"og:image:height\" content=\"400\" \/>\n\t<meta property=\"og:image:type\" content=\"image\/jpeg\" \/>\n<meta name=\"author\" content=\"Pierre D\" \/>\n<meta name=\"twitter:card\" content=\"summary_large_image\" \/>\n<meta name=\"twitter:label1\" content=\"Written by\" \/>\n\t<meta name=\"twitter:data1\" content=\"Pierre D\" \/>\n\t<meta name=\"twitter:label2\" content=\"Est. reading time\" \/>\n\t<meta name=\"twitter:data2\" content=\"2 minutes\" \/>\n<script type=\"application\/ld+json\" class=\"yoast-schema-graph\">{\"@context\":\"https:\\\/\\\/schema.org\",\"@graph\":[{\"@type\":\"Article\",\"@id\":\"https:\\\/\\\/www.2euros.org\\\/en\\\/2-euro-commemorative-france\\\/2015-france-70-years-since-the-end-of-the-second-world-war\\\/#article\",\"isPartOf\":{\"@id\":\"https:\\\/\\\/www.2euros.org\\\/en\\\/2-euro-commemorative-france\\\/2015-france-70-years-since-the-end-of-the-second-world-war\\\/\"},\"author\":{\"name\":\"Pierre D\",\"@id\":\"https:\\\/\\\/www.2euros.org\\\/en\\\/#\\\/schema\\\/person\\\/12e34ec3242fa163c51adacbcd7b2ebd\"},\"headline\":\"2015 &#8211; France &#8211; 70 years since the end of the Second World War\",\"datePublished\":\"2019-02-26T07:04:46+00:00\",\"dateModified\":\"2025-01-31T13:31:43+00:00\",\"mainEntityOfPage\":{\"@id\":\"https:\\\/\\\/www.2euros.org\\\/en\\\/2-euro-commemorative-france\\\/2015-france-70-years-since-the-end-of-the-second-world-war\\\/\"},\"wordCount\":366,\"commentCount\":0,\"publisher\":{\"@id\":\"https:\\\/\\\/www.2euros.org\\\/en\\\/#organization\"},\"image\":{\"@id\":\"https:\\\/\\\/www.2euros.org\\\/en\\\/2-euro-commemorative-france\\\/2015-france-70-years-since-the-end-of-the-second-world-war\\\/#primaryimage\"},\"thumbnailUrl\":\"https:\\\/\\\/www.2euros.org\\\/wp-content\\\/uploads\\\/2019\\\/02\\\/2015-france1gm-1ad.jpg\",\"keywords\":[\"2\",\"2015\",\"70\",\"comm\u00e9morative\",\"end\",\"euros\",\"france\",\"mondiale\",\"Second\",\"War\",\"years\"],\"articleSection\":[\"2015\",\"France\"],\"inLanguage\":\"en-US\",\"potentialAction\":[{\"@type\":\"CommentAction\",\"name\":\"Comment\",\"target\":[\"https:\\\/\\\/www.2euros.org\\\/en\\\/2-euro-commemorative-france\\\/2015-france-70-years-since-the-end-of-the-second-world-war\\\/#respond\"]}]},{\"@type\":\"WebPage\",\"@id\":\"https:\\\/\\\/www.2euros.org\\\/en\\\/2-euro-commemorative-france\\\/2015-france-70-years-since-the-end-of-the-second-world-war\\\/\",\"url\":\"https:\\\/\\\/www.2euros.org\\\/en\\\/2-euro-commemorative-france\\\/2015-france-70-years-since-the-end-of-the-second-world-war\\\/\",\"name\":\"70 years since the end of the Second World War - France 2015\",\"isPartOf\":{\"@id\":\"https:\\\/\\\/www.2euros.org\\\/en\\\/#website\"},\"primaryImageOfPage\":{\"@id\":\"https:\\\/\\\/www.2euros.org\\\/en\\\/2-euro-commemorative-france\\\/2015-france-70-years-since-the-end-of-the-second-world-war\\\/#primaryimage\"},\"image\":{\"@id\":\"https:\\\/\\\/www.2euros.org\\\/en\\\/2-euro-commemorative-france\\\/2015-france-70-years-since-the-end-of-the-second-world-war\\\/#primaryimage\"},\"thumbnailUrl\":\"https:\\\/\\\/www.2euros.org\\\/wp-content\\\/uploads\\\/2019\\\/02\\\/2015-france1gm-1ad.jpg\",\"datePublished\":\"2019-02-26T07:04:46+00:00\",\"dateModified\":\"2025-01-31T13:31:43+00:00\",\"description\":\"The commemorative coin celebrates 70 years since the end of World War II and was issued by France in 2015\",\"breadcrumb\":{\"@id\":\"https:\\\/\\\/www.2euros.org\\\/en\\\/2-euro-commemorative-france\\\/2015-france-70-years-since-the-end-of-the-second-world-war\\\/#breadcrumb\"},\"inLanguage\":\"en-US\",\"potentialAction\":[{\"@type\":\"ReadAction\",\"target\":[\"https:\\\/\\\/www.2euros.org\\\/en\\\/2-euro-commemorative-france\\\/2015-france-70-years-since-the-end-of-the-second-world-war\\\/\"]}]},{\"@type\":\"ImageObject\",\"inLanguage\":\"en-US\",\"@id\":\"https:\\\/\\\/www.2euros.org\\\/en\\\/2-euro-commemorative-france\\\/2015-france-70-years-since-the-end-of-the-second-world-war\\\/#primaryimage\",\"url\":\"https:\\\/\\\/www.2euros.org\\\/wp-content\\\/uploads\\\/2019\\\/02\\\/2015-france1gm-1ad.jpg\",\"contentUrl\":\"https:\\\/\\\/www.2euros.org\\\/wp-content\\\/uploads\\\/2019\\\/02\\\/2015-france1gm-1ad.jpg\",\"width\":400,\"height\":400},{\"@type\":\"BreadcrumbList\",\"@id\":\"https:\\\/\\\/www.2euros.org\\\/en\\\/2-euro-commemorative-france\\\/2015-france-70-years-since-the-end-of-the-second-world-war\\\/#breadcrumb\",\"itemListElement\":[{\"@type\":\"ListItem\",\"position\":1,\"name\":\"Home\",\"item\":\"https:\\\/\\\/www.2euros.org\\\/en\\\/\"},{\"@type\":\"ListItem\",\"position\":2,\"name\":\"France\",\"item\":\"https:\\\/\\\/www.2euros.org\\\/en\\\/category\\\/2-euro-commemorative-france\\\/\"},{\"@type\":\"ListItem\",\"position\":3,\"name\":\"2015 &#8211; France &#8211; 70 years since the end of the Second World War\"}]},{\"@type\":\"WebSite\",\"@id\":\"https:\\\/\\\/www.2euros.org\\\/en\\\/#website\",\"url\":\"https:\\\/\\\/www.2euros.org\\\/en\\\/\",\"name\":\"2Euros.org\",\"description\":\"Site de r\u00e9f\u00e9rence des pi\u00e8ces comm\u00e9moratives de 2 euros\",\"publisher\":{\"@id\":\"https:\\\/\\\/www.2euros.org\\\/en\\\/#organization\"},\"potentialAction\":[{\"@type\":\"SearchAction\",\"target\":{\"@type\":\"EntryPoint\",\"urlTemplate\":\"https:\\\/\\\/www.2euros.org\\\/en\\\/?s={search_term_string}\"},\"query-input\":{\"@type\":\"PropertyValueSpecification\",\"valueRequired\":true,\"valueName\":\"search_term_string\"}}],\"inLanguage\":\"en-US\"},{\"@type\":\"Organization\",\"@id\":\"https:\\\/\\\/www.2euros.org\\\/en\\\/#organization\",\"name\":\"Ce site a pour but de r\u00e9f\u00e9rencer toutes les pi\u00e8ces de 2euros comm\u00e9moratives. Elles seront r\u00e9f\u00e9renc\u00e9es par ann\u00e9e et par pays. Pour chaque pi\u00e8ce, vous trouverez un descriptif d\u00e9taill\u00e9, son estimation, le d\u00e9tail de ses caract\u00e9ristiques, l'\u00e9mission, etc...\",\"alternateName\":\"2Euros.org!\",\"url\":\"https:\\\/\\\/www.2euros.org\\\/en\\\/\",\"logo\":{\"@type\":\"ImageObject\",\"inLanguage\":\"en-US\",\"@id\":\"https:\\\/\\\/www.2euros.org\\\/en\\\/#\\\/schema\\\/logo\\\/image\\\/\",\"url\":\"https:\\\/\\\/www.2euros.org\\\/wp-content\\\/uploads\\\/2023\\\/11\\\/cropped-logo2euros200px.png\",\"contentUrl\":\"https:\\\/\\\/www.2euros.org\\\/wp-content\\\/uploads\\\/2023\\\/11\\\/cropped-logo2euros200px.png\",\"width\":200,\"height\":200,\"caption\":\"Ce site a pour but de r\u00e9f\u00e9rencer toutes les pi\u00e8ces de 2euros comm\u00e9moratives. Elles seront r\u00e9f\u00e9renc\u00e9es par ann\u00e9e et par pays. Pour chaque pi\u00e8ce, vous trouverez un descriptif d\u00e9taill\u00e9, son estimation, le d\u00e9tail de ses caract\u00e9ristiques, l'\u00e9mission, etc...\"},\"image\":{\"@id\":\"https:\\\/\\\/www.2euros.org\\\/en\\\/#\\\/schema\\\/logo\\\/image\\\/\"},\"sameAs\":[\"https:\\\/\\\/www.facebook.com\\\/groups\\\/133974904458606\"]},{\"@type\":\"Person\",\"@id\":\"https:\\\/\\\/www.2euros.org\\\/en\\\/#\\\/schema\\\/person\\\/12e34ec3242fa163c51adacbcd7b2ebd\",\"name\":\"Pierre D\",\"image\":{\"@type\":\"ImageObject\",\"inLanguage\":\"en-US\",\"@id\":\"https:\\\/\\\/www.2euros.org\\\/wp-content\\\/uploads\\\/wp-user-manager-uploads\\\/2025\\\/12\\\/462084061_10231332749754304_5952221512921178099_n.jpg\",\"url\":\"https:\\\/\\\/www.2euros.org\\\/wp-content\\\/uploads\\\/wp-user-manager-uploads\\\/2025\\\/12\\\/462084061_10231332749754304_5952221512921178099_n.jpg\",\"contentUrl\":\"https:\\\/\\\/www.2euros.org\\\/wp-content\\\/uploads\\\/wp-user-manager-uploads\\\/2025\\\/12\\\/462084061_10231332749754304_5952221512921178099_n.jpg\",\"caption\":\"Pierre D\"},\"description\":\"Webmaster de 2euros.org\",\"sameAs\":[\"https:\\\/\\\/www.2euros.org\\\/\"]}]}<\/script>\n<!-- \/ Yoast SEO plugin. -->","yoast_head_json":{"title":"70 years since the end of the Second World War - France 2015","description":"The commemorative coin celebrates 70 years since the end of World War II and was issued by France in 2015","robots":{"index":"index","follow":"follow","max-snippet":"max-snippet:-1","max-image-preview":"max-image-preview:large","max-video-preview":"max-video-preview:-1"},"canonical":"https:\/\/www.2euros.org\/en\/2-euro-commemorative-france\/2015-france-70-years-since-the-end-of-the-second-world-war\/","og_locale":"en_US","og_type":"article","og_title":"70 years since the end of the Second World War - France 2015","og_description":"The commemorative coin celebrates 70 years since the end of World War II and was issued by France in 2015","og_url":"https:\/\/www.2euros.org\/en\/2-euro-commemorative-france\/2015-france-70-years-since-the-end-of-the-second-world-war\/","og_site_name":"2Euros.org","article_publisher":"https:\/\/www.facebook.com\/groups\/133974904458606","article_published_time":"2019-02-26T07:04:46+00:00","article_modified_time":"2025-01-31T13:31:43+00:00","og_image":[{"width":400,"height":400,"url":"https:\/\/www.2euros.org\/wp-content\/uploads\/2019\/02\/2015-france1gm-1ad.jpg","type":"image\/jpeg"}],"author":"Pierre D","twitter_card":"summary_large_image","twitter_misc":{"Written by":"Pierre D","Est. reading time":"2 minutes"},"schema":{"@context":"https:\/\/schema.org","@graph":[{"@type":"Article","@id":"https:\/\/www.2euros.org\/en\/2-euro-commemorative-france\/2015-france-70-years-since-the-end-of-the-second-world-war\/#article","isPartOf":{"@id":"https:\/\/www.2euros.org\/en\/2-euro-commemorative-france\/2015-france-70-years-since-the-end-of-the-second-world-war\/"},"author":{"name":"Pierre D","@id":"https:\/\/www.2euros.org\/en\/#\/schema\/person\/12e34ec3242fa163c51adacbcd7b2ebd"},"headline":"2015 &#8211; France &#8211; 70 years since the end of the Second World War","datePublished":"2019-02-26T07:04:46+00:00","dateModified":"2025-01-31T13:31:43+00:00","mainEntityOfPage":{"@id":"https:\/\/www.2euros.org\/en\/2-euro-commemorative-france\/2015-france-70-years-since-the-end-of-the-second-world-war\/"},"wordCount":366,"commentCount":0,"publisher":{"@id":"https:\/\/www.2euros.org\/en\/#organization"},"image":{"@id":"https:\/\/www.2euros.org\/en\/2-euro-commemorative-france\/2015-france-70-years-since-the-end-of-the-second-world-war\/#primaryimage"},"thumbnailUrl":"https:\/\/www.2euros.org\/wp-content\/uploads\/2019\/02\/2015-france1gm-1ad.jpg","keywords":["2","2015","70","comm\u00e9morative","end","euros","france","mondiale","Second","War","years"],"articleSection":["2015","France"],"inLanguage":"en-US","potentialAction":[{"@type":"CommentAction","name":"Comment","target":["https:\/\/www.2euros.org\/en\/2-euro-commemorative-france\/2015-france-70-years-since-the-end-of-the-second-world-war\/#respond"]}]},{"@type":"WebPage","@id":"https:\/\/www.2euros.org\/en\/2-euro-commemorative-france\/2015-france-70-years-since-the-end-of-the-second-world-war\/","url":"https:\/\/www.2euros.org\/en\/2-euro-commemorative-france\/2015-france-70-years-since-the-end-of-the-second-world-war\/","name":"70 years since the end of the Second World War - France 2015","isPartOf":{"@id":"https:\/\/www.2euros.org\/en\/#website"},"primaryImageOfPage":{"@id":"https:\/\/www.2euros.org\/en\/2-euro-commemorative-france\/2015-france-70-years-since-the-end-of-the-second-world-war\/#primaryimage"},"image":{"@id":"https:\/\/www.2euros.org\/en\/2-euro-commemorative-france\/2015-france-70-years-since-the-end-of-the-second-world-war\/#primaryimage"},"thumbnailUrl":"https:\/\/www.2euros.org\/wp-content\/uploads\/2019\/02\/2015-france1gm-1ad.jpg","datePublished":"2019-02-26T07:04:46+00:00","dateModified":"2025-01-31T13:31:43+00:00","description":"The commemorative coin celebrates 70 years since the end of World War II and was issued by France in 2015","breadcrumb":{"@id":"https:\/\/www.2euros.org\/en\/2-euro-commemorative-france\/2015-france-70-years-since-the-end-of-the-second-world-war\/#breadcrumb"},"inLanguage":"en-US","potentialAction":[{"@type":"ReadAction","target":["https:\/\/www.2euros.org\/en\/2-euro-commemorative-france\/2015-france-70-years-since-the-end-of-the-second-world-war\/"]}]},{"@type":"ImageObject","inLanguage":"en-US","@id":"https:\/\/www.2euros.org\/en\/2-euro-commemorative-france\/2015-france-70-years-since-the-end-of-the-second-world-war\/#primaryimage","url":"https:\/\/www.2euros.org\/wp-content\/uploads\/2019\/02\/2015-france1gm-1ad.jpg","contentUrl":"https:\/\/www.2euros.org\/wp-content\/uploads\/2019\/02\/2015-france1gm-1ad.jpg","width":400,"height":400},{"@type":"BreadcrumbList","@id":"https:\/\/www.2euros.org\/en\/2-euro-commemorative-france\/2015-france-70-years-since-the-end-of-the-second-world-war\/#breadcrumb","itemListElement":[{"@type":"ListItem","position":1,"name":"Home","item":"https:\/\/www.2euros.org\/en\/"},{"@type":"ListItem","position":2,"name":"France","item":"https:\/\/www.2euros.org\/en\/category\/2-euro-commemorative-france\/"},{"@type":"ListItem","position":3,"name":"2015 &#8211; France &#8211; 70 years since the end of the Second World War"}]},{"@type":"WebSite","@id":"https:\/\/www.2euros.org\/en\/#website","url":"https:\/\/www.2euros.org\/en\/","name":"2Euros.org","description":"Site de r\u00e9f\u00e9rence des pi\u00e8ces comm\u00e9moratives de 2 euros","publisher":{"@id":"https:\/\/www.2euros.org\/en\/#organization"},"potentialAction":[{"@type":"SearchAction","target":{"@type":"EntryPoint","urlTemplate":"https:\/\/www.2euros.org\/en\/?s={search_term_string}"},"query-input":{"@type":"PropertyValueSpecification","valueRequired":true,"valueName":"search_term_string"}}],"inLanguage":"en-US"},{"@type":"Organization","@id":"https:\/\/www.2euros.org\/en\/#organization","name":"Ce site a pour but de r\u00e9f\u00e9rencer toutes les pi\u00e8ces de 2euros comm\u00e9moratives. Elles seront r\u00e9f\u00e9renc\u00e9es par ann\u00e9e et par pays. Pour chaque pi\u00e8ce, vous trouverez un descriptif d\u00e9taill\u00e9, son estimation, le d\u00e9tail de ses caract\u00e9ristiques, l'\u00e9mission, etc...","alternateName":"2Euros.org!","url":"https:\/\/www.2euros.org\/en\/","logo":{"@type":"ImageObject","inLanguage":"en-US","@id":"https:\/\/www.2euros.org\/en\/#\/schema\/logo\/image\/","url":"https:\/\/www.2euros.org\/wp-content\/uploads\/2023\/11\/cropped-logo2euros200px.png","contentUrl":"https:\/\/www.2euros.org\/wp-content\/uploads\/2023\/11\/cropped-logo2euros200px.png","width":200,"height":200,"caption":"Ce site a pour but de r\u00e9f\u00e9rencer toutes les pi\u00e8ces de 2euros comm\u00e9moratives. Elles seront r\u00e9f\u00e9renc\u00e9es par ann\u00e9e et par pays. Pour chaque pi\u00e8ce, vous trouverez un descriptif d\u00e9taill\u00e9, son estimation, le d\u00e9tail de ses caract\u00e9ristiques, l'\u00e9mission, etc..."},"image":{"@id":"https:\/\/www.2euros.org\/en\/#\/schema\/logo\/image\/"},"sameAs":["https:\/\/www.facebook.com\/groups\/133974904458606"]},{"@type":"Person","@id":"https:\/\/www.2euros.org\/en\/#\/schema\/person\/12e34ec3242fa163c51adacbcd7b2ebd","name":"Pierre D","image":{"@type":"ImageObject","inLanguage":"en-US","@id":"https:\/\/www.2euros.org\/wp-content\/uploads\/wp-user-manager-uploads\/2025\/12\/462084061_10231332749754304_5952221512921178099_n.jpg","url":"https:\/\/www.2euros.org\/wp-content\/uploads\/wp-user-manager-uploads\/2025\/12\/462084061_10231332749754304_5952221512921178099_n.jpg","contentUrl":"https:\/\/www.2euros.org\/wp-content\/uploads\/wp-user-manager-uploads\/2025\/12\/462084061_10231332749754304_5952221512921178099_n.jpg","caption":"Pierre D"},"description":"Webmaster de 2euros.org","sameAs":["https:\/\/www.2euros.org\/"]}]}},"_links":{"self":[{"href":"https:\/\/www.2euros.org\/en\/wp-json\/wp\/v2\/posts\/17205","targetHints":{"allow":["GET"]}}],"collection":[{"href":"https:\/\/www.2euros.org\/en\/wp-json\/wp\/v2\/posts"}],"about":[{"href":"https:\/\/www.2euros.org\/en\/wp-json\/wp\/v2\/types\/post"}],"author":[{"embeddable":true,"href":"https:\/\/www.2euros.org\/en\/wp-json\/wp\/v2\/users\/1"}],"replies":[{"embeddable":true,"href":"https:\/\/www.2euros.org\/en\/wp-json\/wp\/v2\/comments?post=17205"}],"version-history":[{"count":0,"href":"https:\/\/www.2euros.org\/en\/wp-json\/wp\/v2\/posts\/17205\/revisions"}],"wp:featuredmedia":[{"embeddable":true,"href":"https:\/\/www.2euros.org\/en\/wp-json\/wp\/v2\/media\/10856"}],"wp:attachment":[{"href":"https:\/\/www.2euros.org\/en\/wp-json\/wp\/v2\/media?parent=17205"}],"wp:term":[{"taxonomy":"category","embeddable":true,"href":"https:\/\/www.2euros.org\/en\/wp-json\/wp\/v2\/categories?post=17205"},{"taxonomy":"post_tag","embeddable":true,"href":"https:\/\/www.2euros.org\/en\/wp-json\/wp\/v2\/tags?post=17205"}],"curies":[{"name":"wp","href":"https:\/\/api.w.org\/{rel}","templated":true}]}}