{"id":17184,"date":"2019-02-24T16:33:37","date_gmt":"2019-02-24T15:33:37","guid":{"rendered":"https:\/\/www.2euros.org\/non-classifiee\/2013-france-50th-anniversary-of-the-elysee-treaty\/"},"modified":"2025-01-31T14:31:41","modified_gmt":"2025-01-31T13:31:41","slug":"2013-france-50th-anniversary-of-the-elysee-treaty","status":"publish","type":"post","link":"https:\/\/www.2euros.org\/en\/2-euro-commemorative-france\/2013-france-50th-anniversary-of-the-elysee-treaty\/","title":{"rendered":"2013 &#8211; France &#8211; 50th anniversary of the \u00c9lys\u00e9e Treaty"},"content":{"rendered":"\n<h2 class=\"wp-block-heading has-text-align-left\">Introduction<\/h2>\n\n<p>This two-euro coin, issued jointly by France and Germany in 2013, celebrates the 50th anniversary of the \u00c9lys\u00e9e Treaty. Signed in 1963 by French President Charles de Gaulle and German Chancellor Konrad Adenauer, this treaty symbolises the reconciliation between the two nations. The commemorative coin pays tribute to this historic agreement, which founded a lasting collaboration between France and Germany.<\/p>\n\n<h2 class=\"wp-block-heading\">Coin description<\/h2>\n\n<p>The obverse of the coin features portraits of Charles de Gaulle and Konrad Adenauer. Their faces are facing each other, symbolizing dialogue and cooperation. In addition, the signatures of de Gaulle and Adenauer appear below their respective portraits. This adds a personal and authentic touch.<\/p>\n\n<p>At the top of the coin, the inscription &#8220;TRAIT\u00c9 DE L&#8217;\u00c9LYS\u00c9E&#8221; recalls the object of the commemoration. In the center, the inscription &#8220;50 ANS JAHRE 2013&#8221; marks the fiftieth anniversary of the treaty. Both languages, French and German, are used to emphasize Franco-German friendship. In addition, at the bottom of the coin, the inscription &#8220;\u00c9LYS\u00c9E-VERTRAG&#8221; reinforces the bilingual theme.<\/p>\n\n<p>The initials &#8220;RF&#8221; and &#8220;D&#8221; appear respectively to the right and left of the portraits. They represent the French Republic and Germany (Deutschland). Finally, the outer border of the coin is decorated with twelve stars. These symbolize the European Union, harmoniously framing the central elements of the design.<\/p>\n\n<h2 class=\"wp-block-heading\">Conclusion<\/h2>\n\n<p class=\"has-text-align-left\">In summary, this two-euro coin, issued by France and Germany in 2013 to celebrate the 50th anniversary of the \u00c9lys\u00e9e Treaty, is a meaningful tribute to a key moment in European history. Moreover, it highlights the importance of reconciliation and cooperation between the two nations. Therefore, this coin does not only serve as currency. It is also a powerful symbol of peace, friendship and lasting partnership between France and Germany.<\/p>\n\n<figure class=\"wp-block-table is-style-stripes\"><table><tbody><tr><td><strong>Country of Issue:<\/strong><\/td><td><img loading=\"lazy\" decoding=\"async\" width=\"32\" height=\"21\" class=\"wp-image-1889\" style=\"width: 32px;\" src=\"https:\/\/www.2euros.org\/wp-content\/uploads\/2022\/01\/france-c84.png\" alt=\"\" srcset=\"https:\/\/www.2euros.org\/wp-content\/uploads\/2022\/01\/france-c84.png 32w, https:\/\/www.2euros.org\/wp-content\/uploads\/2022\/01\/france-c84-24x16.png 24w\" sizes=\"auto, (max-width: 32px) 100vw, 32px\" \/><\/td><\/tr><tr><td><strong>Date of issue:<\/strong><\/td><td>January 22, 2013<\/td><\/tr><tr><td><strong>Total mintage:<\/strong><\/td><td>10.000.000<\/td><\/tr><tr><td>\u2013 Proof:<\/td><td>\u00a010.000<\/td><\/tr><tr><td>\u2013 BU:<\/td><td>\u00a010.000<\/td><\/tr><tr><td>\u2013 UNC:<\/td><td>\u00a09.980.000<\/td><\/tr><tr><td><strong>Engraver:<\/strong><\/td><td>Stefanie Lindner and Yves Sampo<\/td><\/tr><tr><td><strong>The edge:<\/strong><\/td><td><img loading=\"lazy\" decoding=\"async\" width=\"200\" height=\"11\" class=\"wp-image-18721\" style=\"width: 200px;\" src=\"https:\/\/www.2euros.org\/wp-content\/uploads\/2005\/05\/luxembourg1.jpg\" alt=\"\" srcset=\"https:\/\/www.2euros.org\/wp-content\/uploads\/2005\/05\/luxembourg1.jpg 187w, https:\/\/www.2euros.org\/wp-content\/uploads\/2005\/05\/luxembourg1-150x8.jpg 150w\" sizes=\"auto, (max-width: 200px) 100vw, 200px\" \/><\/td><\/tr><tr><td><strong>Rarity:<\/strong><\/td><td><img decoding=\"async\" src=\"https:\/\/www.2euros.org\/images\/euro.png\"\/><img decoding=\"async\" src=\"https:\/\/www.2euros.org\/images\/euro.png\"\/><img decoding=\"async\" src=\"https:\/\/www.2euros.org\/images\/euro2.png\"\/><img decoding=\"async\" src=\"https:\/\/www.2euros.org\/images\/euro2.png\"\/><img decoding=\"async\" src=\"https:\/\/www.2euros.org\/images\/euro2.png\"\/><img decoding=\"async\" src=\"https:\/\/www.2euros.org\/images\/euro2.png\"\/><img decoding=\"async\" src=\"https:\/\/www.2euros.org\/images\/euro2.png\"\/><img decoding=\"async\" src=\"https:\/\/www.2euros.org\/images\/euro2.png\"\/><img decoding=\"async\" src=\"https:\/\/www.2euros.org\/images\/euro2.png\"\/><img decoding=\"async\" src=\"https:\/\/www.2euros.org\/images\/euro2.png\"\/><\/td><\/tr><tr><td><strong>Official Journal:<\/strong><\/td><td><a href=\"https:\/\/eur-lex.europa.eu\/legal-content\/FR\/TXT\/?uri=CELEX%3AC2013%2F018%2F05&amp;qid=1684837299952\" target=\"_blank\" rel=\"noreferrer noopener\">2013\/C 18\/05<\/a><\/td><\/tr><tr><td><strong>My collection:<\/strong><\/td><td>[cbxwpbookmarkbtn]<\/td><\/tr><\/tbody><\/table><\/figure>\n\n<p><span style=\"text-decoration: underline; font-size: 7pt;\"><\/span><\/p>\n\n<p>Do you want to know the technical specifications of this coin? Feel free to visit the page dedicated to the <a href=\"https:\/\/www.2euros.org\/en\/numismatics\/characteristics-of-a-2-euro-coin\/\" target=\"_blank\" rel=\"noreferrer noopener\">specifications of a 2-euro coin<\/a>.<\/p>\n","protected":false},"excerpt":{"rendered":"<div class=\"mh-excerpt\"><p>Introduction This two-euro coin, issued jointly by France and Germany in 2013, celebrates the 50th anniversary of the \u00c9lys\u00e9e Treaty. Signed in 1963 by French President Charles de Gaulle and German Chancellor Konrad Adenauer, this <a class=\"mh-excerpt-more\" href=\"https:\/\/www.2euros.org\/en\/2-euro-commemorative-france\/2013-france-50th-anniversary-of-the-elysee-treaty\/\" title=\"2013 &#8211; France &#8211; 50th anniversary of the \u00c9lys\u00e9e Treaty\">[&#8230;]<\/a><\/p>\n                <div class=\"ccm-buttons ccm-buttons-small\"\n                     data-post-id=\"17184\"\n                     data-state='{&quot;be&quot;:0,&quot;bu&quot;:0,&quot;unc&quot;:0,&quot;circulation&quot;:0}'\n                     data-not-logged=\"true\">\n                    <span class=\"ccm-label\">My collection<\/span>\n                    <button class=\"coin-btn\" data-type=\"be\">Proof<\/button>\n                    <button class=\"coin-btn\" data-type=\"bu\">BU<\/button>\n                    <button class=\"coin-btn\" data-type=\"unc\">UNC<\/button>\n                    <button class=\"coin-btn\" data-type=\"circulation\">Circulated<\/button>\n                    <span class=\"ccm-separator\"> - <\/span>\n                    <button class=\"no-coin-btn\" data-type=\"none\">I don&#039;t have this coin<\/button>\n                <\/div>\n                <p class=\"ccm-login-message\">Veuillez vous inscrire pour pouvoir g\u00e9rer votre collection<\/p><\/div>","protected":false},"author":1,"featured_media":10600,"comment_status":"open","ping_status":"open","sticky":false,"template":"","format":"standard","meta":{"footnotes":""},"categories":[1166,1190],"tags":[1207,1787,1308,1209,1210,1892,1212,1257,1302],"class_list":["post-17184","post","type-post","status-publish","format-standard","has-post-thumbnail","hentry","category-2-euro-commemorative-2013","category-2-euro-commemorative-france","tag-2-en","tag-2013-en","tag-50-en","tag-anniversaire-en","tag-commemorative-en","tag-elysee-en","tag-euros-en","tag-france-en","tag-traite-en"],"yoast_head":"<!-- This site is optimized with the Yoast SEO plugin v27.4 - https:\/\/yoast.com\/product\/yoast-seo-wordpress\/ -->\n<title>50th anniversary of the \u00c9lys\u00e9e Treaty - France 2013 &#8226; 2Euros.org<\/title>\n<meta name=\"description\" content=\"The commemorative coin celebrates the 50th anniversary of the \u00c9lys\u00e9e Treaty and was issued by France in 2013\" \/>\n<meta name=\"robots\" content=\"index, follow, max-snippet:-1, max-image-preview:large, max-video-preview:-1\" \/>\n<link rel=\"canonical\" href=\"https:\/\/www.2euros.org\/en\/2-euro-commemorative-france\/2013-france-50th-anniversary-of-the-elysee-treaty\/\" \/>\n<meta property=\"og:locale\" content=\"en_US\" \/>\n<meta property=\"og:type\" content=\"article\" \/>\n<meta property=\"og:title\" content=\"50th anniversary of the \u00c9lys\u00e9e Treaty - France 2013 &#8226; 2Euros.org\" \/>\n<meta property=\"og:description\" content=\"The commemorative coin celebrates the 50th anniversary of the \u00c9lys\u00e9e Treaty and was issued by France in 2013\" \/>\n<meta property=\"og:url\" content=\"https:\/\/www.2euros.org\/en\/2-euro-commemorative-france\/2013-france-50th-anniversary-of-the-elysee-treaty\/\" \/>\n<meta property=\"og:site_name\" content=\"2Euros.org\" \/>\n<meta property=\"article:publisher\" content=\"https:\/\/www.facebook.com\/groups\/133974904458606\" \/>\n<meta property=\"article:published_time\" content=\"2019-02-24T15:33:37+00:00\" \/>\n<meta property=\"article:modified_time\" content=\"2025-01-31T13:31:41+00:00\" \/>\n<meta property=\"og:image\" content=\"https:\/\/www.2euros.org\/wp-content\/uploads\/2019\/02\/2013-france1gm-bc0.jpg\" \/>\n\t<meta property=\"og:image:width\" content=\"400\" \/>\n\t<meta property=\"og:image:height\" content=\"400\" \/>\n\t<meta property=\"og:image:type\" content=\"image\/jpeg\" \/>\n<meta name=\"author\" content=\"Pierre D\" \/>\n<meta name=\"twitter:card\" content=\"summary_large_image\" \/>\n<meta name=\"twitter:label1\" content=\"Written by\" \/>\n\t<meta name=\"twitter:data1\" content=\"Pierre D\" \/>\n\t<meta name=\"twitter:label2\" content=\"Est. reading time\" \/>\n\t<meta name=\"twitter:data2\" content=\"2 minutes\" \/>\n<script type=\"application\/ld+json\" class=\"yoast-schema-graph\">{\"@context\":\"https:\\\/\\\/schema.org\",\"@graph\":[{\"@type\":\"Article\",\"@id\":\"https:\\\/\\\/www.2euros.org\\\/en\\\/2-euro-commemorative-france\\\/2013-france-50th-anniversary-of-the-elysee-treaty\\\/#article\",\"isPartOf\":{\"@id\":\"https:\\\/\\\/www.2euros.org\\\/en\\\/2-euro-commemorative-france\\\/2013-france-50th-anniversary-of-the-elysee-treaty\\\/\"},\"author\":{\"name\":\"Pierre D\",\"@id\":\"https:\\\/\\\/www.2euros.org\\\/en\\\/#\\\/schema\\\/person\\\/12e34ec3242fa163c51adacbcd7b2ebd\"},\"headline\":\"2013 &#8211; France &#8211; 50th anniversary of the \u00c9lys\u00e9e Treaty\",\"datePublished\":\"2019-02-24T15:33:37+00:00\",\"dateModified\":\"2025-01-31T13:31:41+00:00\",\"mainEntityOfPage\":{\"@id\":\"https:\\\/\\\/www.2euros.org\\\/en\\\/2-euro-commemorative-france\\\/2013-france-50th-anniversary-of-the-elysee-treaty\\\/\"},\"wordCount\":348,\"commentCount\":0,\"publisher\":{\"@id\":\"https:\\\/\\\/www.2euros.org\\\/en\\\/#organization\"},\"image\":{\"@id\":\"https:\\\/\\\/www.2euros.org\\\/en\\\/2-euro-commemorative-france\\\/2013-france-50th-anniversary-of-the-elysee-treaty\\\/#primaryimage\"},\"thumbnailUrl\":\"https:\\\/\\\/www.2euros.org\\\/wp-content\\\/uploads\\\/2019\\\/02\\\/2013-france1gm-bc0.jpg\",\"keywords\":[\"2\",\"2013\",\"50\",\"anniversaire\",\"comm\u00e9morative\",\"\u00c9lys\u00e9e\",\"euros\",\"france\",\"trait\u00e9\"],\"articleSection\":[\"2013\",\"France\"],\"inLanguage\":\"en-US\",\"potentialAction\":[{\"@type\":\"CommentAction\",\"name\":\"Comment\",\"target\":[\"https:\\\/\\\/www.2euros.org\\\/en\\\/2-euro-commemorative-france\\\/2013-france-50th-anniversary-of-the-elysee-treaty\\\/#respond\"]}]},{\"@type\":\"WebPage\",\"@id\":\"https:\\\/\\\/www.2euros.org\\\/en\\\/2-euro-commemorative-france\\\/2013-france-50th-anniversary-of-the-elysee-treaty\\\/\",\"url\":\"https:\\\/\\\/www.2euros.org\\\/en\\\/2-euro-commemorative-france\\\/2013-france-50th-anniversary-of-the-elysee-treaty\\\/\",\"name\":\"50th anniversary of the \u00c9lys\u00e9e Treaty - France 2013 &#8226; 2Euros.org\",\"isPartOf\":{\"@id\":\"https:\\\/\\\/www.2euros.org\\\/en\\\/#website\"},\"primaryImageOfPage\":{\"@id\":\"https:\\\/\\\/www.2euros.org\\\/en\\\/2-euro-commemorative-france\\\/2013-france-50th-anniversary-of-the-elysee-treaty\\\/#primaryimage\"},\"image\":{\"@id\":\"https:\\\/\\\/www.2euros.org\\\/en\\\/2-euro-commemorative-france\\\/2013-france-50th-anniversary-of-the-elysee-treaty\\\/#primaryimage\"},\"thumbnailUrl\":\"https:\\\/\\\/www.2euros.org\\\/wp-content\\\/uploads\\\/2019\\\/02\\\/2013-france1gm-bc0.jpg\",\"datePublished\":\"2019-02-24T15:33:37+00:00\",\"dateModified\":\"2025-01-31T13:31:41+00:00\",\"description\":\"The commemorative coin celebrates the 50th anniversary of the \u00c9lys\u00e9e Treaty and was issued by France in 2013\",\"breadcrumb\":{\"@id\":\"https:\\\/\\\/www.2euros.org\\\/en\\\/2-euro-commemorative-france\\\/2013-france-50th-anniversary-of-the-elysee-treaty\\\/#breadcrumb\"},\"inLanguage\":\"en-US\",\"potentialAction\":[{\"@type\":\"ReadAction\",\"target\":[\"https:\\\/\\\/www.2euros.org\\\/en\\\/2-euro-commemorative-france\\\/2013-france-50th-anniversary-of-the-elysee-treaty\\\/\"]}]},{\"@type\":\"ImageObject\",\"inLanguage\":\"en-US\",\"@id\":\"https:\\\/\\\/www.2euros.org\\\/en\\\/2-euro-commemorative-france\\\/2013-france-50th-anniversary-of-the-elysee-treaty\\\/#primaryimage\",\"url\":\"https:\\\/\\\/www.2euros.org\\\/wp-content\\\/uploads\\\/2019\\\/02\\\/2013-france1gm-bc0.jpg\",\"contentUrl\":\"https:\\\/\\\/www.2euros.org\\\/wp-content\\\/uploads\\\/2019\\\/02\\\/2013-france1gm-bc0.jpg\",\"width\":400,\"height\":400},{\"@type\":\"BreadcrumbList\",\"@id\":\"https:\\\/\\\/www.2euros.org\\\/en\\\/2-euro-commemorative-france\\\/2013-france-50th-anniversary-of-the-elysee-treaty\\\/#breadcrumb\",\"itemListElement\":[{\"@type\":\"ListItem\",\"position\":1,\"name\":\"Home\",\"item\":\"https:\\\/\\\/www.2euros.org\\\/en\\\/\"},{\"@type\":\"ListItem\",\"position\":2,\"name\":\"France\",\"item\":\"https:\\\/\\\/www.2euros.org\\\/en\\\/category\\\/2-euro-commemorative-france\\\/\"},{\"@type\":\"ListItem\",\"position\":3,\"name\":\"2013 &#8211; France &#8211; 50th anniversary of the \u00c9lys\u00e9e Treaty\"}]},{\"@type\":\"WebSite\",\"@id\":\"https:\\\/\\\/www.2euros.org\\\/en\\\/#website\",\"url\":\"https:\\\/\\\/www.2euros.org\\\/en\\\/\",\"name\":\"2Euros.org\",\"description\":\"Site de r\u00e9f\u00e9rence des pi\u00e8ces comm\u00e9moratives de 2 euros\",\"publisher\":{\"@id\":\"https:\\\/\\\/www.2euros.org\\\/en\\\/#organization\"},\"potentialAction\":[{\"@type\":\"SearchAction\",\"target\":{\"@type\":\"EntryPoint\",\"urlTemplate\":\"https:\\\/\\\/www.2euros.org\\\/en\\\/?s={search_term_string}\"},\"query-input\":{\"@type\":\"PropertyValueSpecification\",\"valueRequired\":true,\"valueName\":\"search_term_string\"}}],\"inLanguage\":\"en-US\"},{\"@type\":\"Organization\",\"@id\":\"https:\\\/\\\/www.2euros.org\\\/en\\\/#organization\",\"name\":\"Ce site a pour but de r\u00e9f\u00e9rencer toutes les pi\u00e8ces de 2euros comm\u00e9moratives. Elles seront r\u00e9f\u00e9renc\u00e9es par ann\u00e9e et par pays. Pour chaque pi\u00e8ce, vous trouverez un descriptif d\u00e9taill\u00e9, son estimation, le d\u00e9tail de ses caract\u00e9ristiques, l'\u00e9mission, etc...\",\"alternateName\":\"2Euros.org!\",\"url\":\"https:\\\/\\\/www.2euros.org\\\/en\\\/\",\"logo\":{\"@type\":\"ImageObject\",\"inLanguage\":\"en-US\",\"@id\":\"https:\\\/\\\/www.2euros.org\\\/en\\\/#\\\/schema\\\/logo\\\/image\\\/\",\"url\":\"https:\\\/\\\/www.2euros.org\\\/wp-content\\\/uploads\\\/2023\\\/11\\\/cropped-logo2euros200px.png\",\"contentUrl\":\"https:\\\/\\\/www.2euros.org\\\/wp-content\\\/uploads\\\/2023\\\/11\\\/cropped-logo2euros200px.png\",\"width\":200,\"height\":200,\"caption\":\"Ce site a pour but de r\u00e9f\u00e9rencer toutes les pi\u00e8ces de 2euros comm\u00e9moratives. Elles seront r\u00e9f\u00e9renc\u00e9es par ann\u00e9e et par pays. Pour chaque pi\u00e8ce, vous trouverez un descriptif d\u00e9taill\u00e9, son estimation, le d\u00e9tail de ses caract\u00e9ristiques, l'\u00e9mission, etc...\"},\"image\":{\"@id\":\"https:\\\/\\\/www.2euros.org\\\/en\\\/#\\\/schema\\\/logo\\\/image\\\/\"},\"sameAs\":[\"https:\\\/\\\/www.facebook.com\\\/groups\\\/133974904458606\"]},{\"@type\":\"Person\",\"@id\":\"https:\\\/\\\/www.2euros.org\\\/en\\\/#\\\/schema\\\/person\\\/12e34ec3242fa163c51adacbcd7b2ebd\",\"name\":\"Pierre D\",\"image\":{\"@type\":\"ImageObject\",\"inLanguage\":\"en-US\",\"@id\":\"https:\\\/\\\/www.2euros.org\\\/wp-content\\\/uploads\\\/wp-user-manager-uploads\\\/2025\\\/12\\\/462084061_10231332749754304_5952221512921178099_n.jpg\",\"url\":\"https:\\\/\\\/www.2euros.org\\\/wp-content\\\/uploads\\\/wp-user-manager-uploads\\\/2025\\\/12\\\/462084061_10231332749754304_5952221512921178099_n.jpg\",\"contentUrl\":\"https:\\\/\\\/www.2euros.org\\\/wp-content\\\/uploads\\\/wp-user-manager-uploads\\\/2025\\\/12\\\/462084061_10231332749754304_5952221512921178099_n.jpg\",\"caption\":\"Pierre D\"},\"description\":\"Webmaster de 2euros.org\",\"sameAs\":[\"https:\\\/\\\/www.2euros.org\\\/\"]}]}<\/script>\n<!-- \/ Yoast SEO plugin. -->","yoast_head_json":{"title":"50th anniversary of the \u00c9lys\u00e9e Treaty - France 2013 &#8226; 2Euros.org","description":"The commemorative coin celebrates the 50th anniversary of the \u00c9lys\u00e9e Treaty and was issued by France in 2013","robots":{"index":"index","follow":"follow","max-snippet":"max-snippet:-1","max-image-preview":"max-image-preview:large","max-video-preview":"max-video-preview:-1"},"canonical":"https:\/\/www.2euros.org\/en\/2-euro-commemorative-france\/2013-france-50th-anniversary-of-the-elysee-treaty\/","og_locale":"en_US","og_type":"article","og_title":"50th anniversary of the \u00c9lys\u00e9e Treaty - France 2013 &#8226; 2Euros.org","og_description":"The commemorative coin celebrates the 50th anniversary of the \u00c9lys\u00e9e Treaty and was issued by France in 2013","og_url":"https:\/\/www.2euros.org\/en\/2-euro-commemorative-france\/2013-france-50th-anniversary-of-the-elysee-treaty\/","og_site_name":"2Euros.org","article_publisher":"https:\/\/www.facebook.com\/groups\/133974904458606","article_published_time":"2019-02-24T15:33:37+00:00","article_modified_time":"2025-01-31T13:31:41+00:00","og_image":[{"width":400,"height":400,"url":"https:\/\/www.2euros.org\/wp-content\/uploads\/2019\/02\/2013-france1gm-bc0.jpg","type":"image\/jpeg"}],"author":"Pierre D","twitter_card":"summary_large_image","twitter_misc":{"Written by":"Pierre D","Est. reading time":"2 minutes"},"schema":{"@context":"https:\/\/schema.org","@graph":[{"@type":"Article","@id":"https:\/\/www.2euros.org\/en\/2-euro-commemorative-france\/2013-france-50th-anniversary-of-the-elysee-treaty\/#article","isPartOf":{"@id":"https:\/\/www.2euros.org\/en\/2-euro-commemorative-france\/2013-france-50th-anniversary-of-the-elysee-treaty\/"},"author":{"name":"Pierre D","@id":"https:\/\/www.2euros.org\/en\/#\/schema\/person\/12e34ec3242fa163c51adacbcd7b2ebd"},"headline":"2013 &#8211; France &#8211; 50th anniversary of the \u00c9lys\u00e9e Treaty","datePublished":"2019-02-24T15:33:37+00:00","dateModified":"2025-01-31T13:31:41+00:00","mainEntityOfPage":{"@id":"https:\/\/www.2euros.org\/en\/2-euro-commemorative-france\/2013-france-50th-anniversary-of-the-elysee-treaty\/"},"wordCount":348,"commentCount":0,"publisher":{"@id":"https:\/\/www.2euros.org\/en\/#organization"},"image":{"@id":"https:\/\/www.2euros.org\/en\/2-euro-commemorative-france\/2013-france-50th-anniversary-of-the-elysee-treaty\/#primaryimage"},"thumbnailUrl":"https:\/\/www.2euros.org\/wp-content\/uploads\/2019\/02\/2013-france1gm-bc0.jpg","keywords":["2","2013","50","anniversaire","comm\u00e9morative","\u00c9lys\u00e9e","euros","france","trait\u00e9"],"articleSection":["2013","France"],"inLanguage":"en-US","potentialAction":[{"@type":"CommentAction","name":"Comment","target":["https:\/\/www.2euros.org\/en\/2-euro-commemorative-france\/2013-france-50th-anniversary-of-the-elysee-treaty\/#respond"]}]},{"@type":"WebPage","@id":"https:\/\/www.2euros.org\/en\/2-euro-commemorative-france\/2013-france-50th-anniversary-of-the-elysee-treaty\/","url":"https:\/\/www.2euros.org\/en\/2-euro-commemorative-france\/2013-france-50th-anniversary-of-the-elysee-treaty\/","name":"50th anniversary of the \u00c9lys\u00e9e Treaty - France 2013 &#8226; 2Euros.org","isPartOf":{"@id":"https:\/\/www.2euros.org\/en\/#website"},"primaryImageOfPage":{"@id":"https:\/\/www.2euros.org\/en\/2-euro-commemorative-france\/2013-france-50th-anniversary-of-the-elysee-treaty\/#primaryimage"},"image":{"@id":"https:\/\/www.2euros.org\/en\/2-euro-commemorative-france\/2013-france-50th-anniversary-of-the-elysee-treaty\/#primaryimage"},"thumbnailUrl":"https:\/\/www.2euros.org\/wp-content\/uploads\/2019\/02\/2013-france1gm-bc0.jpg","datePublished":"2019-02-24T15:33:37+00:00","dateModified":"2025-01-31T13:31:41+00:00","description":"The commemorative coin celebrates the 50th anniversary of the \u00c9lys\u00e9e Treaty and was issued by France in 2013","breadcrumb":{"@id":"https:\/\/www.2euros.org\/en\/2-euro-commemorative-france\/2013-france-50th-anniversary-of-the-elysee-treaty\/#breadcrumb"},"inLanguage":"en-US","potentialAction":[{"@type":"ReadAction","target":["https:\/\/www.2euros.org\/en\/2-euro-commemorative-france\/2013-france-50th-anniversary-of-the-elysee-treaty\/"]}]},{"@type":"ImageObject","inLanguage":"en-US","@id":"https:\/\/www.2euros.org\/en\/2-euro-commemorative-france\/2013-france-50th-anniversary-of-the-elysee-treaty\/#primaryimage","url":"https:\/\/www.2euros.org\/wp-content\/uploads\/2019\/02\/2013-france1gm-bc0.jpg","contentUrl":"https:\/\/www.2euros.org\/wp-content\/uploads\/2019\/02\/2013-france1gm-bc0.jpg","width":400,"height":400},{"@type":"BreadcrumbList","@id":"https:\/\/www.2euros.org\/en\/2-euro-commemorative-france\/2013-france-50th-anniversary-of-the-elysee-treaty\/#breadcrumb","itemListElement":[{"@type":"ListItem","position":1,"name":"Home","item":"https:\/\/www.2euros.org\/en\/"},{"@type":"ListItem","position":2,"name":"France","item":"https:\/\/www.2euros.org\/en\/category\/2-euro-commemorative-france\/"},{"@type":"ListItem","position":3,"name":"2013 &#8211; France &#8211; 50th anniversary of the \u00c9lys\u00e9e Treaty"}]},{"@type":"WebSite","@id":"https:\/\/www.2euros.org\/en\/#website","url":"https:\/\/www.2euros.org\/en\/","name":"2Euros.org","description":"Site de r\u00e9f\u00e9rence des pi\u00e8ces comm\u00e9moratives de 2 euros","publisher":{"@id":"https:\/\/www.2euros.org\/en\/#organization"},"potentialAction":[{"@type":"SearchAction","target":{"@type":"EntryPoint","urlTemplate":"https:\/\/www.2euros.org\/en\/?s={search_term_string}"},"query-input":{"@type":"PropertyValueSpecification","valueRequired":true,"valueName":"search_term_string"}}],"inLanguage":"en-US"},{"@type":"Organization","@id":"https:\/\/www.2euros.org\/en\/#organization","name":"Ce site a pour but de r\u00e9f\u00e9rencer toutes les pi\u00e8ces de 2euros comm\u00e9moratives. Elles seront r\u00e9f\u00e9renc\u00e9es par ann\u00e9e et par pays. Pour chaque pi\u00e8ce, vous trouverez un descriptif d\u00e9taill\u00e9, son estimation, le d\u00e9tail de ses caract\u00e9ristiques, l'\u00e9mission, etc...","alternateName":"2Euros.org!","url":"https:\/\/www.2euros.org\/en\/","logo":{"@type":"ImageObject","inLanguage":"en-US","@id":"https:\/\/www.2euros.org\/en\/#\/schema\/logo\/image\/","url":"https:\/\/www.2euros.org\/wp-content\/uploads\/2023\/11\/cropped-logo2euros200px.png","contentUrl":"https:\/\/www.2euros.org\/wp-content\/uploads\/2023\/11\/cropped-logo2euros200px.png","width":200,"height":200,"caption":"Ce site a pour but de r\u00e9f\u00e9rencer toutes les pi\u00e8ces de 2euros comm\u00e9moratives. Elles seront r\u00e9f\u00e9renc\u00e9es par ann\u00e9e et par pays. Pour chaque pi\u00e8ce, vous trouverez un descriptif d\u00e9taill\u00e9, son estimation, le d\u00e9tail de ses caract\u00e9ristiques, l'\u00e9mission, etc..."},"image":{"@id":"https:\/\/www.2euros.org\/en\/#\/schema\/logo\/image\/"},"sameAs":["https:\/\/www.facebook.com\/groups\/133974904458606"]},{"@type":"Person","@id":"https:\/\/www.2euros.org\/en\/#\/schema\/person\/12e34ec3242fa163c51adacbcd7b2ebd","name":"Pierre D","image":{"@type":"ImageObject","inLanguage":"en-US","@id":"https:\/\/www.2euros.org\/wp-content\/uploads\/wp-user-manager-uploads\/2025\/12\/462084061_10231332749754304_5952221512921178099_n.jpg","url":"https:\/\/www.2euros.org\/wp-content\/uploads\/wp-user-manager-uploads\/2025\/12\/462084061_10231332749754304_5952221512921178099_n.jpg","contentUrl":"https:\/\/www.2euros.org\/wp-content\/uploads\/wp-user-manager-uploads\/2025\/12\/462084061_10231332749754304_5952221512921178099_n.jpg","caption":"Pierre D"},"description":"Webmaster de 2euros.org","sameAs":["https:\/\/www.2euros.org\/"]}]}},"_links":{"self":[{"href":"https:\/\/www.2euros.org\/en\/wp-json\/wp\/v2\/posts\/17184","targetHints":{"allow":["GET"]}}],"collection":[{"href":"https:\/\/www.2euros.org\/en\/wp-json\/wp\/v2\/posts"}],"about":[{"href":"https:\/\/www.2euros.org\/en\/wp-json\/wp\/v2\/types\/post"}],"author":[{"embeddable":true,"href":"https:\/\/www.2euros.org\/en\/wp-json\/wp\/v2\/users\/1"}],"replies":[{"embeddable":true,"href":"https:\/\/www.2euros.org\/en\/wp-json\/wp\/v2\/comments?post=17184"}],"version-history":[{"count":0,"href":"https:\/\/www.2euros.org\/en\/wp-json\/wp\/v2\/posts\/17184\/revisions"}],"wp:featuredmedia":[{"embeddable":true,"href":"https:\/\/www.2euros.org\/en\/wp-json\/wp\/v2\/media\/10600"}],"wp:attachment":[{"href":"https:\/\/www.2euros.org\/en\/wp-json\/wp\/v2\/media?parent=17184"}],"wp:term":[{"taxonomy":"category","embeddable":true,"href":"https:\/\/www.2euros.org\/en\/wp-json\/wp\/v2\/categories?post=17184"},{"taxonomy":"post_tag","embeddable":true,"href":"https:\/\/www.2euros.org\/en\/wp-json\/wp\/v2\/tags?post=17184"}],"curies":[{"name":"wp","href":"https:\/\/api.w.org\/{rel}","templated":true}]}}