{"id":17168,"date":"2019-03-03T08:31:35","date_gmt":"2019-03-03T07:31:35","guid":{"rendered":"https:\/\/www.2euros.org\/non-classifiee\/2017-vatican-100th-anniversary-of-the-marian-apparitions-of-fatima\/"},"modified":"2025-01-31T13:29:23","modified_gmt":"2025-01-31T12:29:23","slug":"2017-vatican-100th-anniversary-of-the-marian-apparitions-of-fatima","status":"publish","type":"post","link":"https:\/\/www.2euros.org\/en\/2-euro-commemorative-2017\/2017-vatican-100th-anniversary-of-the-marian-apparitions-of-fatima\/","title":{"rendered":"2017 &#8211; Vatican &#8211; 100th anniversary of the Marian apparitions of Fatima"},"content":{"rendered":"\n<h2 class=\"wp-block-heading has-text-align-left\">Introduction<\/h2>\n\n<p>This two-euro coin was issued by Vatican City in 2017. It commemorates the centenary of the apparitions of Our Lady of Fatima. This landmark event in Catholic history celebrates the Marian apparitions to three young shepherds in Portugal in 1917. In this way, this coin highlights the spiritual importance of F\u00e1tima for the faithful around the world.<\/p>\n\n<h2 class=\"wp-block-heading\">Coin description<\/h2>\n\n<p>The design of the obverse of the coin features a deeply symbolic scene. In the center, the three young shepherds of F\u00e1tima, L\u00facia, Francisco and Jacinta, stand in front of the Basilica of F\u00e1tima. This image pays homage to the visionaries of the Marian apparitions. In addition, the basilica in the background recalls the shrine erected in honor of Our Lady of F\u00e1tima.<\/p>\n\n<p>Around this central scene, the inscription &#8220;CITT\u00c0 DEL VATICANO&#8221; (Vatican City) appears at the top, identifying the issuer of the coin. To the left and right of the central image, the dates &#8220;1917&#8221; and &#8220;2017&#8221; frame the scene, marking the centenary of the apparitions. At the bottom, the inscription &#8220;F\u00c1TIMA&#8221; highlights the location of this Marian event. Furthermore, the names of the artists &#8220;O. ROSSI&#8221; and &#8220;D. LONGO&#8221; are engraved at the bottom, confirming the authenticity and origin of the coin.<\/p>\n\n<p>The outline of the coin features twelve stars, representing the twelve stars of the European Union. These stars symbolise European unity and solidarity. In addition, the design of this coin highlights the spiritual importance of the apparitions of F\u00e1tima. Indeed, the graphic and textual elements recall the devotion and faith of the millions of pilgrims who visit F\u00e1tima each year.<\/p>\n\n<h2 class=\"wp-block-heading\">Conclusion<\/h2>\n\n<p class=\"has-text-align-left\">In conclusion, this 2017 Vatican City two-euro coin celebrates the centenary of the apparitions of Our Lady of Fatima in a meaningful way. The obverse design depicts the visionaries and the shrine of Fatima, highlighting the importance of this Marian event. In addition, the symbols and inscriptions reinforce the spiritual and historical relevance of this coin. In short, it is a valuable addition for numismatists and the faithful, while highlighting the importance of Fatima in the Catholic faith. Thus, this coin reflects both the memory and devotion of believers to Our Lady of Fatima.<\/p>\n<div class=\"wp-block-image\">\n<figure class=\"aligncenter\"><a href=\"https:\/\/www.2euros.org\/wp-content\/uploads\/2019\/03\/2017-2-e4c.jpg\" target=\"_blank\" rel=\"noopener noreferrer\"><img decoding=\"async\" src=\"https:\/\/www.2euros.org\/wp-content\/uploads\/2019\/03\/2017-2-e4c.jpg\" alt=\"\"\/><\/a><\/figure>\n<\/div>\n<figure class=\"wp-block-table is-style-stripes\"><table><tbody><tr><td><strong>Country of Issue:<\/strong><\/td><td><img loading=\"lazy\" decoding=\"async\" width=\"32\" height=\"21\" class=\"wp-image-2033\" style=\"width: 32px;\" src=\"https:\/\/www.2euros.org\/wp-content\/uploads\/2023\/02\/vatican-3f9.png\" alt=\"\" srcset=\"https:\/\/www.2euros.org\/wp-content\/uploads\/2023\/02\/vatican-3f9.png 32w, https:\/\/www.2euros.org\/wp-content\/uploads\/2023\/02\/vatican-3f9-24x16.png 24w\" sizes=\"auto, (max-width: 32px) 100vw, 32px\" \/><\/td><\/tr><tr><td><strong>Date of issue:<\/strong><\/td><td>October 5, 2017<\/td><\/tr><tr><td><strong>Total mintage:<\/strong><\/td><td>90.000<\/td><\/tr><tr><td>\u2013 Proof:<\/td><td>\u00a010.000<\/td><\/tr><tr><td>\u2013 BU:<\/td><td>\u00a080.000<\/td><\/tr><tr><td>\u2013 UNC:<\/td><td>\u00a0&#8211;<\/td><\/tr><tr><td><strong>Engraver:<\/strong><\/td><td>Orietta Rossi<\/td><\/tr><tr><td><strong>The edge:<\/strong><\/td><td><img loading=\"lazy\" decoding=\"async\" width=\"220\" height=\"12\" class=\"wp-image-19017\" style=\"width: 220px;\" src=\"https:\/\/www.2euros.org\/wp-content\/uploads\/2004\/12\/italie1.jpg\" alt=\"\" srcset=\"https:\/\/www.2euros.org\/wp-content\/uploads\/2004\/12\/italie1.jpg 225w, https:\/\/www.2euros.org\/wp-content\/uploads\/2004\/12\/italie1-200x11.jpg 200w, https:\/\/www.2euros.org\/wp-content\/uploads\/2004\/12\/italie1-150x8.jpg 150w\" sizes=\"auto, (max-width: 220px) 100vw, 220px\" \/><\/td><\/tr><tr><td><strong>Rarity:<\/strong><\/td><td><img decoding=\"async\" src=\"https:\/\/www.2euros.org\/images\/euro.png\"\/><img decoding=\"async\" src=\"https:\/\/www.2euros.org\/images\/euro.png\"\/><img decoding=\"async\" src=\"https:\/\/www.2euros.org\/images\/euro.png\"\/><img decoding=\"async\" src=\"https:\/\/www.2euros.org\/images\/euro.png\"\/><img decoding=\"async\" src=\"https:\/\/www.2euros.org\/images\/euro.png\"\/><img decoding=\"async\" src=\"https:\/\/www.2euros.org\/images\/euro.png\"\/><img decoding=\"async\" src=\"https:\/\/www.2euros.org\/images\/euro.png\"\/><img decoding=\"async\" src=\"https:\/\/www.2euros.org\/images\/euro2.png\"\/><img decoding=\"async\" src=\"https:\/\/www.2euros.org\/images\/euro2.png\"\/><img decoding=\"async\" src=\"https:\/\/www.2euros.org\/images\/euro2.png\"\/><\/td><\/tr><tr><td><strong>Official Journal:<\/strong><\/td><td><a href=\"https:\/\/eur-lex.europa.eu\/legal-content\/FR\/TXT\/?qid=1579793960618&amp;uri=CELEX:C2017\/321\/06\" target=\"_blank\" rel=\"noopener noreferrer\">C2017\/321\/06<\/a><\/td><\/tr><tr><td><strong>My collection:<\/strong><\/td><td>[cbxwpbookmarkbtn]<\/td><\/tr><\/tbody><\/table><\/figure>\n\n<p>Do you want to know the technical specifications of this coin? Feel free to visit the page dedicated to the <a cordobahref=\"https:\/\/www.2euros.org\/en\/numismatics\/characteristics-of-a-2-euro-coin\/\" target=\"_blank\" rel=\"noreferrer noopener\">specifications of a 2-euro coin<\/a>.<\/p>\n","protected":false},"excerpt":{"rendered":"<div class=\"mh-excerpt\"><p>Introduction This two-euro coin was issued by Vatican City in 2017. It commemorates the centenary of the apparitions of Our Lady of Fatima. This landmark event in Catholic history celebrates the Marian apparitions to three <a class=\"mh-excerpt-more\" href=\"https:\/\/www.2euros.org\/en\/2-euro-commemorative-2017\/2017-vatican-100th-anniversary-of-the-marian-apparitions-of-fatima\/\" title=\"2017 &#8211; Vatican &#8211; 100th anniversary of the Marian apparitions of Fatima\">[&#8230;]<\/a><\/p>\n                <div class=\"ccm-buttons ccm-buttons-small\"\n                     data-post-id=\"17168\"\n                     data-state='{&quot;be&quot;:0,&quot;bu&quot;:0,&quot;unc&quot;:0,&quot;circulation&quot;:0}'\n                     data-not-logged=\"true\">\n                    <span class=\"ccm-label\">My collection<\/span>\n                    <button class=\"coin-btn\" data-type=\"be\">Proof<\/button>\n                    <button class=\"coin-btn\" data-type=\"bu\">BU<\/button>\n                    <button class=\"coin-btn\" data-type=\"unc\">UNC<\/button>\n                    <button class=\"coin-btn\" data-type=\"circulation\">Circulated<\/button>\n                    <span class=\"ccm-separator\"> - <\/span>\n                    <button class=\"no-coin-btn\" data-type=\"none\">I don&#039;t have this coin<\/button>\n                <\/div>\n                <p class=\"ccm-login-message\">Veuillez vous inscrire pour pouvoir g\u00e9rer votre collection<\/p><\/div>","protected":false},"author":1,"featured_media":11938,"comment_status":"open","ping_status":"open","sticky":false,"template":"","format":"standard","meta":{"footnotes":""},"categories":[1170,1206],"tags":[],"class_list":["post-17168","post","type-post","status-publish","format-standard","has-post-thumbnail","hentry","category-2-euro-commemorative-2017","category-2-euro-commemorative-vatican"],"yoast_head":"<!-- This site is optimized with the Yoast SEO plugin v27.4 - https:\/\/yoast.com\/product\/yoast-seo-wordpress\/ -->\n<title>100th anniversary of the apparitions of Fatima - Vatican 2017<\/title>\n<meta name=\"description\" content=\"The commemorative coin celebrates the 100th anniversary of the Marian apparitions of Fatima and was issued by the Vatican in 2017.\" \/>\n<meta name=\"robots\" content=\"index, follow, max-snippet:-1, max-image-preview:large, max-video-preview:-1\" \/>\n<link rel=\"canonical\" href=\"https:\/\/www.2euros.org\/en\/2-euro-commemorative-2017\/2017-vatican-100th-anniversary-of-the-marian-apparitions-of-fatima\/\" \/>\n<meta property=\"og:locale\" content=\"en_US\" \/>\n<meta property=\"og:type\" content=\"article\" \/>\n<meta property=\"og:title\" content=\"100th anniversary of the apparitions of Fatima - Vatican 2017\" \/>\n<meta property=\"og:description\" content=\"The commemorative coin celebrates the 100th anniversary of the Marian apparitions of Fatima and was issued by the Vatican in 2017.\" \/>\n<meta property=\"og:url\" content=\"https:\/\/www.2euros.org\/en\/2-euro-commemorative-2017\/2017-vatican-100th-anniversary-of-the-marian-apparitions-of-fatima\/\" \/>\n<meta property=\"og:site_name\" content=\"2Euros.org\" \/>\n<meta property=\"article:publisher\" content=\"https:\/\/www.facebook.com\/groups\/133974904458606\" \/>\n<meta property=\"article:published_time\" content=\"2019-03-03T07:31:35+00:00\" \/>\n<meta property=\"article:modified_time\" content=\"2025-01-31T12:29:23+00:00\" \/>\n<meta property=\"og:image\" content=\"https:\/\/www.2euros.org\/wp-content\/uploads\/2019\/03\/2017-vatican2gm-fd6.jpg\" \/>\n\t<meta property=\"og:image:width\" content=\"400\" \/>\n\t<meta property=\"og:image:height\" content=\"400\" \/>\n\t<meta property=\"og:image:type\" content=\"image\/jpeg\" \/>\n<meta name=\"author\" content=\"Pierre D\" \/>\n<meta name=\"twitter:card\" content=\"summary_large_image\" \/>\n<meta name=\"twitter:label1\" content=\"Written by\" \/>\n\t<meta name=\"twitter:data1\" content=\"Pierre D\" \/>\n\t<meta name=\"twitter:label2\" content=\"Est. reading time\" \/>\n\t<meta name=\"twitter:data2\" content=\"2 minutes\" \/>\n<script type=\"application\/ld+json\" class=\"yoast-schema-graph\">{\"@context\":\"https:\\\/\\\/schema.org\",\"@graph\":[{\"@type\":\"Article\",\"@id\":\"https:\\\/\\\/www.2euros.org\\\/en\\\/2-euro-commemorative-2017\\\/2017-vatican-100th-anniversary-of-the-marian-apparitions-of-fatima\\\/#article\",\"isPartOf\":{\"@id\":\"https:\\\/\\\/www.2euros.org\\\/en\\\/2-euro-commemorative-2017\\\/2017-vatican-100th-anniversary-of-the-marian-apparitions-of-fatima\\\/\"},\"author\":{\"name\":\"Pierre D\",\"@id\":\"https:\\\/\\\/www.2euros.org\\\/en\\\/#\\\/schema\\\/person\\\/12e34ec3242fa163c51adacbcd7b2ebd\"},\"headline\":\"2017 &#8211; Vatican &#8211; 100th anniversary of the Marian apparitions of Fatima\",\"datePublished\":\"2019-03-03T07:31:35+00:00\",\"dateModified\":\"2025-01-31T12:29:23+00:00\",\"mainEntityOfPage\":{\"@id\":\"https:\\\/\\\/www.2euros.org\\\/en\\\/2-euro-commemorative-2017\\\/2017-vatican-100th-anniversary-of-the-marian-apparitions-of-fatima\\\/\"},\"wordCount\":423,\"commentCount\":0,\"publisher\":{\"@id\":\"https:\\\/\\\/www.2euros.org\\\/en\\\/#organization\"},\"image\":{\"@id\":\"https:\\\/\\\/www.2euros.org\\\/en\\\/2-euro-commemorative-2017\\\/2017-vatican-100th-anniversary-of-the-marian-apparitions-of-fatima\\\/#primaryimage\"},\"thumbnailUrl\":\"https:\\\/\\\/www.2euros.org\\\/wp-content\\\/uploads\\\/2019\\\/03\\\/2017-vatican2gm-fd6.jpg\",\"articleSection\":[\"2017\",\"Vatican\"],\"inLanguage\":\"en-US\",\"potentialAction\":[{\"@type\":\"CommentAction\",\"name\":\"Comment\",\"target\":[\"https:\\\/\\\/www.2euros.org\\\/en\\\/2-euro-commemorative-2017\\\/2017-vatican-100th-anniversary-of-the-marian-apparitions-of-fatima\\\/#respond\"]}]},{\"@type\":\"WebPage\",\"@id\":\"https:\\\/\\\/www.2euros.org\\\/en\\\/2-euro-commemorative-2017\\\/2017-vatican-100th-anniversary-of-the-marian-apparitions-of-fatima\\\/\",\"url\":\"https:\\\/\\\/www.2euros.org\\\/en\\\/2-euro-commemorative-2017\\\/2017-vatican-100th-anniversary-of-the-marian-apparitions-of-fatima\\\/\",\"name\":\"100th anniversary of the apparitions of Fatima - Vatican 2017\",\"isPartOf\":{\"@id\":\"https:\\\/\\\/www.2euros.org\\\/en\\\/#website\"},\"primaryImageOfPage\":{\"@id\":\"https:\\\/\\\/www.2euros.org\\\/en\\\/2-euro-commemorative-2017\\\/2017-vatican-100th-anniversary-of-the-marian-apparitions-of-fatima\\\/#primaryimage\"},\"image\":{\"@id\":\"https:\\\/\\\/www.2euros.org\\\/en\\\/2-euro-commemorative-2017\\\/2017-vatican-100th-anniversary-of-the-marian-apparitions-of-fatima\\\/#primaryimage\"},\"thumbnailUrl\":\"https:\\\/\\\/www.2euros.org\\\/wp-content\\\/uploads\\\/2019\\\/03\\\/2017-vatican2gm-fd6.jpg\",\"datePublished\":\"2019-03-03T07:31:35+00:00\",\"dateModified\":\"2025-01-31T12:29:23+00:00\",\"description\":\"The commemorative coin celebrates the 100th anniversary of the Marian apparitions of Fatima and was issued by the Vatican in 2017.\",\"breadcrumb\":{\"@id\":\"https:\\\/\\\/www.2euros.org\\\/en\\\/2-euro-commemorative-2017\\\/2017-vatican-100th-anniversary-of-the-marian-apparitions-of-fatima\\\/#breadcrumb\"},\"inLanguage\":\"en-US\",\"potentialAction\":[{\"@type\":\"ReadAction\",\"target\":[\"https:\\\/\\\/www.2euros.org\\\/en\\\/2-euro-commemorative-2017\\\/2017-vatican-100th-anniversary-of-the-marian-apparitions-of-fatima\\\/\"]}]},{\"@type\":\"ImageObject\",\"inLanguage\":\"en-US\",\"@id\":\"https:\\\/\\\/www.2euros.org\\\/en\\\/2-euro-commemorative-2017\\\/2017-vatican-100th-anniversary-of-the-marian-apparitions-of-fatima\\\/#primaryimage\",\"url\":\"https:\\\/\\\/www.2euros.org\\\/wp-content\\\/uploads\\\/2019\\\/03\\\/2017-vatican2gm-fd6.jpg\",\"contentUrl\":\"https:\\\/\\\/www.2euros.org\\\/wp-content\\\/uploads\\\/2019\\\/03\\\/2017-vatican2gm-fd6.jpg\",\"width\":400,\"height\":400},{\"@type\":\"BreadcrumbList\",\"@id\":\"https:\\\/\\\/www.2euros.org\\\/en\\\/2-euro-commemorative-2017\\\/2017-vatican-100th-anniversary-of-the-marian-apparitions-of-fatima\\\/#breadcrumb\",\"itemListElement\":[{\"@type\":\"ListItem\",\"position\":1,\"name\":\"Home\",\"item\":\"https:\\\/\\\/www.2euros.org\\\/en\\\/\"},{\"@type\":\"ListItem\",\"position\":2,\"name\":\"2017\",\"item\":\"https:\\\/\\\/www.2euros.org\\\/en\\\/category\\\/2-euro-commemorative-2017\\\/\"},{\"@type\":\"ListItem\",\"position\":3,\"name\":\"2017 &#8211; Vatican &#8211; 100th anniversary of the Marian apparitions of Fatima\"}]},{\"@type\":\"WebSite\",\"@id\":\"https:\\\/\\\/www.2euros.org\\\/en\\\/#website\",\"url\":\"https:\\\/\\\/www.2euros.org\\\/en\\\/\",\"name\":\"2Euros.org\",\"description\":\"Site de r\u00e9f\u00e9rence des pi\u00e8ces comm\u00e9moratives de 2 euros\",\"publisher\":{\"@id\":\"https:\\\/\\\/www.2euros.org\\\/en\\\/#organization\"},\"potentialAction\":[{\"@type\":\"SearchAction\",\"target\":{\"@type\":\"EntryPoint\",\"urlTemplate\":\"https:\\\/\\\/www.2euros.org\\\/en\\\/?s={search_term_string}\"},\"query-input\":{\"@type\":\"PropertyValueSpecification\",\"valueRequired\":true,\"valueName\":\"search_term_string\"}}],\"inLanguage\":\"en-US\"},{\"@type\":\"Organization\",\"@id\":\"https:\\\/\\\/www.2euros.org\\\/en\\\/#organization\",\"name\":\"Ce site a pour but de r\u00e9f\u00e9rencer toutes les pi\u00e8ces de 2euros comm\u00e9moratives. Elles seront r\u00e9f\u00e9renc\u00e9es par ann\u00e9e et par pays. Pour chaque pi\u00e8ce, vous trouverez un descriptif d\u00e9taill\u00e9, son estimation, le d\u00e9tail de ses caract\u00e9ristiques, l'\u00e9mission, etc...\",\"alternateName\":\"2Euros.org!\",\"url\":\"https:\\\/\\\/www.2euros.org\\\/en\\\/\",\"logo\":{\"@type\":\"ImageObject\",\"inLanguage\":\"en-US\",\"@id\":\"https:\\\/\\\/www.2euros.org\\\/en\\\/#\\\/schema\\\/logo\\\/image\\\/\",\"url\":\"https:\\\/\\\/www.2euros.org\\\/wp-content\\\/uploads\\\/2023\\\/11\\\/cropped-logo2euros200px.png\",\"contentUrl\":\"https:\\\/\\\/www.2euros.org\\\/wp-content\\\/uploads\\\/2023\\\/11\\\/cropped-logo2euros200px.png\",\"width\":200,\"height\":200,\"caption\":\"Ce site a pour but de r\u00e9f\u00e9rencer toutes les pi\u00e8ces de 2euros comm\u00e9moratives. Elles seront r\u00e9f\u00e9renc\u00e9es par ann\u00e9e et par pays. Pour chaque pi\u00e8ce, vous trouverez un descriptif d\u00e9taill\u00e9, son estimation, le d\u00e9tail de ses caract\u00e9ristiques, l'\u00e9mission, etc...\"},\"image\":{\"@id\":\"https:\\\/\\\/www.2euros.org\\\/en\\\/#\\\/schema\\\/logo\\\/image\\\/\"},\"sameAs\":[\"https:\\\/\\\/www.facebook.com\\\/groups\\\/133974904458606\"]},{\"@type\":\"Person\",\"@id\":\"https:\\\/\\\/www.2euros.org\\\/en\\\/#\\\/schema\\\/person\\\/12e34ec3242fa163c51adacbcd7b2ebd\",\"name\":\"Pierre D\",\"image\":{\"@type\":\"ImageObject\",\"inLanguage\":\"en-US\",\"@id\":\"https:\\\/\\\/www.2euros.org\\\/wp-content\\\/uploads\\\/wp-user-manager-uploads\\\/2025\\\/12\\\/462084061_10231332749754304_5952221512921178099_n.jpg\",\"url\":\"https:\\\/\\\/www.2euros.org\\\/wp-content\\\/uploads\\\/wp-user-manager-uploads\\\/2025\\\/12\\\/462084061_10231332749754304_5952221512921178099_n.jpg\",\"contentUrl\":\"https:\\\/\\\/www.2euros.org\\\/wp-content\\\/uploads\\\/wp-user-manager-uploads\\\/2025\\\/12\\\/462084061_10231332749754304_5952221512921178099_n.jpg\",\"caption\":\"Pierre D\"},\"description\":\"Webmaster de 2euros.org\",\"sameAs\":[\"https:\\\/\\\/www.2euros.org\\\/\"]}]}<\/script>\n<!-- \/ Yoast SEO plugin. -->","yoast_head_json":{"title":"100th anniversary of the apparitions of Fatima - Vatican 2017","description":"The commemorative coin celebrates the 100th anniversary of the Marian apparitions of Fatima and was issued by the Vatican in 2017.","robots":{"index":"index","follow":"follow","max-snippet":"max-snippet:-1","max-image-preview":"max-image-preview:large","max-video-preview":"max-video-preview:-1"},"canonical":"https:\/\/www.2euros.org\/en\/2-euro-commemorative-2017\/2017-vatican-100th-anniversary-of-the-marian-apparitions-of-fatima\/","og_locale":"en_US","og_type":"article","og_title":"100th anniversary of the apparitions of Fatima - Vatican 2017","og_description":"The commemorative coin celebrates the 100th anniversary of the Marian apparitions of Fatima and was issued by the Vatican in 2017.","og_url":"https:\/\/www.2euros.org\/en\/2-euro-commemorative-2017\/2017-vatican-100th-anniversary-of-the-marian-apparitions-of-fatima\/","og_site_name":"2Euros.org","article_publisher":"https:\/\/www.facebook.com\/groups\/133974904458606","article_published_time":"2019-03-03T07:31:35+00:00","article_modified_time":"2025-01-31T12:29:23+00:00","og_image":[{"width":400,"height":400,"url":"https:\/\/www.2euros.org\/wp-content\/uploads\/2019\/03\/2017-vatican2gm-fd6.jpg","type":"image\/jpeg"}],"author":"Pierre D","twitter_card":"summary_large_image","twitter_misc":{"Written by":"Pierre D","Est. reading time":"2 minutes"},"schema":{"@context":"https:\/\/schema.org","@graph":[{"@type":"Article","@id":"https:\/\/www.2euros.org\/en\/2-euro-commemorative-2017\/2017-vatican-100th-anniversary-of-the-marian-apparitions-of-fatima\/#article","isPartOf":{"@id":"https:\/\/www.2euros.org\/en\/2-euro-commemorative-2017\/2017-vatican-100th-anniversary-of-the-marian-apparitions-of-fatima\/"},"author":{"name":"Pierre D","@id":"https:\/\/www.2euros.org\/en\/#\/schema\/person\/12e34ec3242fa163c51adacbcd7b2ebd"},"headline":"2017 &#8211; Vatican &#8211; 100th anniversary of the Marian apparitions of Fatima","datePublished":"2019-03-03T07:31:35+00:00","dateModified":"2025-01-31T12:29:23+00:00","mainEntityOfPage":{"@id":"https:\/\/www.2euros.org\/en\/2-euro-commemorative-2017\/2017-vatican-100th-anniversary-of-the-marian-apparitions-of-fatima\/"},"wordCount":423,"commentCount":0,"publisher":{"@id":"https:\/\/www.2euros.org\/en\/#organization"},"image":{"@id":"https:\/\/www.2euros.org\/en\/2-euro-commemorative-2017\/2017-vatican-100th-anniversary-of-the-marian-apparitions-of-fatima\/#primaryimage"},"thumbnailUrl":"https:\/\/www.2euros.org\/wp-content\/uploads\/2019\/03\/2017-vatican2gm-fd6.jpg","articleSection":["2017","Vatican"],"inLanguage":"en-US","potentialAction":[{"@type":"CommentAction","name":"Comment","target":["https:\/\/www.2euros.org\/en\/2-euro-commemorative-2017\/2017-vatican-100th-anniversary-of-the-marian-apparitions-of-fatima\/#respond"]}]},{"@type":"WebPage","@id":"https:\/\/www.2euros.org\/en\/2-euro-commemorative-2017\/2017-vatican-100th-anniversary-of-the-marian-apparitions-of-fatima\/","url":"https:\/\/www.2euros.org\/en\/2-euro-commemorative-2017\/2017-vatican-100th-anniversary-of-the-marian-apparitions-of-fatima\/","name":"100th anniversary of the apparitions of Fatima - Vatican 2017","isPartOf":{"@id":"https:\/\/www.2euros.org\/en\/#website"},"primaryImageOfPage":{"@id":"https:\/\/www.2euros.org\/en\/2-euro-commemorative-2017\/2017-vatican-100th-anniversary-of-the-marian-apparitions-of-fatima\/#primaryimage"},"image":{"@id":"https:\/\/www.2euros.org\/en\/2-euro-commemorative-2017\/2017-vatican-100th-anniversary-of-the-marian-apparitions-of-fatima\/#primaryimage"},"thumbnailUrl":"https:\/\/www.2euros.org\/wp-content\/uploads\/2019\/03\/2017-vatican2gm-fd6.jpg","datePublished":"2019-03-03T07:31:35+00:00","dateModified":"2025-01-31T12:29:23+00:00","description":"The commemorative coin celebrates the 100th anniversary of the Marian apparitions of Fatima and was issued by the Vatican in 2017.","breadcrumb":{"@id":"https:\/\/www.2euros.org\/en\/2-euro-commemorative-2017\/2017-vatican-100th-anniversary-of-the-marian-apparitions-of-fatima\/#breadcrumb"},"inLanguage":"en-US","potentialAction":[{"@type":"ReadAction","target":["https:\/\/www.2euros.org\/en\/2-euro-commemorative-2017\/2017-vatican-100th-anniversary-of-the-marian-apparitions-of-fatima\/"]}]},{"@type":"ImageObject","inLanguage":"en-US","@id":"https:\/\/www.2euros.org\/en\/2-euro-commemorative-2017\/2017-vatican-100th-anniversary-of-the-marian-apparitions-of-fatima\/#primaryimage","url":"https:\/\/www.2euros.org\/wp-content\/uploads\/2019\/03\/2017-vatican2gm-fd6.jpg","contentUrl":"https:\/\/www.2euros.org\/wp-content\/uploads\/2019\/03\/2017-vatican2gm-fd6.jpg","width":400,"height":400},{"@type":"BreadcrumbList","@id":"https:\/\/www.2euros.org\/en\/2-euro-commemorative-2017\/2017-vatican-100th-anniversary-of-the-marian-apparitions-of-fatima\/#breadcrumb","itemListElement":[{"@type":"ListItem","position":1,"name":"Home","item":"https:\/\/www.2euros.org\/en\/"},{"@type":"ListItem","position":2,"name":"2017","item":"https:\/\/www.2euros.org\/en\/category\/2-euro-commemorative-2017\/"},{"@type":"ListItem","position":3,"name":"2017 &#8211; Vatican &#8211; 100th anniversary of the Marian apparitions of Fatima"}]},{"@type":"WebSite","@id":"https:\/\/www.2euros.org\/en\/#website","url":"https:\/\/www.2euros.org\/en\/","name":"2Euros.org","description":"Site de r\u00e9f\u00e9rence des pi\u00e8ces comm\u00e9moratives de 2 euros","publisher":{"@id":"https:\/\/www.2euros.org\/en\/#organization"},"potentialAction":[{"@type":"SearchAction","target":{"@type":"EntryPoint","urlTemplate":"https:\/\/www.2euros.org\/en\/?s={search_term_string}"},"query-input":{"@type":"PropertyValueSpecification","valueRequired":true,"valueName":"search_term_string"}}],"inLanguage":"en-US"},{"@type":"Organization","@id":"https:\/\/www.2euros.org\/en\/#organization","name":"Ce site a pour but de r\u00e9f\u00e9rencer toutes les pi\u00e8ces de 2euros comm\u00e9moratives. Elles seront r\u00e9f\u00e9renc\u00e9es par ann\u00e9e et par pays. Pour chaque pi\u00e8ce, vous trouverez un descriptif d\u00e9taill\u00e9, son estimation, le d\u00e9tail de ses caract\u00e9ristiques, l'\u00e9mission, etc...","alternateName":"2Euros.org!","url":"https:\/\/www.2euros.org\/en\/","logo":{"@type":"ImageObject","inLanguage":"en-US","@id":"https:\/\/www.2euros.org\/en\/#\/schema\/logo\/image\/","url":"https:\/\/www.2euros.org\/wp-content\/uploads\/2023\/11\/cropped-logo2euros200px.png","contentUrl":"https:\/\/www.2euros.org\/wp-content\/uploads\/2023\/11\/cropped-logo2euros200px.png","width":200,"height":200,"caption":"Ce site a pour but de r\u00e9f\u00e9rencer toutes les pi\u00e8ces de 2euros comm\u00e9moratives. Elles seront r\u00e9f\u00e9renc\u00e9es par ann\u00e9e et par pays. Pour chaque pi\u00e8ce, vous trouverez un descriptif d\u00e9taill\u00e9, son estimation, le d\u00e9tail de ses caract\u00e9ristiques, l'\u00e9mission, etc..."},"image":{"@id":"https:\/\/www.2euros.org\/en\/#\/schema\/logo\/image\/"},"sameAs":["https:\/\/www.facebook.com\/groups\/133974904458606"]},{"@type":"Person","@id":"https:\/\/www.2euros.org\/en\/#\/schema\/person\/12e34ec3242fa163c51adacbcd7b2ebd","name":"Pierre D","image":{"@type":"ImageObject","inLanguage":"en-US","@id":"https:\/\/www.2euros.org\/wp-content\/uploads\/wp-user-manager-uploads\/2025\/12\/462084061_10231332749754304_5952221512921178099_n.jpg","url":"https:\/\/www.2euros.org\/wp-content\/uploads\/wp-user-manager-uploads\/2025\/12\/462084061_10231332749754304_5952221512921178099_n.jpg","contentUrl":"https:\/\/www.2euros.org\/wp-content\/uploads\/wp-user-manager-uploads\/2025\/12\/462084061_10231332749754304_5952221512921178099_n.jpg","caption":"Pierre D"},"description":"Webmaster de 2euros.org","sameAs":["https:\/\/www.2euros.org\/"]}]}},"_links":{"self":[{"href":"https:\/\/www.2euros.org\/en\/wp-json\/wp\/v2\/posts\/17168","targetHints":{"allow":["GET"]}}],"collection":[{"href":"https:\/\/www.2euros.org\/en\/wp-json\/wp\/v2\/posts"}],"about":[{"href":"https:\/\/www.2euros.org\/en\/wp-json\/wp\/v2\/types\/post"}],"author":[{"embeddable":true,"href":"https:\/\/www.2euros.org\/en\/wp-json\/wp\/v2\/users\/1"}],"replies":[{"embeddable":true,"href":"https:\/\/www.2euros.org\/en\/wp-json\/wp\/v2\/comments?post=17168"}],"version-history":[{"count":0,"href":"https:\/\/www.2euros.org\/en\/wp-json\/wp\/v2\/posts\/17168\/revisions"}],"wp:featuredmedia":[{"embeddable":true,"href":"https:\/\/www.2euros.org\/en\/wp-json\/wp\/v2\/media\/11938"}],"wp:attachment":[{"href":"https:\/\/www.2euros.org\/en\/wp-json\/wp\/v2\/media?parent=17168"}],"wp:term":[{"taxonomy":"category","embeddable":true,"href":"https:\/\/www.2euros.org\/en\/wp-json\/wp\/v2\/categories?post=17168"},{"taxonomy":"post_tag","embeddable":true,"href":"https:\/\/www.2euros.org\/en\/wp-json\/wp\/v2\/tags?post=17168"}],"curies":[{"name":"wp","href":"https:\/\/api.w.org\/{rel}","templated":true}]}}