{"id":17135,"date":"2019-02-28T08:53:51","date_gmt":"2019-02-28T07:53:51","guid":{"rendered":"https:\/\/www.2euros.org\/non-classifiee\/2016-andorra-150th-anniversary-of-the-new-reform\/"},"modified":"2024-07-26T17:27:10","modified_gmt":"2024-07-26T15:27:10","slug":"2016-andorra-150th-anniversary-of-the-new-reform","status":"publish","type":"post","link":"https:\/\/www.2euros.org\/en\/2-euro-commemorative-2016\/2016-andorra-150th-anniversary-of-the-new-reform\/","title":{"rendered":"2016 &#8211; Andorra &#8211; 150th anniversary of the New Reform"},"content":{"rendered":"\n<h2 class=\"wp-block-heading has-text-align-left\">Introduction<\/h2>\n\n<p>The two-euro coin presented was issued by Andorra in 2016 and celebrates the 150th anniversary of the New Reform of 1866. This event marks a key milestone in the political and social development of the country. This issue highlights the historical importance of this reform for Andorra.<\/p>\n\n<h2 class=\"wp-block-heading\">Coin description<\/h2>\n\n<p>The obverse of this coin features a detailed and meaningful design. In the center, a representation of the General Council Chamber, the Andorran parliament, symbolizes democracy and government. The inscription &#8220;150 ANYS DE LA NOVA REFORMA DE 1866&#8221; surrounds the upper part of the coin, highlighting the anniversary of this event.<\/p>\n\n<p>Above the image of the parliament, the year &#8220;2016&#8221; marks the year of issue. At the bottom, the inscription &#8220;ANDORRA&#8221; indicates the issuing country. Twelve stars surround the outer part of the coin, representing the member states of the European Union. This thus integrates Andorra into the broader context of Europe.<\/p>\n\n<p>The details of the engraving add aesthetic depth to the piece. Indeed, the General Council Chamber symbolises Andorra\u2019s commitment to democracy. In addition, the artistic elements and inscriptions highlight the historical importance of the New Reform of 1866. Furthermore, the design emphasises the central role of parliament in the governance of the country.<\/p>\n\n<h2 class=\"wp-block-heading\">Conclusion<\/h2>\n\n<p class=\"has-text-align-left\">In summary, the two-euro coin issued by Andorra in 2016 celebrates the 150th anniversary of the New Reform of 1866. The design of the obverse, with the General Council Chamber, the inscriptions &#8220;150 ANYS DE LA NOVA REFORMA DE 1866&#8221; and &#8220;ANDORRA&#8221;, highlights the importance of this historical event. In fact, this coin represents more than just currency; it honours a defining moment in the political history of Andorra. Therefore, it has great historical and cultural importance for Andorra and for the whole of Europe.<\/p>\n\n<p class=\"has-text-align-center\"><br\/><span style=\"font-size: 10pt;\"><strong>Official Coincard:<\/strong><\/span><span style=\"text-decoration: underline; font-size: 12pt;\"> <strong><br\/><\/strong><\/span><img loading=\"lazy\" decoding=\"async\" width=\"200\" height=\"292\" class=\"zoom-andorra size-full wp-image-727\" style=\"display: block; margin -left: auto; margin-right: auto;\" src=\"https:\/\/www.2euros.org\/wp-content\/uploads\/2019\/02\/coincard-andorre-2016-1-0a0.jpg\" srcset=\"https:\/\/www.2euros.org\/wp-content\/uploads\/2019\/02\/coincard-andorre-2016-1-0a0-136x200.jpg 136w, https:\/\/www.2euros.org\/wp-content\/uploads\/2019\/02\/coincard-andorre-2016-1-0a0-102x150.jpg 102w, https:\/\/www.2euros.org\/wp-content\/uploads\/2019\/02\/coincard-andorre-2016-1-0a0-16x24.jpg 16w, https:\/\/www.2euros.org\/wp-content\/uploads\/2019\/02\/coincard-andorre-2016-1-0a0-24x36.jpg 24w, https:\/\/www.2euros.org\/wp-content\/uploads\/2019\/02\/coincard-andorre-2016-1-0a0-33x48.jpg 33w\" sizes=\"auto, (max-width: 200px) 100vw, 200px\" \/><\/p>\n\n<figure class=\"wp-block-table is-style-stripes\"><table><tbody><tr><td><strong>Country of Issue:<\/strong><\/td><td><img loading=\"lazy\" decoding=\"async\" class=\" size-full wp-image-230\" title=\"Andorre\" src=\"https:\/\/www.2euros.org\/wp-content\/uploads\/2019\/02\/andorre-10c.png\" alt=\"Andorre\" width=\"30\" height=\"20\" srcset=\"https:\/\/www.2euros.org\/wp-content\/uploads\/2019\/02\/andorre-10c.png 32w, https:\/\/www.2euros.org\/wp-content\/uploads\/2019\/02\/andorre-10c-24x16.png 24w\" sizes=\"auto, (max-width: 30px) 100vw, 30px\" \/><\/td><\/tr><tr><td><strong>Date of issue:<\/strong><\/td><td>June 01, 2017<\/td><\/tr><tr><td><strong>Total mintage:<\/strong><\/td><td><strong>85.000<\/strong><\/td><\/tr><tr><td>\u2013 Proof:<\/td><td>\u00a00<\/td><\/tr><tr><td>\u2013 BU:<\/td><td>\u00a085.000<\/td><\/tr><tr><td>\u2013 UNC:<\/td><td>\u00a00<\/td><\/tr><tr><td><strong>Engraver:<\/strong><\/td><td>F\u00e1brica Nacional de Moneda y Timbre<\/td><\/tr><tr><td><strong>The edge:<\/strong><\/td><td><img loading=\"lazy\" decoding=\"async\" class=\" size-full wp-image-32\" src=\"https:\/\/www.2euros.org\/wp-content\/uploads\/2019\/02\/luxembourg1-4c6.jpg\" width=\"187\" height=\"10\" srcset=\"https:\/\/www.2euros.org\/wp-content\/uploads\/2019\/02\/luxembourg1-4c6.jpg 187w, https:\/\/www.2euros.org\/wp-content\/uploads\/2019\/02\/luxembourg1-4c6-150x8.jpg 150w, https:\/\/www.2euros.org\/wp-content\/uploads\/2019\/02\/luxembourg1-4c6-24x1.jpg 24w, https:\/\/www.2euros.org\/wp-content\/uploads\/2019\/02\/luxembourg1-4c6-36x2.jpg 36w, https:\/\/www.2euros.org\/wp-content\/uploads\/2019\/02\/luxembourg1-4c6-48x3.jpg 48w\" sizes=\"auto, (max-width: 187px) 100vw, 187px\" \/><\/td><\/tr><tr><td><strong>Rarity:<\/strong><\/td><td><img decoding=\"async\" src=\"https:\/\/www.2euros.org\/images\/euro.png\"\/><img decoding=\"async\" src=\"https:\/\/www.2euros.org\/images\/euro.png\"\/><img decoding=\"async\" src=\"https:\/\/www.2euros.org\/images\/euro.png\"\/><img decoding=\"async\" src=\"https:\/\/www.2euros.org\/images\/euro.png\"\/><img decoding=\"async\" src=\"https:\/\/www.2euros.org\/images\/euro.png\"\/><img decoding=\"async\" src=\"https:\/\/www.2euros.org\/images\/euro.png\"\/><img decoding=\"async\" src=\"https:\/\/www.2euros.org\/images\/euro2.png\"\/><img decoding=\"async\" src=\"https:\/\/www.2euros.org\/images\/euro2.png\"\/><img decoding=\"async\" src=\"https:\/\/www.2euros.org\/images\/euro2.png\"\/><img decoding=\"async\" src=\"https:\/\/www.2euros.org\/images\/euro2.png\"\/><\/td><\/tr><tr><td><strong>Official Journal:<\/strong><\/td><td><a href=\"https:\/\/eur-lex.europa.eu\/legal-content\/FR\/TXT\/?uri=CELEX%3AC2016%2F409%2F05&amp;qid=1665419508563\" target=\"_blank\" rel=\"noopener noreferrer\"> 2016\/C 409\/05<\/a><\/td><\/tr><tr><td><strong>My collection:<\/strong><\/td><td>[cbxwpbookmarkbtn]<\/td><\/tr><\/tbody><\/table><\/figure>\n\n<p>Do you want to know the technical specifications of this coin? Feel free to visit the page dedicated to the <a cordobahref=\"https:\/\/www.2euros.org\/en\/numismatics\/characteristics-of-a-2-euro-coin\/\" target=\"_blank\" rel=\"noreferrer noopener\">specifications of a 2-euro coin<\/a>.<\/p>\n","protected":false},"excerpt":{"rendered":"<div class=\"mh-excerpt\"><p>Introduction The two-euro coin presented was issued by Andorra in 2016 and celebrates the 150th anniversary of the New Reform of 1866. This event marks a key milestone in the political and social development of <a class=\"mh-excerpt-more\" href=\"https:\/\/www.2euros.org\/en\/2-euro-commemorative-2016\/2016-andorra-150th-anniversary-of-the-new-reform\/\" title=\"2016 &#8211; Andorra &#8211; 150th anniversary of the New Reform\">[&#8230;]<\/a><\/p>\n                <div class=\"ccm-buttons ccm-buttons-small\"\n                     data-post-id=\"17135\"\n                     data-state='{&quot;be&quot;:0,&quot;bu&quot;:0,&quot;unc&quot;:0,&quot;circulation&quot;:0}'\n                     data-not-logged=\"true\">\n                    <span class=\"ccm-label\">My collection<\/span>\n                    <button class=\"coin-btn\" data-type=\"be\">Proof<\/button>\n                    <button class=\"coin-btn\" data-type=\"bu\">BU<\/button>\n                    <button class=\"coin-btn\" data-type=\"unc\">UNC<\/button>\n                    <button class=\"coin-btn\" data-type=\"circulation\">Circulated<\/button>\n                    <span class=\"ccm-separator\"> - <\/span>\n                    <button class=\"no-coin-btn\" data-type=\"none\">I don&#039;t have this coin<\/button>\n                <\/div>\n                <p class=\"ccm-login-message\">Veuillez vous inscrire pour pouvoir g\u00e9rer votre collection<\/p><\/div>","protected":false},"author":1,"featured_media":10960,"comment_status":"open","ping_status":"open","sticky":false,"template":"","format":"standard","meta":{"footnotes":""},"categories":[1169,1153],"tags":[],"class_list":["post-17135","post","type-post","status-publish","format-standard","has-post-thumbnail","hentry","category-2-euro-commemorative-2016","category-andorra"],"yoast_head":"<!-- This site is optimized with the Yoast SEO plugin v27.4 - https:\/\/yoast.com\/product\/yoast-seo-wordpress\/ -->\n<title>150th anniversary of the New Reform - Andorra 2016 &#8226; 2Euros.org<\/title>\n<meta name=\"description\" content=\"This commemorative coin celebrates the 150th anniversary of the New Reform and was issued by Andorra in 2016.\" \/>\n<meta name=\"robots\" content=\"index, follow, max-snippet:-1, max-image-preview:large, max-video-preview:-1\" \/>\n<link rel=\"canonical\" href=\"https:\/\/www.2euros.org\/en\/2-euro-commemorative-2016\/2016-andorra-150th-anniversary-of-the-new-reform\/\" \/>\n<meta property=\"og:locale\" content=\"en_US\" \/>\n<meta property=\"og:type\" content=\"article\" \/>\n<meta property=\"og:title\" content=\"150th anniversary of the New Reform - Andorra 2016 &#8226; 2Euros.org\" \/>\n<meta property=\"og:description\" content=\"This commemorative coin celebrates the 150th anniversary of the New Reform and was issued by Andorra in 2016.\" \/>\n<meta property=\"og:url\" content=\"https:\/\/www.2euros.org\/en\/2-euro-commemorative-2016\/2016-andorra-150th-anniversary-of-the-new-reform\/\" \/>\n<meta property=\"og:site_name\" content=\"2Euros.org\" \/>\n<meta property=\"article:publisher\" content=\"https:\/\/www.facebook.com\/groups\/133974904458606\" \/>\n<meta property=\"article:published_time\" content=\"2019-02-28T07:53:51+00:00\" \/>\n<meta property=\"article:modified_time\" content=\"2024-07-26T15:27:10+00:00\" \/>\n<meta property=\"og:image\" content=\"https:\/\/www.2euros.org\/wp-content\/uploads\/2019\/02\/2016-andorre2gm-0c3.jpg\" \/>\n\t<meta property=\"og:image:width\" content=\"400\" \/>\n\t<meta property=\"og:image:height\" content=\"400\" \/>\n\t<meta property=\"og:image:type\" content=\"image\/jpeg\" \/>\n<meta name=\"author\" content=\"Pierre D\" \/>\n<meta name=\"twitter:card\" content=\"summary_large_image\" \/>\n<meta name=\"twitter:label1\" content=\"Written by\" \/>\n\t<meta name=\"twitter:data1\" content=\"Pierre D\" \/>\n\t<meta name=\"twitter:label2\" content=\"Est. reading time\" \/>\n\t<meta name=\"twitter:data2\" content=\"2 minutes\" \/>\n<script type=\"application\/ld+json\" class=\"yoast-schema-graph\">{\"@context\":\"https:\\\/\\\/schema.org\",\"@graph\":[{\"@type\":\"Article\",\"@id\":\"https:\\\/\\\/www.2euros.org\\\/en\\\/2-euro-commemorative-2016\\\/2016-andorra-150th-anniversary-of-the-new-reform\\\/#article\",\"isPartOf\":{\"@id\":\"https:\\\/\\\/www.2euros.org\\\/en\\\/2-euro-commemorative-2016\\\/2016-andorra-150th-anniversary-of-the-new-reform\\\/\"},\"author\":{\"name\":\"Pierre D\",\"@id\":\"https:\\\/\\\/www.2euros.org\\\/en\\\/#\\\/schema\\\/person\\\/12e34ec3242fa163c51adacbcd7b2ebd\"},\"headline\":\"2016 &#8211; Andorra &#8211; 150th anniversary of the New Reform\",\"datePublished\":\"2019-02-28T07:53:51+00:00\",\"dateModified\":\"2024-07-26T15:27:10+00:00\",\"mainEntityOfPage\":{\"@id\":\"https:\\\/\\\/www.2euros.org\\\/en\\\/2-euro-commemorative-2016\\\/2016-andorra-150th-anniversary-of-the-new-reform\\\/\"},\"wordCount\":347,\"commentCount\":0,\"publisher\":{\"@id\":\"https:\\\/\\\/www.2euros.org\\\/en\\\/#organization\"},\"image\":{\"@id\":\"https:\\\/\\\/www.2euros.org\\\/en\\\/2-euro-commemorative-2016\\\/2016-andorra-150th-anniversary-of-the-new-reform\\\/#primaryimage\"},\"thumbnailUrl\":\"https:\\\/\\\/www.2euros.org\\\/wp-content\\\/uploads\\\/2019\\\/02\\\/2016-andorre2gm-0c3.jpg\",\"articleSection\":[\"2016\",\"Andorra\"],\"inLanguage\":\"en-US\",\"potentialAction\":[{\"@type\":\"CommentAction\",\"name\":\"Comment\",\"target\":[\"https:\\\/\\\/www.2euros.org\\\/en\\\/2-euro-commemorative-2016\\\/2016-andorra-150th-anniversary-of-the-new-reform\\\/#respond\"]}]},{\"@type\":\"WebPage\",\"@id\":\"https:\\\/\\\/www.2euros.org\\\/en\\\/2-euro-commemorative-2016\\\/2016-andorra-150th-anniversary-of-the-new-reform\\\/\",\"url\":\"https:\\\/\\\/www.2euros.org\\\/en\\\/2-euro-commemorative-2016\\\/2016-andorra-150th-anniversary-of-the-new-reform\\\/\",\"name\":\"150th anniversary of the New Reform - Andorra 2016 &#8226; 2Euros.org\",\"isPartOf\":{\"@id\":\"https:\\\/\\\/www.2euros.org\\\/en\\\/#website\"},\"primaryImageOfPage\":{\"@id\":\"https:\\\/\\\/www.2euros.org\\\/en\\\/2-euro-commemorative-2016\\\/2016-andorra-150th-anniversary-of-the-new-reform\\\/#primaryimage\"},\"image\":{\"@id\":\"https:\\\/\\\/www.2euros.org\\\/en\\\/2-euro-commemorative-2016\\\/2016-andorra-150th-anniversary-of-the-new-reform\\\/#primaryimage\"},\"thumbnailUrl\":\"https:\\\/\\\/www.2euros.org\\\/wp-content\\\/uploads\\\/2019\\\/02\\\/2016-andorre2gm-0c3.jpg\",\"datePublished\":\"2019-02-28T07:53:51+00:00\",\"dateModified\":\"2024-07-26T15:27:10+00:00\",\"description\":\"This commemorative coin celebrates the 150th anniversary of the New Reform and was issued by Andorra in 2016.\",\"breadcrumb\":{\"@id\":\"https:\\\/\\\/www.2euros.org\\\/en\\\/2-euro-commemorative-2016\\\/2016-andorra-150th-anniversary-of-the-new-reform\\\/#breadcrumb\"},\"inLanguage\":\"en-US\",\"potentialAction\":[{\"@type\":\"ReadAction\",\"target\":[\"https:\\\/\\\/www.2euros.org\\\/en\\\/2-euro-commemorative-2016\\\/2016-andorra-150th-anniversary-of-the-new-reform\\\/\"]}]},{\"@type\":\"ImageObject\",\"inLanguage\":\"en-US\",\"@id\":\"https:\\\/\\\/www.2euros.org\\\/en\\\/2-euro-commemorative-2016\\\/2016-andorra-150th-anniversary-of-the-new-reform\\\/#primaryimage\",\"url\":\"https:\\\/\\\/www.2euros.org\\\/wp-content\\\/uploads\\\/2019\\\/02\\\/2016-andorre2gm-0c3.jpg\",\"contentUrl\":\"https:\\\/\\\/www.2euros.org\\\/wp-content\\\/uploads\\\/2019\\\/02\\\/2016-andorre2gm-0c3.jpg\",\"width\":400,\"height\":400},{\"@type\":\"BreadcrumbList\",\"@id\":\"https:\\\/\\\/www.2euros.org\\\/en\\\/2-euro-commemorative-2016\\\/2016-andorra-150th-anniversary-of-the-new-reform\\\/#breadcrumb\",\"itemListElement\":[{\"@type\":\"ListItem\",\"position\":1,\"name\":\"Home\",\"item\":\"https:\\\/\\\/www.2euros.org\\\/en\\\/\"},{\"@type\":\"ListItem\",\"position\":2,\"name\":\"2016\",\"item\":\"https:\\\/\\\/www.2euros.org\\\/en\\\/category\\\/2-euro-commemorative-2016\\\/\"},{\"@type\":\"ListItem\",\"position\":3,\"name\":\"2016 &#8211; Andorra &#8211; 150th anniversary of the New Reform\"}]},{\"@type\":\"WebSite\",\"@id\":\"https:\\\/\\\/www.2euros.org\\\/en\\\/#website\",\"url\":\"https:\\\/\\\/www.2euros.org\\\/en\\\/\",\"name\":\"2Euros.org\",\"description\":\"Site de r\u00e9f\u00e9rence des pi\u00e8ces comm\u00e9moratives de 2 euros\",\"publisher\":{\"@id\":\"https:\\\/\\\/www.2euros.org\\\/en\\\/#organization\"},\"potentialAction\":[{\"@type\":\"SearchAction\",\"target\":{\"@type\":\"EntryPoint\",\"urlTemplate\":\"https:\\\/\\\/www.2euros.org\\\/en\\\/?s={search_term_string}\"},\"query-input\":{\"@type\":\"PropertyValueSpecification\",\"valueRequired\":true,\"valueName\":\"search_term_string\"}}],\"inLanguage\":\"en-US\"},{\"@type\":\"Organization\",\"@id\":\"https:\\\/\\\/www.2euros.org\\\/en\\\/#organization\",\"name\":\"Ce site a pour but de r\u00e9f\u00e9rencer toutes les pi\u00e8ces de 2euros comm\u00e9moratives. Elles seront r\u00e9f\u00e9renc\u00e9es par ann\u00e9e et par pays. Pour chaque pi\u00e8ce, vous trouverez un descriptif d\u00e9taill\u00e9, son estimation, le d\u00e9tail de ses caract\u00e9ristiques, l'\u00e9mission, etc...\",\"alternateName\":\"2Euros.org!\",\"url\":\"https:\\\/\\\/www.2euros.org\\\/en\\\/\",\"logo\":{\"@type\":\"ImageObject\",\"inLanguage\":\"en-US\",\"@id\":\"https:\\\/\\\/www.2euros.org\\\/en\\\/#\\\/schema\\\/logo\\\/image\\\/\",\"url\":\"https:\\\/\\\/www.2euros.org\\\/wp-content\\\/uploads\\\/2023\\\/11\\\/cropped-logo2euros200px.png\",\"contentUrl\":\"https:\\\/\\\/www.2euros.org\\\/wp-content\\\/uploads\\\/2023\\\/11\\\/cropped-logo2euros200px.png\",\"width\":200,\"height\":200,\"caption\":\"Ce site a pour but de r\u00e9f\u00e9rencer toutes les pi\u00e8ces de 2euros comm\u00e9moratives. Elles seront r\u00e9f\u00e9renc\u00e9es par ann\u00e9e et par pays. Pour chaque pi\u00e8ce, vous trouverez un descriptif d\u00e9taill\u00e9, son estimation, le d\u00e9tail de ses caract\u00e9ristiques, l'\u00e9mission, etc...\"},\"image\":{\"@id\":\"https:\\\/\\\/www.2euros.org\\\/en\\\/#\\\/schema\\\/logo\\\/image\\\/\"},\"sameAs\":[\"https:\\\/\\\/www.facebook.com\\\/groups\\\/133974904458606\"]},{\"@type\":\"Person\",\"@id\":\"https:\\\/\\\/www.2euros.org\\\/en\\\/#\\\/schema\\\/person\\\/12e34ec3242fa163c51adacbcd7b2ebd\",\"name\":\"Pierre D\",\"image\":{\"@type\":\"ImageObject\",\"inLanguage\":\"en-US\",\"@id\":\"https:\\\/\\\/www.2euros.org\\\/wp-content\\\/uploads\\\/wp-user-manager-uploads\\\/2025\\\/12\\\/462084061_10231332749754304_5952221512921178099_n.jpg\",\"url\":\"https:\\\/\\\/www.2euros.org\\\/wp-content\\\/uploads\\\/wp-user-manager-uploads\\\/2025\\\/12\\\/462084061_10231332749754304_5952221512921178099_n.jpg\",\"contentUrl\":\"https:\\\/\\\/www.2euros.org\\\/wp-content\\\/uploads\\\/wp-user-manager-uploads\\\/2025\\\/12\\\/462084061_10231332749754304_5952221512921178099_n.jpg\",\"caption\":\"Pierre D\"},\"description\":\"Webmaster de 2euros.org\",\"sameAs\":[\"https:\\\/\\\/www.2euros.org\\\/\"]}]}<\/script>\n<!-- \/ Yoast SEO plugin. -->","yoast_head_json":{"title":"150th anniversary of the New Reform - Andorra 2016 &#8226; 2Euros.org","description":"This commemorative coin celebrates the 150th anniversary of the New Reform and was issued by Andorra in 2016.","robots":{"index":"index","follow":"follow","max-snippet":"max-snippet:-1","max-image-preview":"max-image-preview:large","max-video-preview":"max-video-preview:-1"},"canonical":"https:\/\/www.2euros.org\/en\/2-euro-commemorative-2016\/2016-andorra-150th-anniversary-of-the-new-reform\/","og_locale":"en_US","og_type":"article","og_title":"150th anniversary of the New Reform - Andorra 2016 &#8226; 2Euros.org","og_description":"This commemorative coin celebrates the 150th anniversary of the New Reform and was issued by Andorra in 2016.","og_url":"https:\/\/www.2euros.org\/en\/2-euro-commemorative-2016\/2016-andorra-150th-anniversary-of-the-new-reform\/","og_site_name":"2Euros.org","article_publisher":"https:\/\/www.facebook.com\/groups\/133974904458606","article_published_time":"2019-02-28T07:53:51+00:00","article_modified_time":"2024-07-26T15:27:10+00:00","og_image":[{"width":400,"height":400,"url":"https:\/\/www.2euros.org\/wp-content\/uploads\/2019\/02\/2016-andorre2gm-0c3.jpg","type":"image\/jpeg"}],"author":"Pierre D","twitter_card":"summary_large_image","twitter_misc":{"Written by":"Pierre D","Est. reading time":"2 minutes"},"schema":{"@context":"https:\/\/schema.org","@graph":[{"@type":"Article","@id":"https:\/\/www.2euros.org\/en\/2-euro-commemorative-2016\/2016-andorra-150th-anniversary-of-the-new-reform\/#article","isPartOf":{"@id":"https:\/\/www.2euros.org\/en\/2-euro-commemorative-2016\/2016-andorra-150th-anniversary-of-the-new-reform\/"},"author":{"name":"Pierre D","@id":"https:\/\/www.2euros.org\/en\/#\/schema\/person\/12e34ec3242fa163c51adacbcd7b2ebd"},"headline":"2016 &#8211; Andorra &#8211; 150th anniversary of the New Reform","datePublished":"2019-02-28T07:53:51+00:00","dateModified":"2024-07-26T15:27:10+00:00","mainEntityOfPage":{"@id":"https:\/\/www.2euros.org\/en\/2-euro-commemorative-2016\/2016-andorra-150th-anniversary-of-the-new-reform\/"},"wordCount":347,"commentCount":0,"publisher":{"@id":"https:\/\/www.2euros.org\/en\/#organization"},"image":{"@id":"https:\/\/www.2euros.org\/en\/2-euro-commemorative-2016\/2016-andorra-150th-anniversary-of-the-new-reform\/#primaryimage"},"thumbnailUrl":"https:\/\/www.2euros.org\/wp-content\/uploads\/2019\/02\/2016-andorre2gm-0c3.jpg","articleSection":["2016","Andorra"],"inLanguage":"en-US","potentialAction":[{"@type":"CommentAction","name":"Comment","target":["https:\/\/www.2euros.org\/en\/2-euro-commemorative-2016\/2016-andorra-150th-anniversary-of-the-new-reform\/#respond"]}]},{"@type":"WebPage","@id":"https:\/\/www.2euros.org\/en\/2-euro-commemorative-2016\/2016-andorra-150th-anniversary-of-the-new-reform\/","url":"https:\/\/www.2euros.org\/en\/2-euro-commemorative-2016\/2016-andorra-150th-anniversary-of-the-new-reform\/","name":"150th anniversary of the New Reform - Andorra 2016 &#8226; 2Euros.org","isPartOf":{"@id":"https:\/\/www.2euros.org\/en\/#website"},"primaryImageOfPage":{"@id":"https:\/\/www.2euros.org\/en\/2-euro-commemorative-2016\/2016-andorra-150th-anniversary-of-the-new-reform\/#primaryimage"},"image":{"@id":"https:\/\/www.2euros.org\/en\/2-euro-commemorative-2016\/2016-andorra-150th-anniversary-of-the-new-reform\/#primaryimage"},"thumbnailUrl":"https:\/\/www.2euros.org\/wp-content\/uploads\/2019\/02\/2016-andorre2gm-0c3.jpg","datePublished":"2019-02-28T07:53:51+00:00","dateModified":"2024-07-26T15:27:10+00:00","description":"This commemorative coin celebrates the 150th anniversary of the New Reform and was issued by Andorra in 2016.","breadcrumb":{"@id":"https:\/\/www.2euros.org\/en\/2-euro-commemorative-2016\/2016-andorra-150th-anniversary-of-the-new-reform\/#breadcrumb"},"inLanguage":"en-US","potentialAction":[{"@type":"ReadAction","target":["https:\/\/www.2euros.org\/en\/2-euro-commemorative-2016\/2016-andorra-150th-anniversary-of-the-new-reform\/"]}]},{"@type":"ImageObject","inLanguage":"en-US","@id":"https:\/\/www.2euros.org\/en\/2-euro-commemorative-2016\/2016-andorra-150th-anniversary-of-the-new-reform\/#primaryimage","url":"https:\/\/www.2euros.org\/wp-content\/uploads\/2019\/02\/2016-andorre2gm-0c3.jpg","contentUrl":"https:\/\/www.2euros.org\/wp-content\/uploads\/2019\/02\/2016-andorre2gm-0c3.jpg","width":400,"height":400},{"@type":"BreadcrumbList","@id":"https:\/\/www.2euros.org\/en\/2-euro-commemorative-2016\/2016-andorra-150th-anniversary-of-the-new-reform\/#breadcrumb","itemListElement":[{"@type":"ListItem","position":1,"name":"Home","item":"https:\/\/www.2euros.org\/en\/"},{"@type":"ListItem","position":2,"name":"2016","item":"https:\/\/www.2euros.org\/en\/category\/2-euro-commemorative-2016\/"},{"@type":"ListItem","position":3,"name":"2016 &#8211; Andorra &#8211; 150th anniversary of the New Reform"}]},{"@type":"WebSite","@id":"https:\/\/www.2euros.org\/en\/#website","url":"https:\/\/www.2euros.org\/en\/","name":"2Euros.org","description":"Site de r\u00e9f\u00e9rence des pi\u00e8ces comm\u00e9moratives de 2 euros","publisher":{"@id":"https:\/\/www.2euros.org\/en\/#organization"},"potentialAction":[{"@type":"SearchAction","target":{"@type":"EntryPoint","urlTemplate":"https:\/\/www.2euros.org\/en\/?s={search_term_string}"},"query-input":{"@type":"PropertyValueSpecification","valueRequired":true,"valueName":"search_term_string"}}],"inLanguage":"en-US"},{"@type":"Organization","@id":"https:\/\/www.2euros.org\/en\/#organization","name":"Ce site a pour but de r\u00e9f\u00e9rencer toutes les pi\u00e8ces de 2euros comm\u00e9moratives. Elles seront r\u00e9f\u00e9renc\u00e9es par ann\u00e9e et par pays. Pour chaque pi\u00e8ce, vous trouverez un descriptif d\u00e9taill\u00e9, son estimation, le d\u00e9tail de ses caract\u00e9ristiques, l'\u00e9mission, etc...","alternateName":"2Euros.org!","url":"https:\/\/www.2euros.org\/en\/","logo":{"@type":"ImageObject","inLanguage":"en-US","@id":"https:\/\/www.2euros.org\/en\/#\/schema\/logo\/image\/","url":"https:\/\/www.2euros.org\/wp-content\/uploads\/2023\/11\/cropped-logo2euros200px.png","contentUrl":"https:\/\/www.2euros.org\/wp-content\/uploads\/2023\/11\/cropped-logo2euros200px.png","width":200,"height":200,"caption":"Ce site a pour but de r\u00e9f\u00e9rencer toutes les pi\u00e8ces de 2euros comm\u00e9moratives. Elles seront r\u00e9f\u00e9renc\u00e9es par ann\u00e9e et par pays. Pour chaque pi\u00e8ce, vous trouverez un descriptif d\u00e9taill\u00e9, son estimation, le d\u00e9tail de ses caract\u00e9ristiques, l'\u00e9mission, etc..."},"image":{"@id":"https:\/\/www.2euros.org\/en\/#\/schema\/logo\/image\/"},"sameAs":["https:\/\/www.facebook.com\/groups\/133974904458606"]},{"@type":"Person","@id":"https:\/\/www.2euros.org\/en\/#\/schema\/person\/12e34ec3242fa163c51adacbcd7b2ebd","name":"Pierre D","image":{"@type":"ImageObject","inLanguage":"en-US","@id":"https:\/\/www.2euros.org\/wp-content\/uploads\/wp-user-manager-uploads\/2025\/12\/462084061_10231332749754304_5952221512921178099_n.jpg","url":"https:\/\/www.2euros.org\/wp-content\/uploads\/wp-user-manager-uploads\/2025\/12\/462084061_10231332749754304_5952221512921178099_n.jpg","contentUrl":"https:\/\/www.2euros.org\/wp-content\/uploads\/wp-user-manager-uploads\/2025\/12\/462084061_10231332749754304_5952221512921178099_n.jpg","caption":"Pierre D"},"description":"Webmaster de 2euros.org","sameAs":["https:\/\/www.2euros.org\/"]}]}},"_links":{"self":[{"href":"https:\/\/www.2euros.org\/en\/wp-json\/wp\/v2\/posts\/17135","targetHints":{"allow":["GET"]}}],"collection":[{"href":"https:\/\/www.2euros.org\/en\/wp-json\/wp\/v2\/posts"}],"about":[{"href":"https:\/\/www.2euros.org\/en\/wp-json\/wp\/v2\/types\/post"}],"author":[{"embeddable":true,"href":"https:\/\/www.2euros.org\/en\/wp-json\/wp\/v2\/users\/1"}],"replies":[{"embeddable":true,"href":"https:\/\/www.2euros.org\/en\/wp-json\/wp\/v2\/comments?post=17135"}],"version-history":[{"count":0,"href":"https:\/\/www.2euros.org\/en\/wp-json\/wp\/v2\/posts\/17135\/revisions"}],"wp:featuredmedia":[{"embeddable":true,"href":"https:\/\/www.2euros.org\/en\/wp-json\/wp\/v2\/media\/10960"}],"wp:attachment":[{"href":"https:\/\/www.2euros.org\/en\/wp-json\/wp\/v2\/media?parent=17135"}],"wp:term":[{"taxonomy":"category","embeddable":true,"href":"https:\/\/www.2euros.org\/en\/wp-json\/wp\/v2\/categories?post=17135"},{"taxonomy":"post_tag","embeddable":true,"href":"https:\/\/www.2euros.org\/en\/wp-json\/wp\/v2\/tags?post=17135"}],"curies":[{"name":"wp","href":"https:\/\/api.w.org\/{rel}","templated":true}]}}