{"id":17090,"date":"2019-03-19T08:09:15","date_gmt":"2019-03-19T07:09:15","guid":{"rendered":"https:\/\/www.2euros.org\/non-classifiee\/2019-malta-temples-of-ta-hagrat-in-l-imgarr\/"},"modified":"2025-01-31T14:05:54","modified_gmt":"2025-01-31T13:05:54","slug":"2019-malta-temples-of-ta-hagrat-in-l-imgarr","status":"publish","type":"post","link":"https:\/\/www.2euros.org\/en\/2-euro-commemorative-2019\/2019-malta-temples-of-ta-hagrat-in-l-imgarr\/","title":{"rendered":"2019 &#8211; Malta &#8211; Temples of Ta&#8217; \u0126a\u0121rat, in L-Im\u0121arr"},"content":{"rendered":"\n<h2 class=\"wp-block-heading has-text-align-left\">Introduction<\/h2>\n\n<p>The 2 euro coin issued by Malta in 2019 celebrates the temples of Ta&#8217; \u0126a\u0121rat, located in L-Im\u0121arr and dating back to 3600-3000 BC. This event highlights the historical and archaeological significance of these megalithic structures. Furthermore, this coin pays tribute to Malta&#8217;s cultural heritage and ancient heritage. Furthermore, it symbolises Malta&#8217;s significant contributions to human history. Therefore, it has great cultural and historical value.<\/p>\n\n<h2 class=\"wp-block-heading\">Coin description<\/h2>\n\n<p>The obverse of this coin features a detailed depiction of the Ta&#8217; \u0126a\u0121rat Temples, located on the island of Malta. The engravings show the monumental structures of these prehistoric temples, highlighting their antiquity and architectural importance. In the upper right corner, the inscription &#8220;TA&#8217; \u0126A\u0120RAT TEMPLES 3600-3000 BC&#8221; specifies the period of construction of these temples.<\/p>\n\n<p>At the bottom left, the inscription \u201cMALTA\u201d appears, followed by the year of issue \u201c2019\u201d, marking the year of celebration. In addition, the outer border of the coin features twelve stars representing the member countries of the European Union. This design highlights Malta\u2019s integration within this community while celebrating its unique heritage.<\/p>\n\n<p>Each element of the room contributes to its visual harmony. The engravings are carefully made, adding an artistic and historical dimension. Indeed, this piece reflects both the ancient heritage and the modernity of Malta.<\/p>\n\n<h2 class=\"wp-block-heading\">Conclusion<\/h2>\n\n<p class=\"has-text-align-left\">In conclusion, the 2 euro coin issued by Malta in 2019 celebrates the temples of Ta&#8217; \u0126a\u0121rat, an archaeological wonder from 3600 to 3000 BC. In this way, it honours a key World Heritage Site and the historical significance of Malta. Furthermore, it highlights the importance of preserving ancient cultural heritage. Furthermore, it underlines Malta&#8217;s membership in the European Union. Therefore, through its design and inscriptions, this coin is a valuable testimony to Maltese history and culture. Thus, it represents an essential collector&#8217;s item for numismatic enthusiasts and history buffs.<\/p>\n\n<figure class=\"wp-block-table is-style-stripes\"><table><tbody><tr><td><strong>Country of Issue:<\/strong><\/td><td><img loading=\"lazy\" decoding=\"async\" width=\"32\" height=\"21\" class=\"wp-image-1878\" style=\"width: 32px;\" src=\"https:\/\/www.2euros.org\/wp-content\/uploads\/2021\/08\/malte-2d2.png\" alt=\"\" srcset=\"https:\/\/www.2euros.org\/wp-content\/uploads\/2021\/08\/malte-2d2.png 32w, https:\/\/www.2euros.org\/wp-content\/uploads\/2021\/08\/malte-2d2-24x16.png 24w\" sizes=\"auto, (max-width: 32px) 100vw, 32px\" \/><\/td><\/tr><tr><td><strong>Date of issue:<\/strong><\/td><td>July 2019<\/td><\/tr><tr><td><strong>Total mintage:<\/strong><\/td><td>320.000<\/td><\/tr><tr><td>\u2013 Proof:<\/td><td>\u00a010.000<\/td><\/tr><tr><td>\u2013 BU:<\/td><td>\u00a015.000 (Hallmark &#8220;F&#8221; &#8211; French minting)<\/td><\/tr><tr><td>\u2013 UNC:<\/td><td>\u00a0295.000<\/td><\/tr><tr><td><strong>Engraver:<\/strong><\/td><td>Noel Galea Bason<\/td><\/tr><tr><td><strong>The edge:<\/strong><\/td><td><img loading=\"lazy\" decoding=\"async\" width=\"230\" height=\"12\" class=\"wp-image-19216\" style=\"width: 230px;\" src=\"https:\/\/www.2euros.org\/wp-content\/uploads\/2019\/02\/malte1.jpg\" alt=\"\" srcset=\"https:\/\/www.2euros.org\/wp-content\/uploads\/2019\/02\/malte1.jpg 250w, https:\/\/www.2euros.org\/wp-content\/uploads\/2019\/02\/malte1-200x10.jpg 200w, https:\/\/www.2euros.org\/wp-content\/uploads\/2019\/02\/malte1-150x8.jpg 150w\" sizes=\"auto, (max-width: 230px) 100vw, 230px\" \/><\/td><\/tr><tr><td><strong>Rarity:<\/strong><\/td><td><img decoding=\"async\" src=\"https:\/\/www.2euros.org\/images\/euro.png\"\/><img decoding=\"async\" src=\"https:\/\/www.2euros.org\/images\/euro.png\"\/><img decoding=\"async\" src=\"https:\/\/www.2euros.org\/images\/euro.png\"\/><img decoding=\"async\" src=\"https:\/\/www.2euros.org\/images\/euro.png\"\/><img decoding=\"async\" src=\"https:\/\/www.2euros.org\/images\/euro.png\"\/><img decoding=\"async\" src=\"https:\/\/www.2euros.org\/images\/euro2.png\"\/><img decoding=\"async\" src=\"https:\/\/www.2euros.org\/images\/euro2.png\"\/><img decoding=\"async\" src=\"https:\/\/www.2euros.org\/images\/euro2.png\"\/><img decoding=\"async\" src=\"https:\/\/www.2euros.org\/images\/euro2.png\"\/><img decoding=\"async\" src=\"https:\/\/www.2euros.org\/images\/euro2.png\"\/><\/td><\/tr><tr><td><strong>Official Journal:<\/strong><\/td><td><a href=\"https:\/\/eur-lex.europa.eu\/legal-content\/FR\/TXT\/?uri=uriserv:OJ.C_.2019.352.01.0015.01.FRA&amp;toc=OJ:C:2019:352:TOC\" target=\"_blank\" rel=\"noopener noreferrer\">2019\/C 352\/15<\/a><\/td><\/tr><tr><td><strong>My collection:<\/strong><\/td><td>[cbxwpbookmarkbtn]<\/td><\/tr><\/tbody><\/table><\/figure>\n\n<p>Do you want to know the technical specifications of this coin? Feel free to visit the page dedicated to the <a href=\"https:\/\/www.2euros.org\/en\/numismatics\/characteristics-of-a-2-euro-coin\/\" target=\"_blank\" rel=\"noreferrer noopener\">specifications of a 2-euro coin<\/a>.&#13;\n<\/p>\n","protected":false},"excerpt":{"rendered":"<div class=\"mh-excerpt\"><p>Introduction The 2 euro coin issued by Malta in 2019 celebrates the temples of Ta&#8217; \u0126a\u0121rat, located in L-Im\u0121arr and dating back to 3600-3000 BC. This event highlights the historical and archaeological significance of these <a class=\"mh-excerpt-more\" href=\"https:\/\/www.2euros.org\/en\/2-euro-commemorative-2019\/2019-malta-temples-of-ta-hagrat-in-l-imgarr\/\" title=\"2019 &#8211; Malta &#8211; Temples of Ta&#8217; \u0126a\u0121rat, in L-Im\u0121arr\">[&#8230;]<\/a><\/p>\n                <div class=\"ccm-buttons ccm-buttons-small\"\n                     data-post-id=\"17090\"\n                     data-state='{&quot;be&quot;:0,&quot;bu&quot;:0,&quot;unc&quot;:0,&quot;circulation&quot;:0}'\n                     data-not-logged=\"true\">\n                    <span class=\"ccm-label\">My collection<\/span>\n                    <button class=\"coin-btn\" data-type=\"be\">Proof<\/button>\n                    <button class=\"coin-btn\" data-type=\"bu\">BU<\/button>\n                    <button class=\"coin-btn\" data-type=\"unc\">UNC<\/button>\n                    <button class=\"coin-btn\" data-type=\"circulation\">Circulated<\/button>\n                    <span class=\"ccm-separator\"> - <\/span>\n                    <button class=\"no-coin-btn\" data-type=\"none\">I don&#039;t have this coin<\/button>\n                <\/div>\n                <p class=\"ccm-login-message\">Veuillez vous inscrire pour pouvoir g\u00e9rer votre collection<\/p><\/div>","protected":false},"author":1,"featured_media":13464,"comment_status":"open","ping_status":"open","sticky":false,"template":"","format":"standard","meta":{"footnotes":""},"categories":[1172,1197],"tags":[],"class_list":["post-17090","post","type-post","status-publish","format-standard","has-post-thumbnail","hentry","category-2-euro-commemorative-2019","category-2-euro-commemorative-malta"],"yoast_head":"<!-- This site is optimized with the Yoast SEO plugin v27.4 - https:\/\/yoast.com\/product\/yoast-seo-wordpress\/ -->\n<title>Temples of Ta&#039; \u0126a\u0121rat, in L-Im\u0121arr - Malta 2019 &#8226; 2Euros.org<\/title>\n<meta name=\"description\" content=\"This 2 euro commemorative coin, issued by Malta in 2019, celebrates the Temples of Ta&#039; \u0126a\u0121rat, in L-Im\u0121arr.\" \/>\n<meta name=\"robots\" content=\"index, follow, max-snippet:-1, max-image-preview:large, max-video-preview:-1\" \/>\n<link rel=\"canonical\" href=\"https:\/\/www.2euros.org\/en\/2-euro-commemorative-2019\/2019-malta-temples-of-ta-hagrat-in-l-imgarr\/\" \/>\n<meta property=\"og:locale\" content=\"en_US\" \/>\n<meta property=\"og:type\" content=\"article\" \/>\n<meta property=\"og:title\" content=\"Temples of Ta&#039; \u0126a\u0121rat, in L-Im\u0121arr - Malta 2019 &#8226; 2Euros.org\" \/>\n<meta property=\"og:description\" content=\"This 2 euro commemorative coin, issued by Malta in 2019, celebrates the Temples of Ta&#039; \u0126a\u0121rat, in L-Im\u0121arr.\" \/>\n<meta property=\"og:url\" content=\"https:\/\/www.2euros.org\/en\/2-euro-commemorative-2019\/2019-malta-temples-of-ta-hagrat-in-l-imgarr\/\" \/>\n<meta property=\"og:site_name\" content=\"2Euros.org\" \/>\n<meta property=\"article:publisher\" content=\"https:\/\/www.facebook.com\/groups\/133974904458606\" \/>\n<meta property=\"article:published_time\" content=\"2019-03-19T07:09:15+00:00\" \/>\n<meta property=\"article:modified_time\" content=\"2025-01-31T13:05:54+00:00\" \/>\n<meta property=\"og:image\" content=\"https:\/\/www.2euros.org\/wp-content\/uploads\/2019\/03\/2019-malte1gm-0cf.jpg\" \/>\n\t<meta property=\"og:image:width\" content=\"400\" \/>\n\t<meta property=\"og:image:height\" content=\"400\" \/>\n\t<meta property=\"og:image:type\" content=\"image\/jpeg\" \/>\n<meta name=\"author\" content=\"Pierre D\" \/>\n<meta name=\"twitter:card\" content=\"summary_large_image\" \/>\n<meta name=\"twitter:label1\" content=\"Written by\" \/>\n\t<meta name=\"twitter:data1\" content=\"Pierre D\" \/>\n\t<meta name=\"twitter:label2\" content=\"Est. reading time\" \/>\n\t<meta name=\"twitter:data2\" content=\"2 minutes\" \/>\n<script type=\"application\/ld+json\" class=\"yoast-schema-graph\">{\"@context\":\"https:\\\/\\\/schema.org\",\"@graph\":[{\"@type\":\"Article\",\"@id\":\"https:\\\/\\\/www.2euros.org\\\/en\\\/2-euro-commemorative-2019\\\/2019-malta-temples-of-ta-hagrat-in-l-imgarr\\\/#article\",\"isPartOf\":{\"@id\":\"https:\\\/\\\/www.2euros.org\\\/en\\\/2-euro-commemorative-2019\\\/2019-malta-temples-of-ta-hagrat-in-l-imgarr\\\/\"},\"author\":{\"name\":\"Pierre D\",\"@id\":\"https:\\\/\\\/www.2euros.org\\\/en\\\/#\\\/schema\\\/person\\\/12e34ec3242fa163c51adacbcd7b2ebd\"},\"headline\":\"2019 &#8211; Malta &#8211; Temples of Ta&#8217; \u0126a\u0121rat, in L-Im\u0121arr\",\"datePublished\":\"2019-03-19T07:09:15+00:00\",\"dateModified\":\"2025-01-31T13:05:54+00:00\",\"mainEntityOfPage\":{\"@id\":\"https:\\\/\\\/www.2euros.org\\\/en\\\/2-euro-commemorative-2019\\\/2019-malta-temples-of-ta-hagrat-in-l-imgarr\\\/\"},\"wordCount\":345,\"commentCount\":0,\"publisher\":{\"@id\":\"https:\\\/\\\/www.2euros.org\\\/en\\\/#organization\"},\"image\":{\"@id\":\"https:\\\/\\\/www.2euros.org\\\/en\\\/2-euro-commemorative-2019\\\/2019-malta-temples-of-ta-hagrat-in-l-imgarr\\\/#primaryimage\"},\"thumbnailUrl\":\"https:\\\/\\\/www.2euros.org\\\/wp-content\\\/uploads\\\/2019\\\/03\\\/2019-malte1gm-0cf.jpg\",\"articleSection\":[\"2019\",\"Malta\"],\"inLanguage\":\"en-US\",\"potentialAction\":[{\"@type\":\"CommentAction\",\"name\":\"Comment\",\"target\":[\"https:\\\/\\\/www.2euros.org\\\/en\\\/2-euro-commemorative-2019\\\/2019-malta-temples-of-ta-hagrat-in-l-imgarr\\\/#respond\"]}]},{\"@type\":\"WebPage\",\"@id\":\"https:\\\/\\\/www.2euros.org\\\/en\\\/2-euro-commemorative-2019\\\/2019-malta-temples-of-ta-hagrat-in-l-imgarr\\\/\",\"url\":\"https:\\\/\\\/www.2euros.org\\\/en\\\/2-euro-commemorative-2019\\\/2019-malta-temples-of-ta-hagrat-in-l-imgarr\\\/\",\"name\":\"Temples of Ta' \u0126a\u0121rat, in L-Im\u0121arr - Malta 2019 &#8226; 2Euros.org\",\"isPartOf\":{\"@id\":\"https:\\\/\\\/www.2euros.org\\\/en\\\/#website\"},\"primaryImageOfPage\":{\"@id\":\"https:\\\/\\\/www.2euros.org\\\/en\\\/2-euro-commemorative-2019\\\/2019-malta-temples-of-ta-hagrat-in-l-imgarr\\\/#primaryimage\"},\"image\":{\"@id\":\"https:\\\/\\\/www.2euros.org\\\/en\\\/2-euro-commemorative-2019\\\/2019-malta-temples-of-ta-hagrat-in-l-imgarr\\\/#primaryimage\"},\"thumbnailUrl\":\"https:\\\/\\\/www.2euros.org\\\/wp-content\\\/uploads\\\/2019\\\/03\\\/2019-malte1gm-0cf.jpg\",\"datePublished\":\"2019-03-19T07:09:15+00:00\",\"dateModified\":\"2025-01-31T13:05:54+00:00\",\"description\":\"This 2 euro commemorative coin, issued by Malta in 2019, celebrates the Temples of Ta' \u0126a\u0121rat, in L-Im\u0121arr.\",\"breadcrumb\":{\"@id\":\"https:\\\/\\\/www.2euros.org\\\/en\\\/2-euro-commemorative-2019\\\/2019-malta-temples-of-ta-hagrat-in-l-imgarr\\\/#breadcrumb\"},\"inLanguage\":\"en-US\",\"potentialAction\":[{\"@type\":\"ReadAction\",\"target\":[\"https:\\\/\\\/www.2euros.org\\\/en\\\/2-euro-commemorative-2019\\\/2019-malta-temples-of-ta-hagrat-in-l-imgarr\\\/\"]}]},{\"@type\":\"ImageObject\",\"inLanguage\":\"en-US\",\"@id\":\"https:\\\/\\\/www.2euros.org\\\/en\\\/2-euro-commemorative-2019\\\/2019-malta-temples-of-ta-hagrat-in-l-imgarr\\\/#primaryimage\",\"url\":\"https:\\\/\\\/www.2euros.org\\\/wp-content\\\/uploads\\\/2019\\\/03\\\/2019-malte1gm-0cf.jpg\",\"contentUrl\":\"https:\\\/\\\/www.2euros.org\\\/wp-content\\\/uploads\\\/2019\\\/03\\\/2019-malte1gm-0cf.jpg\",\"width\":400,\"height\":400},{\"@type\":\"BreadcrumbList\",\"@id\":\"https:\\\/\\\/www.2euros.org\\\/en\\\/2-euro-commemorative-2019\\\/2019-malta-temples-of-ta-hagrat-in-l-imgarr\\\/#breadcrumb\",\"itemListElement\":[{\"@type\":\"ListItem\",\"position\":1,\"name\":\"Home\",\"item\":\"https:\\\/\\\/www.2euros.org\\\/en\\\/\"},{\"@type\":\"ListItem\",\"position\":2,\"name\":\"2019\",\"item\":\"https:\\\/\\\/www.2euros.org\\\/en\\\/category\\\/2-euro-commemorative-2019\\\/\"},{\"@type\":\"ListItem\",\"position\":3,\"name\":\"2019 &#8211; Malta &#8211; Temples of Ta&rsquo; \u0126a\u0121rat, in L-Im\u0121arr\"}]},{\"@type\":\"WebSite\",\"@id\":\"https:\\\/\\\/www.2euros.org\\\/en\\\/#website\",\"url\":\"https:\\\/\\\/www.2euros.org\\\/en\\\/\",\"name\":\"2Euros.org\",\"description\":\"Site de r\u00e9f\u00e9rence des pi\u00e8ces comm\u00e9moratives de 2 euros\",\"publisher\":{\"@id\":\"https:\\\/\\\/www.2euros.org\\\/en\\\/#organization\"},\"potentialAction\":[{\"@type\":\"SearchAction\",\"target\":{\"@type\":\"EntryPoint\",\"urlTemplate\":\"https:\\\/\\\/www.2euros.org\\\/en\\\/?s={search_term_string}\"},\"query-input\":{\"@type\":\"PropertyValueSpecification\",\"valueRequired\":true,\"valueName\":\"search_term_string\"}}],\"inLanguage\":\"en-US\"},{\"@type\":\"Organization\",\"@id\":\"https:\\\/\\\/www.2euros.org\\\/en\\\/#organization\",\"name\":\"Ce site a pour but de r\u00e9f\u00e9rencer toutes les pi\u00e8ces de 2euros comm\u00e9moratives. Elles seront r\u00e9f\u00e9renc\u00e9es par ann\u00e9e et par pays. Pour chaque pi\u00e8ce, vous trouverez un descriptif d\u00e9taill\u00e9, son estimation, le d\u00e9tail de ses caract\u00e9ristiques, l'\u00e9mission, etc...\",\"alternateName\":\"2Euros.org!\",\"url\":\"https:\\\/\\\/www.2euros.org\\\/en\\\/\",\"logo\":{\"@type\":\"ImageObject\",\"inLanguage\":\"en-US\",\"@id\":\"https:\\\/\\\/www.2euros.org\\\/en\\\/#\\\/schema\\\/logo\\\/image\\\/\",\"url\":\"https:\\\/\\\/www.2euros.org\\\/wp-content\\\/uploads\\\/2023\\\/11\\\/cropped-logo2euros200px.png\",\"contentUrl\":\"https:\\\/\\\/www.2euros.org\\\/wp-content\\\/uploads\\\/2023\\\/11\\\/cropped-logo2euros200px.png\",\"width\":200,\"height\":200,\"caption\":\"Ce site a pour but de r\u00e9f\u00e9rencer toutes les pi\u00e8ces de 2euros comm\u00e9moratives. Elles seront r\u00e9f\u00e9renc\u00e9es par ann\u00e9e et par pays. Pour chaque pi\u00e8ce, vous trouverez un descriptif d\u00e9taill\u00e9, son estimation, le d\u00e9tail de ses caract\u00e9ristiques, l'\u00e9mission, etc...\"},\"image\":{\"@id\":\"https:\\\/\\\/www.2euros.org\\\/en\\\/#\\\/schema\\\/logo\\\/image\\\/\"},\"sameAs\":[\"https:\\\/\\\/www.facebook.com\\\/groups\\\/133974904458606\"]},{\"@type\":\"Person\",\"@id\":\"https:\\\/\\\/www.2euros.org\\\/en\\\/#\\\/schema\\\/person\\\/12e34ec3242fa163c51adacbcd7b2ebd\",\"name\":\"Pierre D\",\"image\":{\"@type\":\"ImageObject\",\"inLanguage\":\"en-US\",\"@id\":\"https:\\\/\\\/www.2euros.org\\\/wp-content\\\/uploads\\\/wp-user-manager-uploads\\\/2025\\\/12\\\/462084061_10231332749754304_5952221512921178099_n.jpg\",\"url\":\"https:\\\/\\\/www.2euros.org\\\/wp-content\\\/uploads\\\/wp-user-manager-uploads\\\/2025\\\/12\\\/462084061_10231332749754304_5952221512921178099_n.jpg\",\"contentUrl\":\"https:\\\/\\\/www.2euros.org\\\/wp-content\\\/uploads\\\/wp-user-manager-uploads\\\/2025\\\/12\\\/462084061_10231332749754304_5952221512921178099_n.jpg\",\"caption\":\"Pierre D\"},\"description\":\"Webmaster de 2euros.org\",\"sameAs\":[\"https:\\\/\\\/www.2euros.org\\\/\"]}]}<\/script>\n<!-- \/ Yoast SEO plugin. -->","yoast_head_json":{"title":"Temples of Ta' \u0126a\u0121rat, in L-Im\u0121arr - Malta 2019 &#8226; 2Euros.org","description":"This 2 euro commemorative coin, issued by Malta in 2019, celebrates the Temples of Ta' \u0126a\u0121rat, in L-Im\u0121arr.","robots":{"index":"index","follow":"follow","max-snippet":"max-snippet:-1","max-image-preview":"max-image-preview:large","max-video-preview":"max-video-preview:-1"},"canonical":"https:\/\/www.2euros.org\/en\/2-euro-commemorative-2019\/2019-malta-temples-of-ta-hagrat-in-l-imgarr\/","og_locale":"en_US","og_type":"article","og_title":"Temples of Ta' \u0126a\u0121rat, in L-Im\u0121arr - Malta 2019 &#8226; 2Euros.org","og_description":"This 2 euro commemorative coin, issued by Malta in 2019, celebrates the Temples of Ta' \u0126a\u0121rat, in L-Im\u0121arr.","og_url":"https:\/\/www.2euros.org\/en\/2-euro-commemorative-2019\/2019-malta-temples-of-ta-hagrat-in-l-imgarr\/","og_site_name":"2Euros.org","article_publisher":"https:\/\/www.facebook.com\/groups\/133974904458606","article_published_time":"2019-03-19T07:09:15+00:00","article_modified_time":"2025-01-31T13:05:54+00:00","og_image":[{"width":400,"height":400,"url":"https:\/\/www.2euros.org\/wp-content\/uploads\/2019\/03\/2019-malte1gm-0cf.jpg","type":"image\/jpeg"}],"author":"Pierre D","twitter_card":"summary_large_image","twitter_misc":{"Written by":"Pierre D","Est. reading time":"2 minutes"},"schema":{"@context":"https:\/\/schema.org","@graph":[{"@type":"Article","@id":"https:\/\/www.2euros.org\/en\/2-euro-commemorative-2019\/2019-malta-temples-of-ta-hagrat-in-l-imgarr\/#article","isPartOf":{"@id":"https:\/\/www.2euros.org\/en\/2-euro-commemorative-2019\/2019-malta-temples-of-ta-hagrat-in-l-imgarr\/"},"author":{"name":"Pierre D","@id":"https:\/\/www.2euros.org\/en\/#\/schema\/person\/12e34ec3242fa163c51adacbcd7b2ebd"},"headline":"2019 &#8211; Malta &#8211; Temples of Ta&#8217; \u0126a\u0121rat, in L-Im\u0121arr","datePublished":"2019-03-19T07:09:15+00:00","dateModified":"2025-01-31T13:05:54+00:00","mainEntityOfPage":{"@id":"https:\/\/www.2euros.org\/en\/2-euro-commemorative-2019\/2019-malta-temples-of-ta-hagrat-in-l-imgarr\/"},"wordCount":345,"commentCount":0,"publisher":{"@id":"https:\/\/www.2euros.org\/en\/#organization"},"image":{"@id":"https:\/\/www.2euros.org\/en\/2-euro-commemorative-2019\/2019-malta-temples-of-ta-hagrat-in-l-imgarr\/#primaryimage"},"thumbnailUrl":"https:\/\/www.2euros.org\/wp-content\/uploads\/2019\/03\/2019-malte1gm-0cf.jpg","articleSection":["2019","Malta"],"inLanguage":"en-US","potentialAction":[{"@type":"CommentAction","name":"Comment","target":["https:\/\/www.2euros.org\/en\/2-euro-commemorative-2019\/2019-malta-temples-of-ta-hagrat-in-l-imgarr\/#respond"]}]},{"@type":"WebPage","@id":"https:\/\/www.2euros.org\/en\/2-euro-commemorative-2019\/2019-malta-temples-of-ta-hagrat-in-l-imgarr\/","url":"https:\/\/www.2euros.org\/en\/2-euro-commemorative-2019\/2019-malta-temples-of-ta-hagrat-in-l-imgarr\/","name":"Temples of Ta' \u0126a\u0121rat, in L-Im\u0121arr - Malta 2019 &#8226; 2Euros.org","isPartOf":{"@id":"https:\/\/www.2euros.org\/en\/#website"},"primaryImageOfPage":{"@id":"https:\/\/www.2euros.org\/en\/2-euro-commemorative-2019\/2019-malta-temples-of-ta-hagrat-in-l-imgarr\/#primaryimage"},"image":{"@id":"https:\/\/www.2euros.org\/en\/2-euro-commemorative-2019\/2019-malta-temples-of-ta-hagrat-in-l-imgarr\/#primaryimage"},"thumbnailUrl":"https:\/\/www.2euros.org\/wp-content\/uploads\/2019\/03\/2019-malte1gm-0cf.jpg","datePublished":"2019-03-19T07:09:15+00:00","dateModified":"2025-01-31T13:05:54+00:00","description":"This 2 euro commemorative coin, issued by Malta in 2019, celebrates the Temples of Ta' \u0126a\u0121rat, in L-Im\u0121arr.","breadcrumb":{"@id":"https:\/\/www.2euros.org\/en\/2-euro-commemorative-2019\/2019-malta-temples-of-ta-hagrat-in-l-imgarr\/#breadcrumb"},"inLanguage":"en-US","potentialAction":[{"@type":"ReadAction","target":["https:\/\/www.2euros.org\/en\/2-euro-commemorative-2019\/2019-malta-temples-of-ta-hagrat-in-l-imgarr\/"]}]},{"@type":"ImageObject","inLanguage":"en-US","@id":"https:\/\/www.2euros.org\/en\/2-euro-commemorative-2019\/2019-malta-temples-of-ta-hagrat-in-l-imgarr\/#primaryimage","url":"https:\/\/www.2euros.org\/wp-content\/uploads\/2019\/03\/2019-malte1gm-0cf.jpg","contentUrl":"https:\/\/www.2euros.org\/wp-content\/uploads\/2019\/03\/2019-malte1gm-0cf.jpg","width":400,"height":400},{"@type":"BreadcrumbList","@id":"https:\/\/www.2euros.org\/en\/2-euro-commemorative-2019\/2019-malta-temples-of-ta-hagrat-in-l-imgarr\/#breadcrumb","itemListElement":[{"@type":"ListItem","position":1,"name":"Home","item":"https:\/\/www.2euros.org\/en\/"},{"@type":"ListItem","position":2,"name":"2019","item":"https:\/\/www.2euros.org\/en\/category\/2-euro-commemorative-2019\/"},{"@type":"ListItem","position":3,"name":"2019 &#8211; Malta &#8211; Temples of Ta&rsquo; \u0126a\u0121rat, in L-Im\u0121arr"}]},{"@type":"WebSite","@id":"https:\/\/www.2euros.org\/en\/#website","url":"https:\/\/www.2euros.org\/en\/","name":"2Euros.org","description":"Site de r\u00e9f\u00e9rence des pi\u00e8ces comm\u00e9moratives de 2 euros","publisher":{"@id":"https:\/\/www.2euros.org\/en\/#organization"},"potentialAction":[{"@type":"SearchAction","target":{"@type":"EntryPoint","urlTemplate":"https:\/\/www.2euros.org\/en\/?s={search_term_string}"},"query-input":{"@type":"PropertyValueSpecification","valueRequired":true,"valueName":"search_term_string"}}],"inLanguage":"en-US"},{"@type":"Organization","@id":"https:\/\/www.2euros.org\/en\/#organization","name":"Ce site a pour but de r\u00e9f\u00e9rencer toutes les pi\u00e8ces de 2euros comm\u00e9moratives. Elles seront r\u00e9f\u00e9renc\u00e9es par ann\u00e9e et par pays. Pour chaque pi\u00e8ce, vous trouverez un descriptif d\u00e9taill\u00e9, son estimation, le d\u00e9tail de ses caract\u00e9ristiques, l'\u00e9mission, etc...","alternateName":"2Euros.org!","url":"https:\/\/www.2euros.org\/en\/","logo":{"@type":"ImageObject","inLanguage":"en-US","@id":"https:\/\/www.2euros.org\/en\/#\/schema\/logo\/image\/","url":"https:\/\/www.2euros.org\/wp-content\/uploads\/2023\/11\/cropped-logo2euros200px.png","contentUrl":"https:\/\/www.2euros.org\/wp-content\/uploads\/2023\/11\/cropped-logo2euros200px.png","width":200,"height":200,"caption":"Ce site a pour but de r\u00e9f\u00e9rencer toutes les pi\u00e8ces de 2euros comm\u00e9moratives. Elles seront r\u00e9f\u00e9renc\u00e9es par ann\u00e9e et par pays. Pour chaque pi\u00e8ce, vous trouverez un descriptif d\u00e9taill\u00e9, son estimation, le d\u00e9tail de ses caract\u00e9ristiques, l'\u00e9mission, etc..."},"image":{"@id":"https:\/\/www.2euros.org\/en\/#\/schema\/logo\/image\/"},"sameAs":["https:\/\/www.facebook.com\/groups\/133974904458606"]},{"@type":"Person","@id":"https:\/\/www.2euros.org\/en\/#\/schema\/person\/12e34ec3242fa163c51adacbcd7b2ebd","name":"Pierre D","image":{"@type":"ImageObject","inLanguage":"en-US","@id":"https:\/\/www.2euros.org\/wp-content\/uploads\/wp-user-manager-uploads\/2025\/12\/462084061_10231332749754304_5952221512921178099_n.jpg","url":"https:\/\/www.2euros.org\/wp-content\/uploads\/wp-user-manager-uploads\/2025\/12\/462084061_10231332749754304_5952221512921178099_n.jpg","contentUrl":"https:\/\/www.2euros.org\/wp-content\/uploads\/wp-user-manager-uploads\/2025\/12\/462084061_10231332749754304_5952221512921178099_n.jpg","caption":"Pierre D"},"description":"Webmaster de 2euros.org","sameAs":["https:\/\/www.2euros.org\/"]}]}},"_links":{"self":[{"href":"https:\/\/www.2euros.org\/en\/wp-json\/wp\/v2\/posts\/17090","targetHints":{"allow":["GET"]}}],"collection":[{"href":"https:\/\/www.2euros.org\/en\/wp-json\/wp\/v2\/posts"}],"about":[{"href":"https:\/\/www.2euros.org\/en\/wp-json\/wp\/v2\/types\/post"}],"author":[{"embeddable":true,"href":"https:\/\/www.2euros.org\/en\/wp-json\/wp\/v2\/users\/1"}],"replies":[{"embeddable":true,"href":"https:\/\/www.2euros.org\/en\/wp-json\/wp\/v2\/comments?post=17090"}],"version-history":[{"count":0,"href":"https:\/\/www.2euros.org\/en\/wp-json\/wp\/v2\/posts\/17090\/revisions"}],"wp:featuredmedia":[{"embeddable":true,"href":"https:\/\/www.2euros.org\/en\/wp-json\/wp\/v2\/media\/13464"}],"wp:attachment":[{"href":"https:\/\/www.2euros.org\/en\/wp-json\/wp\/v2\/media?parent=17090"}],"wp:term":[{"taxonomy":"category","embeddable":true,"href":"https:\/\/www.2euros.org\/en\/wp-json\/wp\/v2\/categories?post=17090"},{"taxonomy":"post_tag","embeddable":true,"href":"https:\/\/www.2euros.org\/en\/wp-json\/wp\/v2\/tags?post=17090"}],"curies":[{"name":"wp","href":"https:\/\/api.w.org\/{rel}","templated":true}]}}