{"id":17026,"date":"2019-02-24T16:30:20","date_gmt":"2019-02-24T15:30:20","guid":{"rendered":"https:\/\/www.2euros.org\/non-classifiee\/2013-finland-125th-anniversary-of-the-birth-of-the-writer-frans-eemil-sillanpaa\/"},"modified":"2025-01-31T14:36:37","modified_gmt":"2025-01-31T13:36:37","slug":"2013-finland-125th-anniversary-of-the-birth-of-the-writer-frans-eemil-sillanpaa","status":"publish","type":"post","link":"https:\/\/www.2euros.org\/en\/2-euro-commemorative-finland\/2013-finland-125th-anniversary-of-the-birth-of-the-writer-frans-eemil-sillanpaa\/","title":{"rendered":"2013 &#8211; Finland &#8211; 125th anniversary of the birth of the writer Frans Eemil Sillanp\u00e4\u00e4"},"content":{"rendered":"\n<h2 class=\"wp-block-heading has-text-align-left\">Introduction<\/h2>\n\n<p>The euro coin issued by Finland in 2013 celebrates the 125th anniversary of the birth of Frans Eemil Sillanp\u00e4\u00e4, a Finnish writer and Nobel Prize winner in Literature. The theme highlights Sillanp\u00e4\u00e4&#8217;s importance in Finnish literature. Furthermore, the coin reflects Finland&#8217;s cultural richness. Furthermore, it highlights the enduring legacy of his literary works.<\/p>\n\n<h2 class=\"wp-block-heading\">Coin description<\/h2>\n\n<p>The obverse of this coin features a detailed and expressive design. At its centre is a portrait of Frans Eemil Sillanp\u00e4\u00e4, capturing his personality and literary influence. The portrait, with its distinctive features and intense gaze, highlights the importance of this writer in Finnish culture. In addition, the details of the engraving show the finesse and craftsmanship of this design.<\/p>\n\n<p>In addition, the inscription &#8220;F. E. SILLANP\u00c4\u00c4&#8221; appears at the top of the portrait, indicating the name of the writer. The dates &#8220;1888&#8221; and &#8220;1964&#8221; appear to the left and right of the portrait, respectively, recalling the years of Sillanp\u00e4\u00e4&#8217;s birth and death. The year of issue &#8220;2013&#8221; is engraved to the right of the portrait, marking the year of celebration. In addition, a small &#8220;FI&#8221; and the symbol of the Mint of Finland are found at the bottom of the coin, adding elements of authenticity.<\/p>\n\n<p>Twelve stars adorn the obverse, representing the twelve founding countries of the European Union. However, this ornamentation symbolises Finland&#8217;s commitment to European values \u200b\u200band the adoption of the euro. Indeed, it underlines Finland&#8217;s integration into the international community.<\/p>\n\n<h2 class=\"wp-block-heading\">Conclusion<\/h2>\n\n<p class=\"has-text-align-left\">In summary, the euro coin issued by Finland in 2013 pays tribute to Frans Eemil Sillanp\u00e4\u00e4 and his influence on Finnish literature. In addition, the obverse design, with Sillanp\u00e4\u00e4&#8217;s portrait and inscriptions, highlights the cultural importance of this writer for the nation. Therefore, this coin represents not only a valuable collector&#8217;s item but also a strong symbol of Finnish cultural identity. Furthermore, it celebrates Sillanp\u00e4\u00e4&#8217;s legacy and his lasting impact on world literature.<\/p>\n\n<figure class=\"wp-block-table is-style-stripes\"><table><tbody><tr><td><strong>Country of Issue:<\/strong><\/td><td><img loading=\"lazy\" decoding=\"async\" width=\"32\" height=\"21\" class=\"wp-image-18421\" style=\"width: 32px;\" src=\"https:\/\/www.2euros.org\/wp-content\/uploads\/2025\/01\/finlande.png\" alt=\"\" srcset=\"https:\/\/www.2euros.org\/wp-content\/uploads\/2025\/01\/finlande.png 32w, https:\/\/www.2euros.org\/wp-content\/uploads\/2025\/01\/finlande-24x16.png 24w\" sizes=\"auto, (max-width: 32px) 100vw, 32px\" \/><\/td><\/tr><tr><td><strong>Date of issue:<\/strong><\/td><td>November 4, 2013<\/td><\/tr><tr><td><strong>Total mintage:<\/strong><\/td><td>1.500.000<\/td><\/tr><tr><td>\u2013 Proof:<\/td><td>\u00a011.000<\/td><\/tr><tr><td>\u2013 BU:<\/td><td>\u00a013.500<\/td><\/tr><tr><td>\u2013 UNC:<\/td><td>\u00a01.475.500<\/td><\/tr><tr><td><strong>Engraver:<\/strong><\/td><td>Reijo Paavilainen<\/td><\/tr><tr><td><strong>The edge:<\/strong><\/td><td><img loading=\"lazy\" decoding=\"async\" width=\"250\" height=\"11\" class=\"wp-image-18505\" style=\"width: 250px;\" src=\"https:\/\/www.2euros.org\/wp-content\/uploads\/2004\/06\/finlande1.jpg\" alt=\"\" srcset=\"https:\/\/www.2euros.org\/wp-content\/uploads\/2004\/06\/finlande1.jpg 279w, https:\/\/www.2euros.org\/wp-content\/uploads\/2004\/06\/finlande1-200x9.jpg 200w, https:\/\/www.2euros.org\/wp-content\/uploads\/2004\/06\/finlande1-150x6.jpg 150w, https:\/\/www.2euros.org\/wp-content\/uploads\/2004\/06\/finlande1-24x1.jpg 24w, https:\/\/www.2euros.org\/wp-content\/uploads\/2004\/06\/finlande1-36x2.jpg 36w, https:\/\/www.2euros.org\/wp-content\/uploads\/2004\/06\/finlande1-48x2.jpg 48w\" sizes=\"auto, (max-width: 250px) 100vw, 250px\" \/><\/td><\/tr><tr><td><strong>Rarity:<\/strong><\/td><td><img decoding=\"async\" src=\"https:\/\/www.2euros.org\/images\/euro.png\"\/><img decoding=\"async\" src=\"https:\/\/www.2euros.org\/images\/euro.png\"\/><img decoding=\"async\" src=\"https:\/\/www.2euros.org\/images\/euro.png\"\/><img decoding=\"async\" src=\"https:\/\/www.2euros.org\/images\/euro2.png\"\/><img decoding=\"async\" src=\"https:\/\/www.2euros.org\/images\/euro2.png\"\/><img decoding=\"async\" src=\"https:\/\/www.2euros.org\/images\/euro2.png\"\/><img decoding=\"async\" src=\"https:\/\/www.2euros.org\/images\/euro2.png\"\/><img decoding=\"async\" src=\"https:\/\/www.2euros.org\/images\/euro2.png\"\/><img decoding=\"async\" src=\"https:\/\/www.2euros.org\/images\/euro2.png\"\/><img decoding=\"async\" src=\"https:\/\/www.2euros.org\/images\/euro2.png\"\/><\/td><\/tr><tr><td><strong>Official Journal:<\/strong><\/td><td><a href=\"https:\/\/eur-lex.europa.eu\/legal-content\/FR\/TXT\/?uri=CELEX%3AC2013%2F366%2F05&amp;qid=1684837169585\" target=\"_blank\" rel=\"noreferrer noopener\">2013\/C 366\/05<\/a><\/td><\/tr><tr><td><strong>My collection:<\/strong><\/td><td>[cbxwpbookmarkbtn]<\/td><\/tr><\/tbody><\/table><\/figure>\n\n<p>Do you want to know the technical specifications of this coin? Feel free to visit the page dedicated to the <a cordobahref=\"https:\/\/www.2euros.org\/en\/numismatics\/characteristics-of-a-2-euro-coin\/\" target=\"_blank\" rel=\"noreferrer noopener\">specifications of a 2-euro coin<\/a>.<\/p>\n","protected":false},"excerpt":{"rendered":"<div class=\"mh-excerpt\"><p>Introduction The euro coin issued by Finland in 2013 celebrates the 125th anniversary of the birth of Frans Eemil Sillanp\u00e4\u00e4, a Finnish writer and Nobel Prize winner in Literature. The theme highlights Sillanp\u00e4\u00e4&#8217;s importance in <a class=\"mh-excerpt-more\" href=\"https:\/\/www.2euros.org\/en\/2-euro-commemorative-finland\/2013-finland-125th-anniversary-of-the-birth-of-the-writer-frans-eemil-sillanpaa\/\" title=\"2013 &#8211; Finland &#8211; 125th anniversary of the birth of the writer Frans Eemil Sillanp\u00e4\u00e4\">[&#8230;]<\/a><\/p>\n                <div class=\"ccm-buttons ccm-buttons-small\"\n                     data-post-id=\"17026\"\n                     data-state='{&quot;be&quot;:0,&quot;bu&quot;:0,&quot;unc&quot;:0,&quot;circulation&quot;:0}'\n                     data-not-logged=\"true\">\n                    <span class=\"ccm-label\">My collection<\/span>\n                    <button class=\"coin-btn\" data-type=\"be\">Proof<\/button>\n                    <button class=\"coin-btn\" data-type=\"bu\">BU<\/button>\n                    <button class=\"coin-btn\" data-type=\"unc\">UNC<\/button>\n                    <button class=\"coin-btn\" data-type=\"circulation\">Circulated<\/button>\n                    <span class=\"ccm-separator\"> - <\/span>\n                    <button class=\"no-coin-btn\" data-type=\"none\">I don&#039;t have this coin<\/button>\n                <\/div>\n                <p class=\"ccm-login-message\">Veuillez vous inscrire pour pouvoir g\u00e9rer votre collection<\/p><\/div>","protected":false},"author":1,"featured_media":10596,"comment_status":"open","ping_status":"open","sticky":false,"template":"","format":"standard","meta":{"footnotes":""},"categories":[1166,1189],"tags":[1637,1207,1787,1209,1210,1859,1212,1250,1854,1227,1861,1774],"class_list":["post-17026","post","type-post","status-publish","format-standard","has-post-thumbnail","hentry","category-2-euro-commemorative-2013","category-2-euro-commemorative-finland","tag-125-en","tag-2-en","tag-2013-en","tag-anniversaire-en","tag-commemorative-en","tag-eemil-en","tag-euros-en","tag-finlande-en","tag-frans-en","tag-naissance-en","tag-sillanpaa-en","tag-writer"],"yoast_head":"<!-- This site is optimized with the Yoast SEO plugin v27.4 - https:\/\/yoast.com\/product\/yoast-seo-wordpress\/ -->\n<title>150th anniversary of the birth of Frans Sillanp\u00e4\u00e4 - Finland 2013<\/title>\n<meta name=\"description\" content=\"This coin celebrates the 125th anniversary of the birth of writer Frans Eemil Sillanp\u00e4\u00e4 and was issued by Finland in 2013.\" \/>\n<meta name=\"robots\" content=\"index, follow, max-snippet:-1, max-image-preview:large, max-video-preview:-1\" \/>\n<link rel=\"canonical\" href=\"https:\/\/www.2euros.org\/en\/2-euro-commemorative-finland\/2013-finland-125th-anniversary-of-the-birth-of-the-writer-frans-eemil-sillanpaa\/\" \/>\n<meta property=\"og:locale\" content=\"en_US\" \/>\n<meta property=\"og:type\" content=\"article\" \/>\n<meta property=\"og:title\" content=\"150th anniversary of the birth of Frans Sillanp\u00e4\u00e4 - Finland 2013\" \/>\n<meta property=\"og:description\" content=\"This coin celebrates the 125th anniversary of the birth of writer Frans Eemil Sillanp\u00e4\u00e4 and was issued by Finland in 2013.\" \/>\n<meta property=\"og:url\" content=\"https:\/\/www.2euros.org\/en\/2-euro-commemorative-finland\/2013-finland-125th-anniversary-of-the-birth-of-the-writer-frans-eemil-sillanpaa\/\" \/>\n<meta property=\"og:site_name\" content=\"2Euros.org\" \/>\n<meta property=\"article:publisher\" content=\"https:\/\/www.facebook.com\/groups\/133974904458606\" \/>\n<meta property=\"article:published_time\" content=\"2019-02-24T15:30:20+00:00\" \/>\n<meta property=\"article:modified_time\" content=\"2025-01-31T13:36:37+00:00\" \/>\n<meta property=\"og:image\" content=\"https:\/\/www.2euros.org\/wp-content\/uploads\/2019\/02\/2013-finlande2gm-468.jpg\" \/>\n\t<meta property=\"og:image:width\" content=\"400\" \/>\n\t<meta property=\"og:image:height\" content=\"400\" \/>\n\t<meta property=\"og:image:type\" content=\"image\/jpeg\" \/>\n<meta name=\"author\" content=\"Pierre D\" \/>\n<meta name=\"twitter:card\" content=\"summary_large_image\" \/>\n<meta name=\"twitter:label1\" content=\"Written by\" \/>\n\t<meta name=\"twitter:data1\" content=\"Pierre D\" \/>\n\t<meta name=\"twitter:label2\" content=\"Est. reading time\" \/>\n\t<meta name=\"twitter:data2\" content=\"2 minutes\" \/>\n<script type=\"application\/ld+json\" class=\"yoast-schema-graph\">{\"@context\":\"https:\\\/\\\/schema.org\",\"@graph\":[{\"@type\":\"Article\",\"@id\":\"https:\\\/\\\/www.2euros.org\\\/en\\\/2-euro-commemorative-finland\\\/2013-finland-125th-anniversary-of-the-birth-of-the-writer-frans-eemil-sillanpaa\\\/#article\",\"isPartOf\":{\"@id\":\"https:\\\/\\\/www.2euros.org\\\/en\\\/2-euro-commemorative-finland\\\/2013-finland-125th-anniversary-of-the-birth-of-the-writer-frans-eemil-sillanpaa\\\/\"},\"author\":{\"name\":\"Pierre D\",\"@id\":\"https:\\\/\\\/www.2euros.org\\\/en\\\/#\\\/schema\\\/person\\\/12e34ec3242fa163c51adacbcd7b2ebd\"},\"headline\":\"2013 &#8211; Finland &#8211; 125th anniversary of the birth of the writer Frans Eemil Sillanp\u00e4\u00e4\",\"datePublished\":\"2019-02-24T15:30:20+00:00\",\"dateModified\":\"2025-01-31T13:36:37+00:00\",\"mainEntityOfPage\":{\"@id\":\"https:\\\/\\\/www.2euros.org\\\/en\\\/2-euro-commemorative-finland\\\/2013-finland-125th-anniversary-of-the-birth-of-the-writer-frans-eemil-sillanpaa\\\/\"},\"wordCount\":380,\"commentCount\":0,\"publisher\":{\"@id\":\"https:\\\/\\\/www.2euros.org\\\/en\\\/#organization\"},\"image\":{\"@id\":\"https:\\\/\\\/www.2euros.org\\\/en\\\/2-euro-commemorative-finland\\\/2013-finland-125th-anniversary-of-the-birth-of-the-writer-frans-eemil-sillanpaa\\\/#primaryimage\"},\"thumbnailUrl\":\"https:\\\/\\\/www.2euros.org\\\/wp-content\\\/uploads\\\/2019\\\/02\\\/2013-finlande2gm-468.jpg\",\"keywords\":[\"125\",\"2\",\"2013\",\"anniversaire\",\"comm\u00e9morative\",\"Eemil\",\"euros\",\"finlande\",\"frans\",\"naissance\",\"Sillanp\u00e4\u00e4\",\"writer\"],\"articleSection\":[\"2013\",\"Finland\"],\"inLanguage\":\"en-US\",\"potentialAction\":[{\"@type\":\"CommentAction\",\"name\":\"Comment\",\"target\":[\"https:\\\/\\\/www.2euros.org\\\/en\\\/2-euro-commemorative-finland\\\/2013-finland-125th-anniversary-of-the-birth-of-the-writer-frans-eemil-sillanpaa\\\/#respond\"]}]},{\"@type\":\"WebPage\",\"@id\":\"https:\\\/\\\/www.2euros.org\\\/en\\\/2-euro-commemorative-finland\\\/2013-finland-125th-anniversary-of-the-birth-of-the-writer-frans-eemil-sillanpaa\\\/\",\"url\":\"https:\\\/\\\/www.2euros.org\\\/en\\\/2-euro-commemorative-finland\\\/2013-finland-125th-anniversary-of-the-birth-of-the-writer-frans-eemil-sillanpaa\\\/\",\"name\":\"150th anniversary of the birth of Frans Sillanp\u00e4\u00e4 - Finland 2013\",\"isPartOf\":{\"@id\":\"https:\\\/\\\/www.2euros.org\\\/en\\\/#website\"},\"primaryImageOfPage\":{\"@id\":\"https:\\\/\\\/www.2euros.org\\\/en\\\/2-euro-commemorative-finland\\\/2013-finland-125th-anniversary-of-the-birth-of-the-writer-frans-eemil-sillanpaa\\\/#primaryimage\"},\"image\":{\"@id\":\"https:\\\/\\\/www.2euros.org\\\/en\\\/2-euro-commemorative-finland\\\/2013-finland-125th-anniversary-of-the-birth-of-the-writer-frans-eemil-sillanpaa\\\/#primaryimage\"},\"thumbnailUrl\":\"https:\\\/\\\/www.2euros.org\\\/wp-content\\\/uploads\\\/2019\\\/02\\\/2013-finlande2gm-468.jpg\",\"datePublished\":\"2019-02-24T15:30:20+00:00\",\"dateModified\":\"2025-01-31T13:36:37+00:00\",\"description\":\"This coin celebrates the 125th anniversary of the birth of writer Frans Eemil Sillanp\u00e4\u00e4 and was issued by Finland in 2013.\",\"breadcrumb\":{\"@id\":\"https:\\\/\\\/www.2euros.org\\\/en\\\/2-euro-commemorative-finland\\\/2013-finland-125th-anniversary-of-the-birth-of-the-writer-frans-eemil-sillanpaa\\\/#breadcrumb\"},\"inLanguage\":\"en-US\",\"potentialAction\":[{\"@type\":\"ReadAction\",\"target\":[\"https:\\\/\\\/www.2euros.org\\\/en\\\/2-euro-commemorative-finland\\\/2013-finland-125th-anniversary-of-the-birth-of-the-writer-frans-eemil-sillanpaa\\\/\"]}]},{\"@type\":\"ImageObject\",\"inLanguage\":\"en-US\",\"@id\":\"https:\\\/\\\/www.2euros.org\\\/en\\\/2-euro-commemorative-finland\\\/2013-finland-125th-anniversary-of-the-birth-of-the-writer-frans-eemil-sillanpaa\\\/#primaryimage\",\"url\":\"https:\\\/\\\/www.2euros.org\\\/wp-content\\\/uploads\\\/2019\\\/02\\\/2013-finlande2gm-468.jpg\",\"contentUrl\":\"https:\\\/\\\/www.2euros.org\\\/wp-content\\\/uploads\\\/2019\\\/02\\\/2013-finlande2gm-468.jpg\",\"width\":400,\"height\":400},{\"@type\":\"BreadcrumbList\",\"@id\":\"https:\\\/\\\/www.2euros.org\\\/en\\\/2-euro-commemorative-finland\\\/2013-finland-125th-anniversary-of-the-birth-of-the-writer-frans-eemil-sillanpaa\\\/#breadcrumb\",\"itemListElement\":[{\"@type\":\"ListItem\",\"position\":1,\"name\":\"Home\",\"item\":\"https:\\\/\\\/www.2euros.org\\\/en\\\/\"},{\"@type\":\"ListItem\",\"position\":2,\"name\":\"Finland\",\"item\":\"https:\\\/\\\/www.2euros.org\\\/en\\\/category\\\/2-euro-commemorative-finland\\\/\"},{\"@type\":\"ListItem\",\"position\":3,\"name\":\"2013 &#8211; Finland &#8211; 125th anniversary of the birth of the writer Frans Eemil Sillanp\u00e4\u00e4\"}]},{\"@type\":\"WebSite\",\"@id\":\"https:\\\/\\\/www.2euros.org\\\/en\\\/#website\",\"url\":\"https:\\\/\\\/www.2euros.org\\\/en\\\/\",\"name\":\"2Euros.org\",\"description\":\"Site de r\u00e9f\u00e9rence des pi\u00e8ces comm\u00e9moratives de 2 euros\",\"publisher\":{\"@id\":\"https:\\\/\\\/www.2euros.org\\\/en\\\/#organization\"},\"potentialAction\":[{\"@type\":\"SearchAction\",\"target\":{\"@type\":\"EntryPoint\",\"urlTemplate\":\"https:\\\/\\\/www.2euros.org\\\/en\\\/?s={search_term_string}\"},\"query-input\":{\"@type\":\"PropertyValueSpecification\",\"valueRequired\":true,\"valueName\":\"search_term_string\"}}],\"inLanguage\":\"en-US\"},{\"@type\":\"Organization\",\"@id\":\"https:\\\/\\\/www.2euros.org\\\/en\\\/#organization\",\"name\":\"Ce site a pour but de r\u00e9f\u00e9rencer toutes les pi\u00e8ces de 2euros comm\u00e9moratives. Elles seront r\u00e9f\u00e9renc\u00e9es par ann\u00e9e et par pays. Pour chaque pi\u00e8ce, vous trouverez un descriptif d\u00e9taill\u00e9, son estimation, le d\u00e9tail de ses caract\u00e9ristiques, l'\u00e9mission, etc...\",\"alternateName\":\"2Euros.org!\",\"url\":\"https:\\\/\\\/www.2euros.org\\\/en\\\/\",\"logo\":{\"@type\":\"ImageObject\",\"inLanguage\":\"en-US\",\"@id\":\"https:\\\/\\\/www.2euros.org\\\/en\\\/#\\\/schema\\\/logo\\\/image\\\/\",\"url\":\"https:\\\/\\\/www.2euros.org\\\/wp-content\\\/uploads\\\/2023\\\/11\\\/cropped-logo2euros200px.png\",\"contentUrl\":\"https:\\\/\\\/www.2euros.org\\\/wp-content\\\/uploads\\\/2023\\\/11\\\/cropped-logo2euros200px.png\",\"width\":200,\"height\":200,\"caption\":\"Ce site a pour but de r\u00e9f\u00e9rencer toutes les pi\u00e8ces de 2euros comm\u00e9moratives. Elles seront r\u00e9f\u00e9renc\u00e9es par ann\u00e9e et par pays. Pour chaque pi\u00e8ce, vous trouverez un descriptif d\u00e9taill\u00e9, son estimation, le d\u00e9tail de ses caract\u00e9ristiques, l'\u00e9mission, etc...\"},\"image\":{\"@id\":\"https:\\\/\\\/www.2euros.org\\\/en\\\/#\\\/schema\\\/logo\\\/image\\\/\"},\"sameAs\":[\"https:\\\/\\\/www.facebook.com\\\/groups\\\/133974904458606\"]},{\"@type\":\"Person\",\"@id\":\"https:\\\/\\\/www.2euros.org\\\/en\\\/#\\\/schema\\\/person\\\/12e34ec3242fa163c51adacbcd7b2ebd\",\"name\":\"Pierre D\",\"image\":{\"@type\":\"ImageObject\",\"inLanguage\":\"en-US\",\"@id\":\"https:\\\/\\\/www.2euros.org\\\/wp-content\\\/uploads\\\/wp-user-manager-uploads\\\/2025\\\/12\\\/462084061_10231332749754304_5952221512921178099_n.jpg\",\"url\":\"https:\\\/\\\/www.2euros.org\\\/wp-content\\\/uploads\\\/wp-user-manager-uploads\\\/2025\\\/12\\\/462084061_10231332749754304_5952221512921178099_n.jpg\",\"contentUrl\":\"https:\\\/\\\/www.2euros.org\\\/wp-content\\\/uploads\\\/wp-user-manager-uploads\\\/2025\\\/12\\\/462084061_10231332749754304_5952221512921178099_n.jpg\",\"caption\":\"Pierre D\"},\"description\":\"Webmaster de 2euros.org\",\"sameAs\":[\"https:\\\/\\\/www.2euros.org\\\/\"]}]}<\/script>\n<!-- \/ Yoast SEO plugin. -->","yoast_head_json":{"title":"150th anniversary of the birth of Frans Sillanp\u00e4\u00e4 - Finland 2013","description":"This coin celebrates the 125th anniversary of the birth of writer Frans Eemil Sillanp\u00e4\u00e4 and was issued by Finland in 2013.","robots":{"index":"index","follow":"follow","max-snippet":"max-snippet:-1","max-image-preview":"max-image-preview:large","max-video-preview":"max-video-preview:-1"},"canonical":"https:\/\/www.2euros.org\/en\/2-euro-commemorative-finland\/2013-finland-125th-anniversary-of-the-birth-of-the-writer-frans-eemil-sillanpaa\/","og_locale":"en_US","og_type":"article","og_title":"150th anniversary of the birth of Frans Sillanp\u00e4\u00e4 - Finland 2013","og_description":"This coin celebrates the 125th anniversary of the birth of writer Frans Eemil Sillanp\u00e4\u00e4 and was issued by Finland in 2013.","og_url":"https:\/\/www.2euros.org\/en\/2-euro-commemorative-finland\/2013-finland-125th-anniversary-of-the-birth-of-the-writer-frans-eemil-sillanpaa\/","og_site_name":"2Euros.org","article_publisher":"https:\/\/www.facebook.com\/groups\/133974904458606","article_published_time":"2019-02-24T15:30:20+00:00","article_modified_time":"2025-01-31T13:36:37+00:00","og_image":[{"width":400,"height":400,"url":"https:\/\/www.2euros.org\/wp-content\/uploads\/2019\/02\/2013-finlande2gm-468.jpg","type":"image\/jpeg"}],"author":"Pierre D","twitter_card":"summary_large_image","twitter_misc":{"Written by":"Pierre D","Est. reading time":"2 minutes"},"schema":{"@context":"https:\/\/schema.org","@graph":[{"@type":"Article","@id":"https:\/\/www.2euros.org\/en\/2-euro-commemorative-finland\/2013-finland-125th-anniversary-of-the-birth-of-the-writer-frans-eemil-sillanpaa\/#article","isPartOf":{"@id":"https:\/\/www.2euros.org\/en\/2-euro-commemorative-finland\/2013-finland-125th-anniversary-of-the-birth-of-the-writer-frans-eemil-sillanpaa\/"},"author":{"name":"Pierre D","@id":"https:\/\/www.2euros.org\/en\/#\/schema\/person\/12e34ec3242fa163c51adacbcd7b2ebd"},"headline":"2013 &#8211; Finland &#8211; 125th anniversary of the birth of the writer Frans Eemil Sillanp\u00e4\u00e4","datePublished":"2019-02-24T15:30:20+00:00","dateModified":"2025-01-31T13:36:37+00:00","mainEntityOfPage":{"@id":"https:\/\/www.2euros.org\/en\/2-euro-commemorative-finland\/2013-finland-125th-anniversary-of-the-birth-of-the-writer-frans-eemil-sillanpaa\/"},"wordCount":380,"commentCount":0,"publisher":{"@id":"https:\/\/www.2euros.org\/en\/#organization"},"image":{"@id":"https:\/\/www.2euros.org\/en\/2-euro-commemorative-finland\/2013-finland-125th-anniversary-of-the-birth-of-the-writer-frans-eemil-sillanpaa\/#primaryimage"},"thumbnailUrl":"https:\/\/www.2euros.org\/wp-content\/uploads\/2019\/02\/2013-finlande2gm-468.jpg","keywords":["125","2","2013","anniversaire","comm\u00e9morative","Eemil","euros","finlande","frans","naissance","Sillanp\u00e4\u00e4","writer"],"articleSection":["2013","Finland"],"inLanguage":"en-US","potentialAction":[{"@type":"CommentAction","name":"Comment","target":["https:\/\/www.2euros.org\/en\/2-euro-commemorative-finland\/2013-finland-125th-anniversary-of-the-birth-of-the-writer-frans-eemil-sillanpaa\/#respond"]}]},{"@type":"WebPage","@id":"https:\/\/www.2euros.org\/en\/2-euro-commemorative-finland\/2013-finland-125th-anniversary-of-the-birth-of-the-writer-frans-eemil-sillanpaa\/","url":"https:\/\/www.2euros.org\/en\/2-euro-commemorative-finland\/2013-finland-125th-anniversary-of-the-birth-of-the-writer-frans-eemil-sillanpaa\/","name":"150th anniversary of the birth of Frans Sillanp\u00e4\u00e4 - Finland 2013","isPartOf":{"@id":"https:\/\/www.2euros.org\/en\/#website"},"primaryImageOfPage":{"@id":"https:\/\/www.2euros.org\/en\/2-euro-commemorative-finland\/2013-finland-125th-anniversary-of-the-birth-of-the-writer-frans-eemil-sillanpaa\/#primaryimage"},"image":{"@id":"https:\/\/www.2euros.org\/en\/2-euro-commemorative-finland\/2013-finland-125th-anniversary-of-the-birth-of-the-writer-frans-eemil-sillanpaa\/#primaryimage"},"thumbnailUrl":"https:\/\/www.2euros.org\/wp-content\/uploads\/2019\/02\/2013-finlande2gm-468.jpg","datePublished":"2019-02-24T15:30:20+00:00","dateModified":"2025-01-31T13:36:37+00:00","description":"This coin celebrates the 125th anniversary of the birth of writer Frans Eemil Sillanp\u00e4\u00e4 and was issued by Finland in 2013.","breadcrumb":{"@id":"https:\/\/www.2euros.org\/en\/2-euro-commemorative-finland\/2013-finland-125th-anniversary-of-the-birth-of-the-writer-frans-eemil-sillanpaa\/#breadcrumb"},"inLanguage":"en-US","potentialAction":[{"@type":"ReadAction","target":["https:\/\/www.2euros.org\/en\/2-euro-commemorative-finland\/2013-finland-125th-anniversary-of-the-birth-of-the-writer-frans-eemil-sillanpaa\/"]}]},{"@type":"ImageObject","inLanguage":"en-US","@id":"https:\/\/www.2euros.org\/en\/2-euro-commemorative-finland\/2013-finland-125th-anniversary-of-the-birth-of-the-writer-frans-eemil-sillanpaa\/#primaryimage","url":"https:\/\/www.2euros.org\/wp-content\/uploads\/2019\/02\/2013-finlande2gm-468.jpg","contentUrl":"https:\/\/www.2euros.org\/wp-content\/uploads\/2019\/02\/2013-finlande2gm-468.jpg","width":400,"height":400},{"@type":"BreadcrumbList","@id":"https:\/\/www.2euros.org\/en\/2-euro-commemorative-finland\/2013-finland-125th-anniversary-of-the-birth-of-the-writer-frans-eemil-sillanpaa\/#breadcrumb","itemListElement":[{"@type":"ListItem","position":1,"name":"Home","item":"https:\/\/www.2euros.org\/en\/"},{"@type":"ListItem","position":2,"name":"Finland","item":"https:\/\/www.2euros.org\/en\/category\/2-euro-commemorative-finland\/"},{"@type":"ListItem","position":3,"name":"2013 &#8211; Finland &#8211; 125th anniversary of the birth of the writer Frans Eemil Sillanp\u00e4\u00e4"}]},{"@type":"WebSite","@id":"https:\/\/www.2euros.org\/en\/#website","url":"https:\/\/www.2euros.org\/en\/","name":"2Euros.org","description":"Site de r\u00e9f\u00e9rence des pi\u00e8ces comm\u00e9moratives de 2 euros","publisher":{"@id":"https:\/\/www.2euros.org\/en\/#organization"},"potentialAction":[{"@type":"SearchAction","target":{"@type":"EntryPoint","urlTemplate":"https:\/\/www.2euros.org\/en\/?s={search_term_string}"},"query-input":{"@type":"PropertyValueSpecification","valueRequired":true,"valueName":"search_term_string"}}],"inLanguage":"en-US"},{"@type":"Organization","@id":"https:\/\/www.2euros.org\/en\/#organization","name":"Ce site a pour but de r\u00e9f\u00e9rencer toutes les pi\u00e8ces de 2euros comm\u00e9moratives. Elles seront r\u00e9f\u00e9renc\u00e9es par ann\u00e9e et par pays. Pour chaque pi\u00e8ce, vous trouverez un descriptif d\u00e9taill\u00e9, son estimation, le d\u00e9tail de ses caract\u00e9ristiques, l'\u00e9mission, etc...","alternateName":"2Euros.org!","url":"https:\/\/www.2euros.org\/en\/","logo":{"@type":"ImageObject","inLanguage":"en-US","@id":"https:\/\/www.2euros.org\/en\/#\/schema\/logo\/image\/","url":"https:\/\/www.2euros.org\/wp-content\/uploads\/2023\/11\/cropped-logo2euros200px.png","contentUrl":"https:\/\/www.2euros.org\/wp-content\/uploads\/2023\/11\/cropped-logo2euros200px.png","width":200,"height":200,"caption":"Ce site a pour but de r\u00e9f\u00e9rencer toutes les pi\u00e8ces de 2euros comm\u00e9moratives. Elles seront r\u00e9f\u00e9renc\u00e9es par ann\u00e9e et par pays. Pour chaque pi\u00e8ce, vous trouverez un descriptif d\u00e9taill\u00e9, son estimation, le d\u00e9tail de ses caract\u00e9ristiques, l'\u00e9mission, etc..."},"image":{"@id":"https:\/\/www.2euros.org\/en\/#\/schema\/logo\/image\/"},"sameAs":["https:\/\/www.facebook.com\/groups\/133974904458606"]},{"@type":"Person","@id":"https:\/\/www.2euros.org\/en\/#\/schema\/person\/12e34ec3242fa163c51adacbcd7b2ebd","name":"Pierre D","image":{"@type":"ImageObject","inLanguage":"en-US","@id":"https:\/\/www.2euros.org\/wp-content\/uploads\/wp-user-manager-uploads\/2025\/12\/462084061_10231332749754304_5952221512921178099_n.jpg","url":"https:\/\/www.2euros.org\/wp-content\/uploads\/wp-user-manager-uploads\/2025\/12\/462084061_10231332749754304_5952221512921178099_n.jpg","contentUrl":"https:\/\/www.2euros.org\/wp-content\/uploads\/wp-user-manager-uploads\/2025\/12\/462084061_10231332749754304_5952221512921178099_n.jpg","caption":"Pierre D"},"description":"Webmaster de 2euros.org","sameAs":["https:\/\/www.2euros.org\/"]}]}},"_links":{"self":[{"href":"https:\/\/www.2euros.org\/en\/wp-json\/wp\/v2\/posts\/17026","targetHints":{"allow":["GET"]}}],"collection":[{"href":"https:\/\/www.2euros.org\/en\/wp-json\/wp\/v2\/posts"}],"about":[{"href":"https:\/\/www.2euros.org\/en\/wp-json\/wp\/v2\/types\/post"}],"author":[{"embeddable":true,"href":"https:\/\/www.2euros.org\/en\/wp-json\/wp\/v2\/users\/1"}],"replies":[{"embeddable":true,"href":"https:\/\/www.2euros.org\/en\/wp-json\/wp\/v2\/comments?post=17026"}],"version-history":[{"count":0,"href":"https:\/\/www.2euros.org\/en\/wp-json\/wp\/v2\/posts\/17026\/revisions"}],"wp:featuredmedia":[{"embeddable":true,"href":"https:\/\/www.2euros.org\/en\/wp-json\/wp\/v2\/media\/10596"}],"wp:attachment":[{"href":"https:\/\/www.2euros.org\/en\/wp-json\/wp\/v2\/media?parent=17026"}],"wp:term":[{"taxonomy":"category","embeddable":true,"href":"https:\/\/www.2euros.org\/en\/wp-json\/wp\/v2\/categories?post=17026"},{"taxonomy":"post_tag","embeddable":true,"href":"https:\/\/www.2euros.org\/en\/wp-json\/wp\/v2\/tags?post=17026"}],"curies":[{"name":"wp","href":"https:\/\/api.w.org\/{rel}","templated":true}]}}