{"id":16882,"date":"2019-02-24T18:32:46","date_gmt":"2019-02-24T17:32:46","guid":{"rendered":"https:\/\/www.2euros.org\/non-classifiee\/2014-portugal-40th-anniversary-of-the-carnation-revolution\/"},"modified":"2025-01-31T13:58:40","modified_gmt":"2025-01-31T12:58:40","slug":"2014-portugal-40th-anniversary-of-the-carnation-revolution","status":"publish","type":"post","link":"https:\/\/www.2euros.org\/en\/2-euro-commemorative-portugal\/2014-portugal-40th-anniversary-of-the-carnation-revolution\/","title":{"rendered":"2014 &#8211; Portugal &#8211; 40th anniversary of the Carnation Revolution"},"content":{"rendered":"\n<h2 class=\"wp-block-heading has-text-align-left\">Introduction<\/h2>\n\n<p>This 2 euro coin, issued by Portugal in 2014, celebrates the 40th anniversary of the Carnation Revolution. This revolution, which took place on April 25, 1974, led to the fall of the dictatorship and the establishment of democracy in Portugal. Therefore, this coin commemorates a crucial moment in modern Portuguese history.<\/p>\n\n<h2 class=\"wp-block-heading\">Coin description<\/h2>\n\n<p>The obverse of the coin features a stylized and modern design. At the top, we find the Portuguese coat of arms with the inscription \u201cPORTUGAL\u201d. In the center left, the inscription \u201c25 DE ABRIL\u201d recalls the date of the revolution. At the bottom, the words \u201c40 ANOS 2014\u201d indicate the 40th anniversary of this historic event.<\/p>\n\n<p>The design uses curved shapes and dynamic lines, symbolizing the change and renewal brought by the revolution. In addition, the inscription \u201cINCM\u201d at the bottom right confirms the manufacturing workshop, the Imprensa Nacional-Casa da Moeda.<\/p>\n\n<p>Twelve stars of the European Union surround the central design, forming a circle. This starry circle symbolizes the unity and harmony of the EU member countries. Furthermore, the graphic composition of the piece is balanced and meaningful, highlighting the importance of the Carnation Revolution.<\/p>\n\n<h2 class=\"wp-block-heading\">Conclusion<\/h2>\n\n<p class=\"has-text-align-left\">This Portuguese 2 euro coin, issued in 2014, commemorates the 40th anniversary of the Carnation Revolution. Indeed, the obverse, with its modern motifs and inscriptions, highlights the importance of this event for the nation. Celebrating this anniversary with a coin strengthens collective memory. It also highlights Portugal&#8217;s commitment to democracy and freedom. As a result, this piece constitutes not only a tribute, but also a tangible reminder of the lasting impact of the Carnation Revolution on Portuguese society.<\/p>\n\n<figure class=\"wp-block-table is-style-stripes\"><table><tbody><tr><td><strong>Country of Issue:<\/strong><\/td><td><img loading=\"lazy\" decoding=\"async\" width=\"32\" height=\"21\" class=\"wp-image-1949\" style=\"width: 32px;\" src=\"https:\/\/www.2euros.org\/wp-content\/uploads\/2021\/11\/portugal-3f4.png\" alt=\"\" srcset=\"https:\/\/www.2euros.org\/wp-content\/uploads\/2021\/11\/portugal-3f4.png 32w, https:\/\/www.2euros.org\/wp-content\/uploads\/2021\/11\/portugal-3f4-24x16.png 24w\" sizes=\"auto, (max-width: 32px) 100vw, 32px\" \/><\/td><\/tr><tr><td><strong>Date of issue:<\/strong><\/td><td>April 23, 2014<\/td><\/tr><tr><td><strong>Total mintage:<\/strong><\/td><td>520.000<\/td><\/tr><tr><td>\u2013 Proof:<\/td><td>\u00a010.000<\/td><\/tr><tr><td>\u2013 BU:<\/td><td>\u00a010.000<\/td><\/tr><tr><td>\u2013 UNC:<\/td><td>\u00a0500.000<\/td><\/tr><tr><td><strong>Engraver:<\/strong><\/td><td>Jos\u00e9 Texeira<\/td><\/tr><tr><td><strong>The edge:<\/strong><\/td><td><img loading=\"lazy\" decoding=\"async\" width=\"220\" height=\"10\" class=\"wp-image-19340\" style=\"width: 220px;\" src=\"https:\/\/www.2euros.org\/wp-content\/uploads\/2019\/02\/portugal1.jpg\" alt=\"\" srcset=\"https:\/\/www.2euros.org\/wp-content\/uploads\/2019\/02\/portugal1.jpg 250w, https:\/\/www.2euros.org\/wp-content\/uploads\/2019\/02\/portugal1-200x9.jpg 200w, https:\/\/www.2euros.org\/wp-content\/uploads\/2019\/02\/portugal1-150x7.jpg 150w\" sizes=\"auto, (max-width: 220px) 100vw, 220px\" \/><\/td><\/tr><tr><td><strong>Rarity:<\/strong><\/td><td><img decoding=\"async\" src=\"https:\/\/www.2euros.org\/images\/euro.png\"\/><img decoding=\"async\" src=\"https:\/\/www.2euros.org\/images\/euro.png\"\/><img decoding=\"async\" src=\"https:\/\/www.2euros.org\/images\/euro.png\"\/><img decoding=\"async\" src=\"https:\/\/www.2euros.org\/images\/euro.png\"\/><img decoding=\"async\" src=\"https:\/\/www.2euros.org\/images\/euro.png\"\/><img decoding=\"async\" src=\"https:\/\/www.2euros.org\/images\/euro2.png\"\/><img decoding=\"async\" src=\"https:\/\/www.2euros.org\/images\/euro2.png\"\/><img decoding=\"async\" src=\"https:\/\/www.2euros.org\/images\/euro2.png\"\/><img decoding=\"async\" src=\"https:\/\/www.2euros.org\/images\/euro2.png\"\/><img decoding=\"async\" src=\"https:\/\/www.2euros.org\/images\/euro2.png\"\/><\/td><\/tr><tr><td><strong>Official Journal:<\/strong><\/td><td><a href=\"https:\/\/eur-lex.europa.eu\/legal-content\/FR\/TXT\/?uri=CELEX%3AC2014%2F088%2F04&amp;qid=1720437966951\" target=\"_blank\" rel=\"noreferrer noopener\">2014\/C 88\/04<\/a><\/td><\/tr><tr><td><strong>My collection:<\/strong><\/td><td>[cbxwpbookmarkbtn]<\/td><\/tr><\/tbody><\/table><\/figure>\n\n<p><span style=\"text-decoration: underline; font-size: 7pt;\"><\/span><\/p>\n\n<p>Do you want to know the technical specifications of this coin? Feel free to visit the page dedicated to the <a href=\"https:\/\/www.2euros.org\/en\/numismatics\/characteristics-of-a-2-euro-coin\/\" target=\"_blank\" rel=\"noreferrer noopener\">specifications of a 2-euro coin<\/a>.<\/p>\n","protected":false},"excerpt":{"rendered":"<div class=\"mh-excerpt\"><p>Introduction This 2 euro coin, issued by Portugal in 2014, celebrates the 40th anniversary of the Carnation Revolution. This revolution, which took place on April 25, 1974, led to the fall of the dictatorship and <a class=\"mh-excerpt-more\" href=\"https:\/\/www.2euros.org\/en\/2-euro-commemorative-portugal\/2014-portugal-40th-anniversary-of-the-carnation-revolution\/\" title=\"2014 &#8211; Portugal &#8211; 40th anniversary of the Carnation Revolution\">[&#8230;]<\/a><\/p>\n                <div class=\"ccm-buttons ccm-buttons-small\"\n                     data-post-id=\"16882\"\n                     data-state='{&quot;be&quot;:0,&quot;bu&quot;:0,&quot;unc&quot;:0,&quot;circulation&quot;:0}'\n                     data-not-logged=\"true\">\n                    <span class=\"ccm-label\">My collection<\/span>\n                    <button class=\"coin-btn\" data-type=\"be\">Proof<\/button>\n                    <button class=\"coin-btn\" data-type=\"bu\">BU<\/button>\n                    <button class=\"coin-btn\" data-type=\"unc\">UNC<\/button>\n                    <button class=\"coin-btn\" data-type=\"circulation\">Circulated<\/button>\n                    <span class=\"ccm-separator\"> - <\/span>\n                    <button class=\"no-coin-btn\" data-type=\"none\">I don&#039;t have this coin<\/button>\n                <\/div>\n                <p class=\"ccm-login-message\">Veuillez vous inscrire pour pouvoir g\u00e9rer votre collection<\/p><\/div>","protected":false},"author":1,"featured_media":10772,"comment_status":"open","ping_status":"open","sticky":false,"template":"","format":"standard","meta":{"footnotes":""},"categories":[1167,1202],"tags":[1207,1789,1685,1209,1790,1210,1212,1304,1305],"class_list":["post-16882","post","type-post","status-publish","format-standard","has-post-thumbnail","hentry","category-2-euro-commemorative-2014","category-2-euro-commemorative-portugal","tag-2-en","tag-2014-en","tag-40-en","tag-anniversaire-en","tag-carnation","tag-commemorative-en","tag-euros-en","tag-portugal-en","tag-revolution-en"],"yoast_head":"<!-- This site is optimized with the Yoast SEO plugin v27.4 - https:\/\/yoast.com\/product\/yoast-seo-wordpress\/ -->\n<title>40th anniversary of the Carnation Revolution - Portugal 2014 &#8226; 2Euros.org<\/title>\n<meta name=\"description\" content=\"The commemorative coin celebrates the 40th anniversary of the Carnation Revolution and was issued by Portugal in 2014.\" \/>\n<meta name=\"robots\" content=\"index, follow, max-snippet:-1, max-image-preview:large, max-video-preview:-1\" \/>\n<link rel=\"canonical\" href=\"https:\/\/www.2euros.org\/en\/2-euro-commemorative-portugal\/2014-portugal-40th-anniversary-of-the-carnation-revolution\/\" \/>\n<meta property=\"og:locale\" content=\"en_US\" \/>\n<meta property=\"og:type\" content=\"article\" \/>\n<meta property=\"og:title\" content=\"40th anniversary of the Carnation Revolution - Portugal 2014 &#8226; 2Euros.org\" \/>\n<meta property=\"og:description\" content=\"The commemorative coin celebrates the 40th anniversary of the Carnation Revolution and was issued by Portugal in 2014.\" \/>\n<meta property=\"og:url\" content=\"https:\/\/www.2euros.org\/en\/2-euro-commemorative-portugal\/2014-portugal-40th-anniversary-of-the-carnation-revolution\/\" \/>\n<meta property=\"og:site_name\" content=\"2Euros.org\" \/>\n<meta property=\"article:publisher\" content=\"https:\/\/www.facebook.com\/groups\/133974904458606\" \/>\n<meta property=\"article:published_time\" content=\"2019-02-24T17:32:46+00:00\" \/>\n<meta property=\"article:modified_time\" content=\"2025-01-31T12:58:40+00:00\" \/>\n<meta property=\"og:image\" content=\"https:\/\/www.2euros.org\/wp-content\/uploads\/2019\/02\/2014-portugal1gm-3f3.jpg\" \/>\n\t<meta property=\"og:image:width\" content=\"400\" \/>\n\t<meta property=\"og:image:height\" content=\"400\" \/>\n\t<meta property=\"og:image:type\" content=\"image\/jpeg\" \/>\n<meta name=\"author\" content=\"Pierre D\" \/>\n<meta name=\"twitter:card\" content=\"summary_large_image\" \/>\n<meta name=\"twitter:label1\" content=\"Written by\" \/>\n\t<meta name=\"twitter:data1\" content=\"Pierre D\" \/>\n\t<meta name=\"twitter:label2\" content=\"Est. reading time\" \/>\n\t<meta name=\"twitter:data2\" content=\"2 minutes\" \/>\n<script type=\"application\/ld+json\" class=\"yoast-schema-graph\">{\"@context\":\"https:\\\/\\\/schema.org\",\"@graph\":[{\"@type\":\"Article\",\"@id\":\"https:\\\/\\\/www.2euros.org\\\/en\\\/2-euro-commemorative-portugal\\\/2014-portugal-40th-anniversary-of-the-carnation-revolution\\\/#article\",\"isPartOf\":{\"@id\":\"https:\\\/\\\/www.2euros.org\\\/en\\\/2-euro-commemorative-portugal\\\/2014-portugal-40th-anniversary-of-the-carnation-revolution\\\/\"},\"author\":{\"name\":\"Pierre D\",\"@id\":\"https:\\\/\\\/www.2euros.org\\\/en\\\/#\\\/schema\\\/person\\\/12e34ec3242fa163c51adacbcd7b2ebd\"},\"headline\":\"2014 &#8211; Portugal &#8211; 40th anniversary of the Carnation Revolution\",\"datePublished\":\"2019-02-24T17:32:46+00:00\",\"dateModified\":\"2025-01-31T12:58:40+00:00\",\"mainEntityOfPage\":{\"@id\":\"https:\\\/\\\/www.2euros.org\\\/en\\\/2-euro-commemorative-portugal\\\/2014-portugal-40th-anniversary-of-the-carnation-revolution\\\/\"},\"wordCount\":318,\"commentCount\":0,\"publisher\":{\"@id\":\"https:\\\/\\\/www.2euros.org\\\/en\\\/#organization\"},\"image\":{\"@id\":\"https:\\\/\\\/www.2euros.org\\\/en\\\/2-euro-commemorative-portugal\\\/2014-portugal-40th-anniversary-of-the-carnation-revolution\\\/#primaryimage\"},\"thumbnailUrl\":\"https:\\\/\\\/www.2euros.org\\\/wp-content\\\/uploads\\\/2019\\\/02\\\/2014-portugal1gm-3f3.jpg\",\"keywords\":[\"2\",\"2014\",\"40\",\"anniversaire\",\"Carnation\",\"comm\u00e9morative\",\"euros\",\"portugal\",\"r\u00e9volution\"],\"articleSection\":[\"2014\",\"Portugal\"],\"inLanguage\":\"en-US\",\"potentialAction\":[{\"@type\":\"CommentAction\",\"name\":\"Comment\",\"target\":[\"https:\\\/\\\/www.2euros.org\\\/en\\\/2-euro-commemorative-portugal\\\/2014-portugal-40th-anniversary-of-the-carnation-revolution\\\/#respond\"]}]},{\"@type\":\"WebPage\",\"@id\":\"https:\\\/\\\/www.2euros.org\\\/en\\\/2-euro-commemorative-portugal\\\/2014-portugal-40th-anniversary-of-the-carnation-revolution\\\/\",\"url\":\"https:\\\/\\\/www.2euros.org\\\/en\\\/2-euro-commemorative-portugal\\\/2014-portugal-40th-anniversary-of-the-carnation-revolution\\\/\",\"name\":\"40th anniversary of the Carnation Revolution - Portugal 2014 &#8226; 2Euros.org\",\"isPartOf\":{\"@id\":\"https:\\\/\\\/www.2euros.org\\\/en\\\/#website\"},\"primaryImageOfPage\":{\"@id\":\"https:\\\/\\\/www.2euros.org\\\/en\\\/2-euro-commemorative-portugal\\\/2014-portugal-40th-anniversary-of-the-carnation-revolution\\\/#primaryimage\"},\"image\":{\"@id\":\"https:\\\/\\\/www.2euros.org\\\/en\\\/2-euro-commemorative-portugal\\\/2014-portugal-40th-anniversary-of-the-carnation-revolution\\\/#primaryimage\"},\"thumbnailUrl\":\"https:\\\/\\\/www.2euros.org\\\/wp-content\\\/uploads\\\/2019\\\/02\\\/2014-portugal1gm-3f3.jpg\",\"datePublished\":\"2019-02-24T17:32:46+00:00\",\"dateModified\":\"2025-01-31T12:58:40+00:00\",\"description\":\"The commemorative coin celebrates the 40th anniversary of the Carnation Revolution and was issued by Portugal in 2014.\",\"breadcrumb\":{\"@id\":\"https:\\\/\\\/www.2euros.org\\\/en\\\/2-euro-commemorative-portugal\\\/2014-portugal-40th-anniversary-of-the-carnation-revolution\\\/#breadcrumb\"},\"inLanguage\":\"en-US\",\"potentialAction\":[{\"@type\":\"ReadAction\",\"target\":[\"https:\\\/\\\/www.2euros.org\\\/en\\\/2-euro-commemorative-portugal\\\/2014-portugal-40th-anniversary-of-the-carnation-revolution\\\/\"]}]},{\"@type\":\"ImageObject\",\"inLanguage\":\"en-US\",\"@id\":\"https:\\\/\\\/www.2euros.org\\\/en\\\/2-euro-commemorative-portugal\\\/2014-portugal-40th-anniversary-of-the-carnation-revolution\\\/#primaryimage\",\"url\":\"https:\\\/\\\/www.2euros.org\\\/wp-content\\\/uploads\\\/2019\\\/02\\\/2014-portugal1gm-3f3.jpg\",\"contentUrl\":\"https:\\\/\\\/www.2euros.org\\\/wp-content\\\/uploads\\\/2019\\\/02\\\/2014-portugal1gm-3f3.jpg\",\"width\":400,\"height\":400},{\"@type\":\"BreadcrumbList\",\"@id\":\"https:\\\/\\\/www.2euros.org\\\/en\\\/2-euro-commemorative-portugal\\\/2014-portugal-40th-anniversary-of-the-carnation-revolution\\\/#breadcrumb\",\"itemListElement\":[{\"@type\":\"ListItem\",\"position\":1,\"name\":\"Home\",\"item\":\"https:\\\/\\\/www.2euros.org\\\/en\\\/\"},{\"@type\":\"ListItem\",\"position\":2,\"name\":\"Portugal\",\"item\":\"https:\\\/\\\/www.2euros.org\\\/en\\\/category\\\/2-euro-commemorative-portugal\\\/\"},{\"@type\":\"ListItem\",\"position\":3,\"name\":\"2014 &#8211; Portugal &#8211; 40th anniversary of the Carnation Revolution\"}]},{\"@type\":\"WebSite\",\"@id\":\"https:\\\/\\\/www.2euros.org\\\/en\\\/#website\",\"url\":\"https:\\\/\\\/www.2euros.org\\\/en\\\/\",\"name\":\"2Euros.org\",\"description\":\"Site de r\u00e9f\u00e9rence des pi\u00e8ces comm\u00e9moratives de 2 euros\",\"publisher\":{\"@id\":\"https:\\\/\\\/www.2euros.org\\\/en\\\/#organization\"},\"potentialAction\":[{\"@type\":\"SearchAction\",\"target\":{\"@type\":\"EntryPoint\",\"urlTemplate\":\"https:\\\/\\\/www.2euros.org\\\/en\\\/?s={search_term_string}\"},\"query-input\":{\"@type\":\"PropertyValueSpecification\",\"valueRequired\":true,\"valueName\":\"search_term_string\"}}],\"inLanguage\":\"en-US\"},{\"@type\":\"Organization\",\"@id\":\"https:\\\/\\\/www.2euros.org\\\/en\\\/#organization\",\"name\":\"Ce site a pour but de r\u00e9f\u00e9rencer toutes les pi\u00e8ces de 2euros comm\u00e9moratives. Elles seront r\u00e9f\u00e9renc\u00e9es par ann\u00e9e et par pays. Pour chaque pi\u00e8ce, vous trouverez un descriptif d\u00e9taill\u00e9, son estimation, le d\u00e9tail de ses caract\u00e9ristiques, l'\u00e9mission, etc...\",\"alternateName\":\"2Euros.org!\",\"url\":\"https:\\\/\\\/www.2euros.org\\\/en\\\/\",\"logo\":{\"@type\":\"ImageObject\",\"inLanguage\":\"en-US\",\"@id\":\"https:\\\/\\\/www.2euros.org\\\/en\\\/#\\\/schema\\\/logo\\\/image\\\/\",\"url\":\"https:\\\/\\\/www.2euros.org\\\/wp-content\\\/uploads\\\/2023\\\/11\\\/cropped-logo2euros200px.png\",\"contentUrl\":\"https:\\\/\\\/www.2euros.org\\\/wp-content\\\/uploads\\\/2023\\\/11\\\/cropped-logo2euros200px.png\",\"width\":200,\"height\":200,\"caption\":\"Ce site a pour but de r\u00e9f\u00e9rencer toutes les pi\u00e8ces de 2euros comm\u00e9moratives. Elles seront r\u00e9f\u00e9renc\u00e9es par ann\u00e9e et par pays. Pour chaque pi\u00e8ce, vous trouverez un descriptif d\u00e9taill\u00e9, son estimation, le d\u00e9tail de ses caract\u00e9ristiques, l'\u00e9mission, etc...\"},\"image\":{\"@id\":\"https:\\\/\\\/www.2euros.org\\\/en\\\/#\\\/schema\\\/logo\\\/image\\\/\"},\"sameAs\":[\"https:\\\/\\\/www.facebook.com\\\/groups\\\/133974904458606\"]},{\"@type\":\"Person\",\"@id\":\"https:\\\/\\\/www.2euros.org\\\/en\\\/#\\\/schema\\\/person\\\/12e34ec3242fa163c51adacbcd7b2ebd\",\"name\":\"Pierre D\",\"image\":{\"@type\":\"ImageObject\",\"inLanguage\":\"en-US\",\"@id\":\"https:\\\/\\\/www.2euros.org\\\/wp-content\\\/uploads\\\/wp-user-manager-uploads\\\/2025\\\/12\\\/462084061_10231332749754304_5952221512921178099_n.jpg\",\"url\":\"https:\\\/\\\/www.2euros.org\\\/wp-content\\\/uploads\\\/wp-user-manager-uploads\\\/2025\\\/12\\\/462084061_10231332749754304_5952221512921178099_n.jpg\",\"contentUrl\":\"https:\\\/\\\/www.2euros.org\\\/wp-content\\\/uploads\\\/wp-user-manager-uploads\\\/2025\\\/12\\\/462084061_10231332749754304_5952221512921178099_n.jpg\",\"caption\":\"Pierre D\"},\"description\":\"Webmaster de 2euros.org\",\"sameAs\":[\"https:\\\/\\\/www.2euros.org\\\/\"]}]}<\/script>\n<!-- \/ Yoast SEO plugin. -->","yoast_head_json":{"title":"40th anniversary of the Carnation Revolution - Portugal 2014 &#8226; 2Euros.org","description":"The commemorative coin celebrates the 40th anniversary of the Carnation Revolution and was issued by Portugal in 2014.","robots":{"index":"index","follow":"follow","max-snippet":"max-snippet:-1","max-image-preview":"max-image-preview:large","max-video-preview":"max-video-preview:-1"},"canonical":"https:\/\/www.2euros.org\/en\/2-euro-commemorative-portugal\/2014-portugal-40th-anniversary-of-the-carnation-revolution\/","og_locale":"en_US","og_type":"article","og_title":"40th anniversary of the Carnation Revolution - Portugal 2014 &#8226; 2Euros.org","og_description":"The commemorative coin celebrates the 40th anniversary of the Carnation Revolution and was issued by Portugal in 2014.","og_url":"https:\/\/www.2euros.org\/en\/2-euro-commemorative-portugal\/2014-portugal-40th-anniversary-of-the-carnation-revolution\/","og_site_name":"2Euros.org","article_publisher":"https:\/\/www.facebook.com\/groups\/133974904458606","article_published_time":"2019-02-24T17:32:46+00:00","article_modified_time":"2025-01-31T12:58:40+00:00","og_image":[{"width":400,"height":400,"url":"https:\/\/www.2euros.org\/wp-content\/uploads\/2019\/02\/2014-portugal1gm-3f3.jpg","type":"image\/jpeg"}],"author":"Pierre D","twitter_card":"summary_large_image","twitter_misc":{"Written by":"Pierre D","Est. reading time":"2 minutes"},"schema":{"@context":"https:\/\/schema.org","@graph":[{"@type":"Article","@id":"https:\/\/www.2euros.org\/en\/2-euro-commemorative-portugal\/2014-portugal-40th-anniversary-of-the-carnation-revolution\/#article","isPartOf":{"@id":"https:\/\/www.2euros.org\/en\/2-euro-commemorative-portugal\/2014-portugal-40th-anniversary-of-the-carnation-revolution\/"},"author":{"name":"Pierre D","@id":"https:\/\/www.2euros.org\/en\/#\/schema\/person\/12e34ec3242fa163c51adacbcd7b2ebd"},"headline":"2014 &#8211; Portugal &#8211; 40th anniversary of the Carnation Revolution","datePublished":"2019-02-24T17:32:46+00:00","dateModified":"2025-01-31T12:58:40+00:00","mainEntityOfPage":{"@id":"https:\/\/www.2euros.org\/en\/2-euro-commemorative-portugal\/2014-portugal-40th-anniversary-of-the-carnation-revolution\/"},"wordCount":318,"commentCount":0,"publisher":{"@id":"https:\/\/www.2euros.org\/en\/#organization"},"image":{"@id":"https:\/\/www.2euros.org\/en\/2-euro-commemorative-portugal\/2014-portugal-40th-anniversary-of-the-carnation-revolution\/#primaryimage"},"thumbnailUrl":"https:\/\/www.2euros.org\/wp-content\/uploads\/2019\/02\/2014-portugal1gm-3f3.jpg","keywords":["2","2014","40","anniversaire","Carnation","comm\u00e9morative","euros","portugal","r\u00e9volution"],"articleSection":["2014","Portugal"],"inLanguage":"en-US","potentialAction":[{"@type":"CommentAction","name":"Comment","target":["https:\/\/www.2euros.org\/en\/2-euro-commemorative-portugal\/2014-portugal-40th-anniversary-of-the-carnation-revolution\/#respond"]}]},{"@type":"WebPage","@id":"https:\/\/www.2euros.org\/en\/2-euro-commemorative-portugal\/2014-portugal-40th-anniversary-of-the-carnation-revolution\/","url":"https:\/\/www.2euros.org\/en\/2-euro-commemorative-portugal\/2014-portugal-40th-anniversary-of-the-carnation-revolution\/","name":"40th anniversary of the Carnation Revolution - Portugal 2014 &#8226; 2Euros.org","isPartOf":{"@id":"https:\/\/www.2euros.org\/en\/#website"},"primaryImageOfPage":{"@id":"https:\/\/www.2euros.org\/en\/2-euro-commemorative-portugal\/2014-portugal-40th-anniversary-of-the-carnation-revolution\/#primaryimage"},"image":{"@id":"https:\/\/www.2euros.org\/en\/2-euro-commemorative-portugal\/2014-portugal-40th-anniversary-of-the-carnation-revolution\/#primaryimage"},"thumbnailUrl":"https:\/\/www.2euros.org\/wp-content\/uploads\/2019\/02\/2014-portugal1gm-3f3.jpg","datePublished":"2019-02-24T17:32:46+00:00","dateModified":"2025-01-31T12:58:40+00:00","description":"The commemorative coin celebrates the 40th anniversary of the Carnation Revolution and was issued by Portugal in 2014.","breadcrumb":{"@id":"https:\/\/www.2euros.org\/en\/2-euro-commemorative-portugal\/2014-portugal-40th-anniversary-of-the-carnation-revolution\/#breadcrumb"},"inLanguage":"en-US","potentialAction":[{"@type":"ReadAction","target":["https:\/\/www.2euros.org\/en\/2-euro-commemorative-portugal\/2014-portugal-40th-anniversary-of-the-carnation-revolution\/"]}]},{"@type":"ImageObject","inLanguage":"en-US","@id":"https:\/\/www.2euros.org\/en\/2-euro-commemorative-portugal\/2014-portugal-40th-anniversary-of-the-carnation-revolution\/#primaryimage","url":"https:\/\/www.2euros.org\/wp-content\/uploads\/2019\/02\/2014-portugal1gm-3f3.jpg","contentUrl":"https:\/\/www.2euros.org\/wp-content\/uploads\/2019\/02\/2014-portugal1gm-3f3.jpg","width":400,"height":400},{"@type":"BreadcrumbList","@id":"https:\/\/www.2euros.org\/en\/2-euro-commemorative-portugal\/2014-portugal-40th-anniversary-of-the-carnation-revolution\/#breadcrumb","itemListElement":[{"@type":"ListItem","position":1,"name":"Home","item":"https:\/\/www.2euros.org\/en\/"},{"@type":"ListItem","position":2,"name":"Portugal","item":"https:\/\/www.2euros.org\/en\/category\/2-euro-commemorative-portugal\/"},{"@type":"ListItem","position":3,"name":"2014 &#8211; Portugal &#8211; 40th anniversary of the Carnation Revolution"}]},{"@type":"WebSite","@id":"https:\/\/www.2euros.org\/en\/#website","url":"https:\/\/www.2euros.org\/en\/","name":"2Euros.org","description":"Site de r\u00e9f\u00e9rence des pi\u00e8ces comm\u00e9moratives de 2 euros","publisher":{"@id":"https:\/\/www.2euros.org\/en\/#organization"},"potentialAction":[{"@type":"SearchAction","target":{"@type":"EntryPoint","urlTemplate":"https:\/\/www.2euros.org\/en\/?s={search_term_string}"},"query-input":{"@type":"PropertyValueSpecification","valueRequired":true,"valueName":"search_term_string"}}],"inLanguage":"en-US"},{"@type":"Organization","@id":"https:\/\/www.2euros.org\/en\/#organization","name":"Ce site a pour but de r\u00e9f\u00e9rencer toutes les pi\u00e8ces de 2euros comm\u00e9moratives. Elles seront r\u00e9f\u00e9renc\u00e9es par ann\u00e9e et par pays. Pour chaque pi\u00e8ce, vous trouverez un descriptif d\u00e9taill\u00e9, son estimation, le d\u00e9tail de ses caract\u00e9ristiques, l'\u00e9mission, etc...","alternateName":"2Euros.org!","url":"https:\/\/www.2euros.org\/en\/","logo":{"@type":"ImageObject","inLanguage":"en-US","@id":"https:\/\/www.2euros.org\/en\/#\/schema\/logo\/image\/","url":"https:\/\/www.2euros.org\/wp-content\/uploads\/2023\/11\/cropped-logo2euros200px.png","contentUrl":"https:\/\/www.2euros.org\/wp-content\/uploads\/2023\/11\/cropped-logo2euros200px.png","width":200,"height":200,"caption":"Ce site a pour but de r\u00e9f\u00e9rencer toutes les pi\u00e8ces de 2euros comm\u00e9moratives. Elles seront r\u00e9f\u00e9renc\u00e9es par ann\u00e9e et par pays. Pour chaque pi\u00e8ce, vous trouverez un descriptif d\u00e9taill\u00e9, son estimation, le d\u00e9tail de ses caract\u00e9ristiques, l'\u00e9mission, etc..."},"image":{"@id":"https:\/\/www.2euros.org\/en\/#\/schema\/logo\/image\/"},"sameAs":["https:\/\/www.facebook.com\/groups\/133974904458606"]},{"@type":"Person","@id":"https:\/\/www.2euros.org\/en\/#\/schema\/person\/12e34ec3242fa163c51adacbcd7b2ebd","name":"Pierre D","image":{"@type":"ImageObject","inLanguage":"en-US","@id":"https:\/\/www.2euros.org\/wp-content\/uploads\/wp-user-manager-uploads\/2025\/12\/462084061_10231332749754304_5952221512921178099_n.jpg","url":"https:\/\/www.2euros.org\/wp-content\/uploads\/wp-user-manager-uploads\/2025\/12\/462084061_10231332749754304_5952221512921178099_n.jpg","contentUrl":"https:\/\/www.2euros.org\/wp-content\/uploads\/wp-user-manager-uploads\/2025\/12\/462084061_10231332749754304_5952221512921178099_n.jpg","caption":"Pierre D"},"description":"Webmaster de 2euros.org","sameAs":["https:\/\/www.2euros.org\/"]}]}},"_links":{"self":[{"href":"https:\/\/www.2euros.org\/en\/wp-json\/wp\/v2\/posts\/16882","targetHints":{"allow":["GET"]}}],"collection":[{"href":"https:\/\/www.2euros.org\/en\/wp-json\/wp\/v2\/posts"}],"about":[{"href":"https:\/\/www.2euros.org\/en\/wp-json\/wp\/v2\/types\/post"}],"author":[{"embeddable":true,"href":"https:\/\/www.2euros.org\/en\/wp-json\/wp\/v2\/users\/1"}],"replies":[{"embeddable":true,"href":"https:\/\/www.2euros.org\/en\/wp-json\/wp\/v2\/comments?post=16882"}],"version-history":[{"count":0,"href":"https:\/\/www.2euros.org\/en\/wp-json\/wp\/v2\/posts\/16882\/revisions"}],"wp:featuredmedia":[{"embeddable":true,"href":"https:\/\/www.2euros.org\/en\/wp-json\/wp\/v2\/media\/10772"}],"wp:attachment":[{"href":"https:\/\/www.2euros.org\/en\/wp-json\/wp\/v2\/media?parent=16882"}],"wp:term":[{"taxonomy":"category","embeddable":true,"href":"https:\/\/www.2euros.org\/en\/wp-json\/wp\/v2\/categories?post=16882"},{"taxonomy":"post_tag","embeddable":true,"href":"https:\/\/www.2euros.org\/en\/wp-json\/wp\/v2\/tags?post=16882"}],"curies":[{"name":"wp","href":"https:\/\/api.w.org\/{rel}","templated":true}]}}