{"id":16837,"date":"2019-02-24T09:10:24","date_gmt":"2019-02-24T08:10:24","guid":{"rendered":"https:\/\/www.2euros.org\/non-classifiee\/2011-belgium-100th-anniversary-of-international-womens-rights-day\/"},"modified":"2025-01-31T14:50:55","modified_gmt":"2025-01-31T13:50:55","slug":"2011-belgium-100th-anniversary-of-international-womens-rights-day","status":"publish","type":"post","link":"https:\/\/www.2euros.org\/en\/2-euro-commemorative-belgium\/2011-belgium-100th-anniversary-of-international-womens-rights-day\/","title":{"rendered":"2011 &#8211; Belgium &#8211; 100th anniversary of International Women&#8217;s Rights Day"},"content":{"rendered":"\n<h2 class=\"wp-block-heading has-text-align-left\">Introduction<\/h2>\n\n<p>This two euro coin was issued by Belgium in 2011. It commemorates the 100th anniversary of International Women&#8217;s Day through Isala Van Diest and Marie Popelin. Indeed, these two women were pioneers of the Belgian feminist movement and women&#8217;s rights. Therefore, this broadcast highlights the importance of their contributions to Belgian society.<\/p>\n\n<h2 class=\"wp-block-heading\">Coin description<\/h2>\n\n<p>The obverse of this coin shows the portraits of Isala Van Diest and Marie Popelin. Indeed, their faces are finely engraved with great attention to detail. Additionally, you can read their names, &#8220;I. VAN DIEST&#8221; and &#8220;M. POPELIN&#8221;, respectively on the left and right of the portraits.<\/p>\n\n<p>Above the portraits, you see the inscription &#8220;BE&#8221;, accompanied by the mark of the Royal Mint of Belgium and the year &#8220;2011&#8221;. Thus, this inscription indicates the year of issue of the piece and its authenticity. Additionally, in the center you find a caduceus and a scale, symbolizing medicine and justice respectively. Indeed, these symbols represent the professions of Isala Van Diest, the first female doctor in Belgium, and Marie Popelin, the first woman to graduate in law in Belgium.<\/p>\n\n<p>Around the central part, twelve stars represent the twelve original member countries of the European Union. In fact, these stars form a circle framing the portraits and inscriptions. Therefore, they symbolize unity and cooperation between EU member countries.<\/p>\n\n<p>Isala Van Diest, born in 1842, paved the way for women in the medical field. Likewise, Marie Popelin, born in 1846, played a crucial role in the fight for women&#8217;s rights and women&#8217;s access to the legal profession. Thus, this coin celebrates their remarkable achievements and their lasting impact on Belgian society.<\/p>\n\n<h2 class=\"wp-block-heading\">Conclusion<\/h2>\n\n<p class=\"has-text-align-left\">In summary, this two euro coin from Belgium, issued in 2011, commemorates the 100th anniversary of the deaths of Isala Van Diest and Marie Popelin. The design, with the engraved portraits and symbols of their professions, highlights the importance of their contributions to society. Therefore, this coin is not only a currency, but also a lasting tribute to these pioneers of the Belgian feminist movement.<\/p>\n\n<figure class=\"wp-block-table is-style-stripes\"><table><tbody><tr><td><strong>Country of Issue:<\/strong><\/td><td><img loading=\"lazy\" decoding=\"async\" width=\"32\" height=\"21\" class=\"wp-image-1964\" style=\"width: 32px;\" src=\"https:\/\/www.2euros.org\/wp-content\/uploads\/2022\/05\/belgique-2ba.png\" alt=\"Belgique\" srcset=\"https:\/\/www.2euros.org\/wp-content\/uploads\/2022\/05\/belgique-2ba.png 32w, https:\/\/www.2euros.org\/wp-content\/uploads\/2022\/05\/belgique-2ba-24x16.png 24w\" sizes=\"auto, (max-width: 32px) 100vw, 32px\" \/><\/td><\/tr><tr><td><strong>Date of issue:<\/strong><\/td><td>Mai 2011<\/td><\/tr><tr><td><strong>Total mintage:<\/strong><\/td><td>5.000.000<\/td><\/tr><tr><td>\u2013 Proof:<\/td><td>\u00a07.500<\/td><\/tr><tr><td>\u2013 BU:<\/td><td>\u00a06.000<\/td><\/tr><tr><td>\u2013 UNC:<\/td><td>\u00a04.986.000<\/td><\/tr><tr><td><strong>Engraver:<\/strong><\/td><td>Luc Luycx<\/td><\/tr><tr><td><strong>The edge:<\/strong><\/td><td><img loading=\"lazy\" decoding=\"async\" width=\"200\" height=\"11\" class=\"wp-image-18721\" style=\"width: 200px;\" src=\"https:\/\/www.2euros.org\/wp-content\/uploads\/2005\/05\/luxembourg1.jpg\" alt=\"\" srcset=\"https:\/\/www.2euros.org\/wp-content\/uploads\/2005\/05\/luxembourg1.jpg 187w, https:\/\/www.2euros.org\/wp-content\/uploads\/2005\/05\/luxembourg1-150x8.jpg 150w\" sizes=\"auto, (max-width: 200px) 100vw, 200px\" \/><\/td><\/tr><tr><td><strong>Rarity:<\/strong><\/td><td><img decoding=\"async\" src=\"https:\/\/www.2euros.org\/images\/euro.png\"\/><img decoding=\"async\" src=\"https:\/\/www.2euros.org\/images\/euro.png\"\/><img decoding=\"async\" src=\"https:\/\/www.2euros.org\/images\/euro.png\"\/><img decoding=\"async\" src=\"https:\/\/www.2euros.org\/images\/euro2.png\"\/><img decoding=\"async\" src=\"https:\/\/www.2euros.org\/images\/euro2.png\"\/><img decoding=\"async\" src=\"https:\/\/www.2euros.org\/images\/euro2.png\"\/><img decoding=\"async\" src=\"https:\/\/www.2euros.org\/images\/euro2.png\"\/><img decoding=\"async\" src=\"https:\/\/www.2euros.org\/images\/euro2.png\"\/><img decoding=\"async\" src=\"https:\/\/www.2euros.org\/images\/euro2.png\"\/><img decoding=\"async\" src=\"https:\/\/www.2euros.org\/images\/euro2.png\"\/><\/td><\/tr><tr><td><strong>Official Journal:<\/strong><\/td><td><a href=\"https:\/\/eur-lex.europa.eu\/legal-content\/FR\/TXT\/?uri=CELEX%3AC2011%2F057%2F06&amp;qid=1684768900326\" target=\"_blank\" rel=\"noreferrer noopener\">2011\/C 57\/06<\/a><\/td><\/tr><tr><td><strong>My collection:<\/strong><\/td><td>[cbxwpbookmarkbtn]<\/td><\/tr><\/tbody><\/table><\/figure>\n\n<p>Do you want to know the technical specifications of this coin? Feel free to visit the page dedicated to the <a href=\"https:\/\/www.2euros.org\/en\/numismatics\/characteristics-of-a-2-euro-coin\/\" target=\"_blank\" rel=\"noreferrer noopener\">specifications of a 2-euro coin<\/a>.<\/p>\n","protected":false},"excerpt":{"rendered":"<div class=\"mh-excerpt\"><p>Introduction This two euro coin was issued by Belgium in 2011. It commemorates the 100th anniversary of International Women&#8217;s Day through Isala Van Diest and Marie Popelin. Indeed, these two women were pioneers of the <a class=\"mh-excerpt-more\" href=\"https:\/\/www.2euros.org\/en\/2-euro-commemorative-belgium\/2011-belgium-100th-anniversary-of-international-womens-rights-day\/\" title=\"2011 &#8211; Belgium &#8211; 100th anniversary of International Women&#8217;s Rights Day\">[&#8230;]<\/a><\/p>\n                <div class=\"ccm-buttons ccm-buttons-small\"\n                     data-post-id=\"16837\"\n                     data-state='{&quot;be&quot;:0,&quot;bu&quot;:0,&quot;unc&quot;:0,&quot;circulation&quot;:0}'\n                     data-not-logged=\"true\">\n                    <span class=\"ccm-label\">My collection<\/span>\n                    <button class=\"coin-btn\" data-type=\"be\">Proof<\/button>\n                    <button class=\"coin-btn\" data-type=\"bu\">BU<\/button>\n                    <button class=\"coin-btn\" data-type=\"unc\">UNC<\/button>\n                    <button class=\"coin-btn\" data-type=\"circulation\">Circulated<\/button>\n                    <span class=\"ccm-separator\"> - <\/span>\n                    <button class=\"no-coin-btn\" data-type=\"none\">I don&#039;t have this coin<\/button>\n                <\/div>\n                <p class=\"ccm-login-message\">Veuillez vous inscrire pour pouvoir g\u00e9rer votre collection<\/p><\/div>","protected":false},"author":1,"featured_media":10444,"comment_status":"open","ping_status":"open","sticky":false,"template":"","format":"standard","meta":{"footnotes":""},"categories":[1162,1181],"tags":[1389,1207,1747,1209,1279,1210,1558,1212,1676,1436,1504],"class_list":["post-16837","post","type-post","status-publish","format-standard","has-post-thumbnail","hentry","category-2-euro-commemorative-2011","category-2-euro-commemorative-belgium","tag-100-en","tag-2-en","tag-2011-en","tag-anniversaire-en","tag-belgique-en","tag-commemorative-en","tag-day-en","tag-euros-en","tag-international-en-2","tag-rights","tag-women"],"yoast_head":"<!-- This site is optimized with the Yoast SEO plugin v27.4 - https:\/\/yoast.com\/product\/yoast-seo-wordpress\/ -->\n<title>100 years of Women&#039;s Day - Belgium 2011 &#8226; 2Euros.org<\/title>\n<meta name=\"description\" content=\"The coin celebrates the 100th anniversary of International Women&#039;s Day and was issued by Belgium in 2011\" \/>\n<meta name=\"robots\" content=\"index, follow, max-snippet:-1, max-image-preview:large, max-video-preview:-1\" \/>\n<link rel=\"canonical\" href=\"https:\/\/www.2euros.org\/en\/2-euro-commemorative-belgium\/2011-belgium-100th-anniversary-of-international-womens-rights-day\/\" \/>\n<meta property=\"og:locale\" content=\"en_US\" \/>\n<meta property=\"og:type\" content=\"article\" \/>\n<meta property=\"og:title\" content=\"100 years of Women&#039;s Day - Belgium 2011 &#8226; 2Euros.org\" \/>\n<meta property=\"og:description\" content=\"The coin celebrates the 100th anniversary of International Women&#039;s Day and was issued by Belgium in 2011\" \/>\n<meta property=\"og:url\" content=\"https:\/\/www.2euros.org\/en\/2-euro-commemorative-belgium\/2011-belgium-100th-anniversary-of-international-womens-rights-day\/\" \/>\n<meta property=\"og:site_name\" content=\"2Euros.org\" \/>\n<meta property=\"article:publisher\" content=\"https:\/\/www.facebook.com\/groups\/133974904458606\" \/>\n<meta property=\"article:published_time\" content=\"2019-02-24T08:10:24+00:00\" \/>\n<meta property=\"article:modified_time\" content=\"2025-01-31T13:50:55+00:00\" \/>\n<meta property=\"og:image\" content=\"https:\/\/www.2euros.org\/wp-content\/uploads\/2019\/02\/2011-belgiquegm-c34.jpg\" \/>\n\t<meta property=\"og:image:width\" content=\"400\" \/>\n\t<meta property=\"og:image:height\" content=\"400\" \/>\n\t<meta property=\"og:image:type\" content=\"image\/jpeg\" \/>\n<meta name=\"author\" content=\"Pierre D\" \/>\n<meta name=\"twitter:card\" content=\"summary_large_image\" \/>\n<meta name=\"twitter:label1\" content=\"Written by\" \/>\n\t<meta name=\"twitter:data1\" content=\"Pierre D\" \/>\n\t<meta name=\"twitter:label2\" content=\"Est. reading time\" \/>\n\t<meta name=\"twitter:data2\" content=\"2 minutes\" \/>\n<script type=\"application\/ld+json\" class=\"yoast-schema-graph\">{\"@context\":\"https:\\\/\\\/schema.org\",\"@graph\":[{\"@type\":\"Article\",\"@id\":\"https:\\\/\\\/www.2euros.org\\\/en\\\/2-euro-commemorative-belgium\\\/2011-belgium-100th-anniversary-of-international-womens-rights-day\\\/#article\",\"isPartOf\":{\"@id\":\"https:\\\/\\\/www.2euros.org\\\/en\\\/2-euro-commemorative-belgium\\\/2011-belgium-100th-anniversary-of-international-womens-rights-day\\\/\"},\"author\":{\"name\":\"Pierre D\",\"@id\":\"https:\\\/\\\/www.2euros.org\\\/en\\\/#\\\/schema\\\/person\\\/12e34ec3242fa163c51adacbcd7b2ebd\"},\"headline\":\"2011 &#8211; Belgium &#8211; 100th anniversary of International Women&#8217;s Rights Day\",\"datePublished\":\"2019-02-24T08:10:24+00:00\",\"dateModified\":\"2025-01-31T13:50:55+00:00\",\"mainEntityOfPage\":{\"@id\":\"https:\\\/\\\/www.2euros.org\\\/en\\\/2-euro-commemorative-belgium\\\/2011-belgium-100th-anniversary-of-international-womens-rights-day\\\/\"},\"wordCount\":397,\"commentCount\":0,\"publisher\":{\"@id\":\"https:\\\/\\\/www.2euros.org\\\/en\\\/#organization\"},\"image\":{\"@id\":\"https:\\\/\\\/www.2euros.org\\\/en\\\/2-euro-commemorative-belgium\\\/2011-belgium-100th-anniversary-of-international-womens-rights-day\\\/#primaryimage\"},\"thumbnailUrl\":\"https:\\\/\\\/www.2euros.org\\\/wp-content\\\/uploads\\\/2019\\\/02\\\/2011-belgiquegm-c34.jpg\",\"keywords\":[\"100\",\"2\",\"2011\",\"anniversaire\",\"belgique\",\"comm\u00e9morative\",\"Day\",\"euros\",\"international\",\"rights\",\"women\"],\"articleSection\":[\"2011\",\"Belgium\"],\"inLanguage\":\"en-US\",\"potentialAction\":[{\"@type\":\"CommentAction\",\"name\":\"Comment\",\"target\":[\"https:\\\/\\\/www.2euros.org\\\/en\\\/2-euro-commemorative-belgium\\\/2011-belgium-100th-anniversary-of-international-womens-rights-day\\\/#respond\"]}]},{\"@type\":\"WebPage\",\"@id\":\"https:\\\/\\\/www.2euros.org\\\/en\\\/2-euro-commemorative-belgium\\\/2011-belgium-100th-anniversary-of-international-womens-rights-day\\\/\",\"url\":\"https:\\\/\\\/www.2euros.org\\\/en\\\/2-euro-commemorative-belgium\\\/2011-belgium-100th-anniversary-of-international-womens-rights-day\\\/\",\"name\":\"100 years of Women's Day - Belgium 2011 &#8226; 2Euros.org\",\"isPartOf\":{\"@id\":\"https:\\\/\\\/www.2euros.org\\\/en\\\/#website\"},\"primaryImageOfPage\":{\"@id\":\"https:\\\/\\\/www.2euros.org\\\/en\\\/2-euro-commemorative-belgium\\\/2011-belgium-100th-anniversary-of-international-womens-rights-day\\\/#primaryimage\"},\"image\":{\"@id\":\"https:\\\/\\\/www.2euros.org\\\/en\\\/2-euro-commemorative-belgium\\\/2011-belgium-100th-anniversary-of-international-womens-rights-day\\\/#primaryimage\"},\"thumbnailUrl\":\"https:\\\/\\\/www.2euros.org\\\/wp-content\\\/uploads\\\/2019\\\/02\\\/2011-belgiquegm-c34.jpg\",\"datePublished\":\"2019-02-24T08:10:24+00:00\",\"dateModified\":\"2025-01-31T13:50:55+00:00\",\"description\":\"The coin celebrates the 100th anniversary of International Women's Day and was issued by Belgium in 2011\",\"breadcrumb\":{\"@id\":\"https:\\\/\\\/www.2euros.org\\\/en\\\/2-euro-commemorative-belgium\\\/2011-belgium-100th-anniversary-of-international-womens-rights-day\\\/#breadcrumb\"},\"inLanguage\":\"en-US\",\"potentialAction\":[{\"@type\":\"ReadAction\",\"target\":[\"https:\\\/\\\/www.2euros.org\\\/en\\\/2-euro-commemorative-belgium\\\/2011-belgium-100th-anniversary-of-international-womens-rights-day\\\/\"]}]},{\"@type\":\"ImageObject\",\"inLanguage\":\"en-US\",\"@id\":\"https:\\\/\\\/www.2euros.org\\\/en\\\/2-euro-commemorative-belgium\\\/2011-belgium-100th-anniversary-of-international-womens-rights-day\\\/#primaryimage\",\"url\":\"https:\\\/\\\/www.2euros.org\\\/wp-content\\\/uploads\\\/2019\\\/02\\\/2011-belgiquegm-c34.jpg\",\"contentUrl\":\"https:\\\/\\\/www.2euros.org\\\/wp-content\\\/uploads\\\/2019\\\/02\\\/2011-belgiquegm-c34.jpg\",\"width\":400,\"height\":400},{\"@type\":\"BreadcrumbList\",\"@id\":\"https:\\\/\\\/www.2euros.org\\\/en\\\/2-euro-commemorative-belgium\\\/2011-belgium-100th-anniversary-of-international-womens-rights-day\\\/#breadcrumb\",\"itemListElement\":[{\"@type\":\"ListItem\",\"position\":1,\"name\":\"Home\",\"item\":\"https:\\\/\\\/www.2euros.org\\\/en\\\/\"},{\"@type\":\"ListItem\",\"position\":2,\"name\":\"Belgium\",\"item\":\"https:\\\/\\\/www.2euros.org\\\/en\\\/category\\\/2-euro-commemorative-belgium\\\/\"},{\"@type\":\"ListItem\",\"position\":3,\"name\":\"2011 &#8211; Belgium &#8211; 100th anniversary of International Women&#8217;s Rights Day\"}]},{\"@type\":\"WebSite\",\"@id\":\"https:\\\/\\\/www.2euros.org\\\/en\\\/#website\",\"url\":\"https:\\\/\\\/www.2euros.org\\\/en\\\/\",\"name\":\"2Euros.org\",\"description\":\"Site de r\u00e9f\u00e9rence des pi\u00e8ces comm\u00e9moratives de 2 euros\",\"publisher\":{\"@id\":\"https:\\\/\\\/www.2euros.org\\\/en\\\/#organization\"},\"potentialAction\":[{\"@type\":\"SearchAction\",\"target\":{\"@type\":\"EntryPoint\",\"urlTemplate\":\"https:\\\/\\\/www.2euros.org\\\/en\\\/?s={search_term_string}\"},\"query-input\":{\"@type\":\"PropertyValueSpecification\",\"valueRequired\":true,\"valueName\":\"search_term_string\"}}],\"inLanguage\":\"en-US\"},{\"@type\":\"Organization\",\"@id\":\"https:\\\/\\\/www.2euros.org\\\/en\\\/#organization\",\"name\":\"Ce site a pour but de r\u00e9f\u00e9rencer toutes les pi\u00e8ces de 2euros comm\u00e9moratives. Elles seront r\u00e9f\u00e9renc\u00e9es par ann\u00e9e et par pays. Pour chaque pi\u00e8ce, vous trouverez un descriptif d\u00e9taill\u00e9, son estimation, le d\u00e9tail de ses caract\u00e9ristiques, l'\u00e9mission, etc...\",\"alternateName\":\"2Euros.org!\",\"url\":\"https:\\\/\\\/www.2euros.org\\\/en\\\/\",\"logo\":{\"@type\":\"ImageObject\",\"inLanguage\":\"en-US\",\"@id\":\"https:\\\/\\\/www.2euros.org\\\/en\\\/#\\\/schema\\\/logo\\\/image\\\/\",\"url\":\"https:\\\/\\\/www.2euros.org\\\/wp-content\\\/uploads\\\/2023\\\/11\\\/cropped-logo2euros200px.png\",\"contentUrl\":\"https:\\\/\\\/www.2euros.org\\\/wp-content\\\/uploads\\\/2023\\\/11\\\/cropped-logo2euros200px.png\",\"width\":200,\"height\":200,\"caption\":\"Ce site a pour but de r\u00e9f\u00e9rencer toutes les pi\u00e8ces de 2euros comm\u00e9moratives. Elles seront r\u00e9f\u00e9renc\u00e9es par ann\u00e9e et par pays. Pour chaque pi\u00e8ce, vous trouverez un descriptif d\u00e9taill\u00e9, son estimation, le d\u00e9tail de ses caract\u00e9ristiques, l'\u00e9mission, etc...\"},\"image\":{\"@id\":\"https:\\\/\\\/www.2euros.org\\\/en\\\/#\\\/schema\\\/logo\\\/image\\\/\"},\"sameAs\":[\"https:\\\/\\\/www.facebook.com\\\/groups\\\/133974904458606\"]},{\"@type\":\"Person\",\"@id\":\"https:\\\/\\\/www.2euros.org\\\/en\\\/#\\\/schema\\\/person\\\/12e34ec3242fa163c51adacbcd7b2ebd\",\"name\":\"Pierre D\",\"image\":{\"@type\":\"ImageObject\",\"inLanguage\":\"en-US\",\"@id\":\"https:\\\/\\\/www.2euros.org\\\/wp-content\\\/uploads\\\/wp-user-manager-uploads\\\/2025\\\/12\\\/462084061_10231332749754304_5952221512921178099_n.jpg\",\"url\":\"https:\\\/\\\/www.2euros.org\\\/wp-content\\\/uploads\\\/wp-user-manager-uploads\\\/2025\\\/12\\\/462084061_10231332749754304_5952221512921178099_n.jpg\",\"contentUrl\":\"https:\\\/\\\/www.2euros.org\\\/wp-content\\\/uploads\\\/wp-user-manager-uploads\\\/2025\\\/12\\\/462084061_10231332749754304_5952221512921178099_n.jpg\",\"caption\":\"Pierre D\"},\"description\":\"Webmaster de 2euros.org\",\"sameAs\":[\"https:\\\/\\\/www.2euros.org\\\/\"]}]}<\/script>\n<!-- \/ Yoast SEO plugin. -->","yoast_head_json":{"title":"100 years of Women's Day - Belgium 2011 &#8226; 2Euros.org","description":"The coin celebrates the 100th anniversary of International Women's Day and was issued by Belgium in 2011","robots":{"index":"index","follow":"follow","max-snippet":"max-snippet:-1","max-image-preview":"max-image-preview:large","max-video-preview":"max-video-preview:-1"},"canonical":"https:\/\/www.2euros.org\/en\/2-euro-commemorative-belgium\/2011-belgium-100th-anniversary-of-international-womens-rights-day\/","og_locale":"en_US","og_type":"article","og_title":"100 years of Women's Day - Belgium 2011 &#8226; 2Euros.org","og_description":"The coin celebrates the 100th anniversary of International Women's Day and was issued by Belgium in 2011","og_url":"https:\/\/www.2euros.org\/en\/2-euro-commemorative-belgium\/2011-belgium-100th-anniversary-of-international-womens-rights-day\/","og_site_name":"2Euros.org","article_publisher":"https:\/\/www.facebook.com\/groups\/133974904458606","article_published_time":"2019-02-24T08:10:24+00:00","article_modified_time":"2025-01-31T13:50:55+00:00","og_image":[{"width":400,"height":400,"url":"https:\/\/www.2euros.org\/wp-content\/uploads\/2019\/02\/2011-belgiquegm-c34.jpg","type":"image\/jpeg"}],"author":"Pierre D","twitter_card":"summary_large_image","twitter_misc":{"Written by":"Pierre D","Est. reading time":"2 minutes"},"schema":{"@context":"https:\/\/schema.org","@graph":[{"@type":"Article","@id":"https:\/\/www.2euros.org\/en\/2-euro-commemorative-belgium\/2011-belgium-100th-anniversary-of-international-womens-rights-day\/#article","isPartOf":{"@id":"https:\/\/www.2euros.org\/en\/2-euro-commemorative-belgium\/2011-belgium-100th-anniversary-of-international-womens-rights-day\/"},"author":{"name":"Pierre D","@id":"https:\/\/www.2euros.org\/en\/#\/schema\/person\/12e34ec3242fa163c51adacbcd7b2ebd"},"headline":"2011 &#8211; Belgium &#8211; 100th anniversary of International Women&#8217;s Rights Day","datePublished":"2019-02-24T08:10:24+00:00","dateModified":"2025-01-31T13:50:55+00:00","mainEntityOfPage":{"@id":"https:\/\/www.2euros.org\/en\/2-euro-commemorative-belgium\/2011-belgium-100th-anniversary-of-international-womens-rights-day\/"},"wordCount":397,"commentCount":0,"publisher":{"@id":"https:\/\/www.2euros.org\/en\/#organization"},"image":{"@id":"https:\/\/www.2euros.org\/en\/2-euro-commemorative-belgium\/2011-belgium-100th-anniversary-of-international-womens-rights-day\/#primaryimage"},"thumbnailUrl":"https:\/\/www.2euros.org\/wp-content\/uploads\/2019\/02\/2011-belgiquegm-c34.jpg","keywords":["100","2","2011","anniversaire","belgique","comm\u00e9morative","Day","euros","international","rights","women"],"articleSection":["2011","Belgium"],"inLanguage":"en-US","potentialAction":[{"@type":"CommentAction","name":"Comment","target":["https:\/\/www.2euros.org\/en\/2-euro-commemorative-belgium\/2011-belgium-100th-anniversary-of-international-womens-rights-day\/#respond"]}]},{"@type":"WebPage","@id":"https:\/\/www.2euros.org\/en\/2-euro-commemorative-belgium\/2011-belgium-100th-anniversary-of-international-womens-rights-day\/","url":"https:\/\/www.2euros.org\/en\/2-euro-commemorative-belgium\/2011-belgium-100th-anniversary-of-international-womens-rights-day\/","name":"100 years of Women's Day - Belgium 2011 &#8226; 2Euros.org","isPartOf":{"@id":"https:\/\/www.2euros.org\/en\/#website"},"primaryImageOfPage":{"@id":"https:\/\/www.2euros.org\/en\/2-euro-commemorative-belgium\/2011-belgium-100th-anniversary-of-international-womens-rights-day\/#primaryimage"},"image":{"@id":"https:\/\/www.2euros.org\/en\/2-euro-commemorative-belgium\/2011-belgium-100th-anniversary-of-international-womens-rights-day\/#primaryimage"},"thumbnailUrl":"https:\/\/www.2euros.org\/wp-content\/uploads\/2019\/02\/2011-belgiquegm-c34.jpg","datePublished":"2019-02-24T08:10:24+00:00","dateModified":"2025-01-31T13:50:55+00:00","description":"The coin celebrates the 100th anniversary of International Women's Day and was issued by Belgium in 2011","breadcrumb":{"@id":"https:\/\/www.2euros.org\/en\/2-euro-commemorative-belgium\/2011-belgium-100th-anniversary-of-international-womens-rights-day\/#breadcrumb"},"inLanguage":"en-US","potentialAction":[{"@type":"ReadAction","target":["https:\/\/www.2euros.org\/en\/2-euro-commemorative-belgium\/2011-belgium-100th-anniversary-of-international-womens-rights-day\/"]}]},{"@type":"ImageObject","inLanguage":"en-US","@id":"https:\/\/www.2euros.org\/en\/2-euro-commemorative-belgium\/2011-belgium-100th-anniversary-of-international-womens-rights-day\/#primaryimage","url":"https:\/\/www.2euros.org\/wp-content\/uploads\/2019\/02\/2011-belgiquegm-c34.jpg","contentUrl":"https:\/\/www.2euros.org\/wp-content\/uploads\/2019\/02\/2011-belgiquegm-c34.jpg","width":400,"height":400},{"@type":"BreadcrumbList","@id":"https:\/\/www.2euros.org\/en\/2-euro-commemorative-belgium\/2011-belgium-100th-anniversary-of-international-womens-rights-day\/#breadcrumb","itemListElement":[{"@type":"ListItem","position":1,"name":"Home","item":"https:\/\/www.2euros.org\/en\/"},{"@type":"ListItem","position":2,"name":"Belgium","item":"https:\/\/www.2euros.org\/en\/category\/2-euro-commemorative-belgium\/"},{"@type":"ListItem","position":3,"name":"2011 &#8211; Belgium &#8211; 100th anniversary of International Women&#8217;s Rights Day"}]},{"@type":"WebSite","@id":"https:\/\/www.2euros.org\/en\/#website","url":"https:\/\/www.2euros.org\/en\/","name":"2Euros.org","description":"Site de r\u00e9f\u00e9rence des pi\u00e8ces comm\u00e9moratives de 2 euros","publisher":{"@id":"https:\/\/www.2euros.org\/en\/#organization"},"potentialAction":[{"@type":"SearchAction","target":{"@type":"EntryPoint","urlTemplate":"https:\/\/www.2euros.org\/en\/?s={search_term_string}"},"query-input":{"@type":"PropertyValueSpecification","valueRequired":true,"valueName":"search_term_string"}}],"inLanguage":"en-US"},{"@type":"Organization","@id":"https:\/\/www.2euros.org\/en\/#organization","name":"Ce site a pour but de r\u00e9f\u00e9rencer toutes les pi\u00e8ces de 2euros comm\u00e9moratives. Elles seront r\u00e9f\u00e9renc\u00e9es par ann\u00e9e et par pays. Pour chaque pi\u00e8ce, vous trouverez un descriptif d\u00e9taill\u00e9, son estimation, le d\u00e9tail de ses caract\u00e9ristiques, l'\u00e9mission, etc...","alternateName":"2Euros.org!","url":"https:\/\/www.2euros.org\/en\/","logo":{"@type":"ImageObject","inLanguage":"en-US","@id":"https:\/\/www.2euros.org\/en\/#\/schema\/logo\/image\/","url":"https:\/\/www.2euros.org\/wp-content\/uploads\/2023\/11\/cropped-logo2euros200px.png","contentUrl":"https:\/\/www.2euros.org\/wp-content\/uploads\/2023\/11\/cropped-logo2euros200px.png","width":200,"height":200,"caption":"Ce site a pour but de r\u00e9f\u00e9rencer toutes les pi\u00e8ces de 2euros comm\u00e9moratives. Elles seront r\u00e9f\u00e9renc\u00e9es par ann\u00e9e et par pays. Pour chaque pi\u00e8ce, vous trouverez un descriptif d\u00e9taill\u00e9, son estimation, le d\u00e9tail de ses caract\u00e9ristiques, l'\u00e9mission, etc..."},"image":{"@id":"https:\/\/www.2euros.org\/en\/#\/schema\/logo\/image\/"},"sameAs":["https:\/\/www.facebook.com\/groups\/133974904458606"]},{"@type":"Person","@id":"https:\/\/www.2euros.org\/en\/#\/schema\/person\/12e34ec3242fa163c51adacbcd7b2ebd","name":"Pierre D","image":{"@type":"ImageObject","inLanguage":"en-US","@id":"https:\/\/www.2euros.org\/wp-content\/uploads\/wp-user-manager-uploads\/2025\/12\/462084061_10231332749754304_5952221512921178099_n.jpg","url":"https:\/\/www.2euros.org\/wp-content\/uploads\/wp-user-manager-uploads\/2025\/12\/462084061_10231332749754304_5952221512921178099_n.jpg","contentUrl":"https:\/\/www.2euros.org\/wp-content\/uploads\/wp-user-manager-uploads\/2025\/12\/462084061_10231332749754304_5952221512921178099_n.jpg","caption":"Pierre D"},"description":"Webmaster de 2euros.org","sameAs":["https:\/\/www.2euros.org\/"]}]}},"_links":{"self":[{"href":"https:\/\/www.2euros.org\/en\/wp-json\/wp\/v2\/posts\/16837","targetHints":{"allow":["GET"]}}],"collection":[{"href":"https:\/\/www.2euros.org\/en\/wp-json\/wp\/v2\/posts"}],"about":[{"href":"https:\/\/www.2euros.org\/en\/wp-json\/wp\/v2\/types\/post"}],"author":[{"embeddable":true,"href":"https:\/\/www.2euros.org\/en\/wp-json\/wp\/v2\/users\/1"}],"replies":[{"embeddable":true,"href":"https:\/\/www.2euros.org\/en\/wp-json\/wp\/v2\/comments?post=16837"}],"version-history":[{"count":0,"href":"https:\/\/www.2euros.org\/en\/wp-json\/wp\/v2\/posts\/16837\/revisions"}],"wp:featuredmedia":[{"embeddable":true,"href":"https:\/\/www.2euros.org\/en\/wp-json\/wp\/v2\/media\/10444"}],"wp:attachment":[{"href":"https:\/\/www.2euros.org\/en\/wp-json\/wp\/v2\/media?parent=16837"}],"wp:term":[{"taxonomy":"category","embeddable":true,"href":"https:\/\/www.2euros.org\/en\/wp-json\/wp\/v2\/categories?post=16837"},{"taxonomy":"post_tag","embeddable":true,"href":"https:\/\/www.2euros.org\/en\/wp-json\/wp\/v2\/tags?post=16837"}],"curies":[{"name":"wp","href":"https:\/\/api.w.org\/{rel}","templated":true}]}}