{"id":16788,"date":"2019-03-05T07:51:54","date_gmt":"2019-03-05T06:51:54","guid":{"rendered":"https:\/\/www.2euros.org\/non-classifiee\/2020-portugal-the-75th-anniversary-of-the-united-nations\/"},"modified":"2025-01-31T13:58:48","modified_gmt":"2025-01-31T12:58:48","slug":"2020-portugal-the-75th-anniversary-of-the-united-nations","status":"publish","type":"post","link":"https:\/\/www.2euros.org\/en\/2-euro-commemorative-2020\/2020-portugal-the-75th-anniversary-of-the-united-nations\/","title":{"rendered":"2020 &#8211; Portugal &#8211; The 75th anniversary of the United Nations"},"content":{"rendered":"\n<h2 class=\"wp-block-heading has-text-align-left\">Introduction<\/h2>\n\n<p>In 2020, Portugal issued a two-euro commemorative coin. It celebrates the 75th anniversary of the founding of the United Nations (UN). Additionally, this coin highlights Portugal&#8217;s commitment to international cooperation and world peace.<\/p>\n\n<h2 class=\"wp-block-heading\">Coin description<\/h2>\n\n<p>The obverse of the coin features an artistic composition with several significant elements. At the top of the coin we can read the words &#8220;2020 PORTUGAL&#8221;. Just below, we find the inscription in English &#8220;UN 75 YEARS&#8221; and in Portuguese &#8220;ONU 75 ANOS&#8221;, marking the anniversary of the United Nations in both languages. Indeed, this linguistic duality reflects the universality of the UN.<\/p>\n\n<p>In the center of the room, a large stylized \u201c75\u201d attracts attention. This visual representation reinforces the importance of this milestone. Below the &#8220;75&#8221;, we find the official emblem of the United Nations, consisting of a world map surrounded by olive branches. This emblem symbolizes peace and international cooperation.<\/p>\n\n<p>Furthermore, the names \u201cCASA DA MOEDA\u201d and \u201cANDR\u00c9 LETRIA\u201d are written respectively to the left and right of the emblem. These names designate the monetary institution responsible for producing the coin and the artist who designed it. In addition, the outer border of the coin is decorated with the twelve stars of the European Union. This symbolizes unity and harmony among member states.<\/p>\n\n<h2 class=\"wp-block-heading\">Conclusion<\/h2>\n\n<p class=\"has-text-align-left\">The two-euro commemorative coin issued by Portugal in 2020 honors the 75th anniversary of the United Nations. Indeed, it captures the importance of this organization in promoting peace and global cooperation. As a result, it recalls Portugal&#8217;s commitment to the values \u200b\u200bof the UN. Therefore, this coin symbolizes Portugal&#8217;s crucial role in the international community and its dedication to a peaceful and collaborative future.<\/p>\n\n<figure class=\"wp-block-table is-style-stripes\"><table><tbody><tr><td><strong>Country of Issue:<\/strong><\/td><td><img loading=\"lazy\" decoding=\"async\" width=\"32\" height=\"21\" class=\"wp-image-1949\" style=\"width: 32px;\" src=\"https:\/\/www.2euros.org\/wp-content\/uploads\/2021\/11\/portugal-3f4.png\" alt=\"\" srcset=\"https:\/\/www.2euros.org\/wp-content\/uploads\/2021\/11\/portugal-3f4.png 32w, https:\/\/www.2euros.org\/wp-content\/uploads\/2021\/11\/portugal-3f4-24x16.png 24w\" sizes=\"auto, (max-width: 32px) 100vw, 32px\" \/><\/td><\/tr><tr><td><strong>Date of issue:<\/strong><\/td><td>October 7, 2020<\/td><\/tr><tr><td><strong>Total mintage:<\/strong><\/td><td>510.000<\/td><\/tr><tr><td>\u2013 Proof:<\/td><td>\u00a05.000<\/td><\/tr><tr><td>\u2013 BU:<\/td><td>\u00a05.000<\/td><\/tr><tr><td>\u2013 UNC:<\/td><td>\u00a0500.000<\/td><\/tr><tr><td><strong>Engraver:<\/strong><\/td><td>Andr\u00e9 Letria<\/td><\/tr><tr><td><strong>The edge:<\/strong><\/td><td><img loading=\"lazy\" decoding=\"async\" width=\"220\" height=\"10\" class=\"wp-image-19340\" style=\"width: 220px;\" src=\"https:\/\/www.2euros.org\/wp-content\/uploads\/2019\/02\/portugal1.jpg\" alt=\"\" srcset=\"https:\/\/www.2euros.org\/wp-content\/uploads\/2019\/02\/portugal1.jpg 250w, https:\/\/www.2euros.org\/wp-content\/uploads\/2019\/02\/portugal1-200x9.jpg 200w, https:\/\/www.2euros.org\/wp-content\/uploads\/2019\/02\/portugal1-150x7.jpg 150w\" sizes=\"auto, (max-width: 220px) 100vw, 220px\" \/><\/td><\/tr><tr><td><strong>Rarity:<\/strong><\/td><td><img decoding=\"async\" src=\"https:\/\/www.2euros.org\/images\/euro.png\"\/><img decoding=\"async\" src=\"https:\/\/www.2euros.org\/images\/euro.png\"\/><img decoding=\"async\" src=\"https:\/\/www.2euros.org\/images\/euro.png\"\/><img decoding=\"async\" src=\"https:\/\/www.2euros.org\/images\/euro.png\"\/><img decoding=\"async\" src=\"https:\/\/www.2euros.org\/images\/euro2.png\"\/><img decoding=\"async\" src=\"https:\/\/www.2euros.org\/images\/euro2.png\"\/><img decoding=\"async\" src=\"https:\/\/www.2euros.org\/images\/euro2.png\"\/><img decoding=\"async\" src=\"https:\/\/www.2euros.org\/images\/euro2.png\"\/><img decoding=\"async\" src=\"https:\/\/www.2euros.org\/images\/euro2.png\"\/><img decoding=\"async\" src=\"https:\/\/www.2euros.org\/images\/euro2.png\"\/><\/td><\/tr><tr><td><strong>Official Journal:<\/strong><\/td><td><a href=\"https:\/\/eur-lex.europa.eu\/legal-content\/FR\/TXT\/?uri=CELEX%3AC2020%2F163%2F06&amp;qid=1631712928803\" target=\"_blank\" rel=\"noopener noreferrer\">2020\/C 163\/06<\/a><\/td><\/tr><tr><td><strong>My collection:<\/strong><\/td><td>[cbxwpbookmarkbtn]<\/td><\/tr><\/tbody><\/table><\/figure>\n\n<p>Do you want to know the technical specifications of this coin? Feel free to visit the page dedicated to the <a href=\"https:\/\/www.2euros.org\/numismatique\/caracteristique-d-une-piece-de-2-euros\/\" target=\"_blank\" rel=\"noreferrer noopener\">specifications of a 2-euro coin<\/a>.<\/p>\n","protected":false},"excerpt":{"rendered":"<div class=\"mh-excerpt\"><p>Introduction In 2020, Portugal issued a two-euro commemorative coin. It celebrates the 75th anniversary of the founding of the United Nations (UN). Additionally, this coin highlights Portugal&#8217;s commitment to international cooperation and world peace. Coin <a class=\"mh-excerpt-more\" href=\"https:\/\/www.2euros.org\/en\/2-euro-commemorative-2020\/2020-portugal-the-75th-anniversary-of-the-united-nations\/\" title=\"2020 &#8211; Portugal &#8211; The 75th anniversary of the United Nations\">[&#8230;]<\/a><\/p>\n                <div class=\"ccm-buttons ccm-buttons-small\"\n                     data-post-id=\"16788\"\n                     data-state='{&quot;be&quot;:0,&quot;bu&quot;:0,&quot;unc&quot;:0,&quot;circulation&quot;:0}'\n                     data-not-logged=\"true\">\n                    <span class=\"ccm-label\">My collection<\/span>\n                    <button class=\"coin-btn\" data-type=\"be\">Proof<\/button>\n                    <button class=\"coin-btn\" data-type=\"bu\">BU<\/button>\n                    <button class=\"coin-btn\" data-type=\"unc\">UNC<\/button>\n                    <button class=\"coin-btn\" data-type=\"circulation\">Circulated<\/button>\n                    <span class=\"ccm-separator\"> - <\/span>\n                    <button class=\"no-coin-btn\" data-type=\"none\">I don&#039;t have this coin<\/button>\n                <\/div>\n                <p class=\"ccm-login-message\">Veuillez vous inscrire pour pouvoir g\u00e9rer votre collection<\/p><\/div>","protected":false},"author":1,"featured_media":13888,"comment_status":"open","ping_status":"open","sticky":false,"template":"","format":"standard","meta":{"footnotes":""},"categories":[1173,1202],"tags":[],"class_list":["post-16788","post","type-post","status-publish","format-standard","has-post-thumbnail","hentry","category-2-euro-commemorative-2020","category-2-euro-commemorative-portugal"],"yoast_head":"<!-- This site is optimized with the Yoast SEO plugin v27.4 - https:\/\/yoast.com\/product\/yoast-seo-wordpress\/ -->\n<title>The 75th anniversary of the United Nations - Portugal 2020 &#8226; 2Euros.org<\/title>\n<meta name=\"description\" content=\"The commemorative coin celebrates the 75th anniversary of the United Nations and was issued by Portugal in 2020.\" \/>\n<meta name=\"robots\" content=\"index, follow, max-snippet:-1, max-image-preview:large, max-video-preview:-1\" \/>\n<link rel=\"canonical\" href=\"https:\/\/www.2euros.org\/en\/2-euro-commemorative-2020\/2020-portugal-the-75th-anniversary-of-the-united-nations\/\" \/>\n<meta property=\"og:locale\" content=\"en_US\" \/>\n<meta property=\"og:type\" content=\"article\" \/>\n<meta property=\"og:title\" content=\"The 75th anniversary of the United Nations - Portugal 2020 &#8226; 2Euros.org\" \/>\n<meta property=\"og:description\" content=\"The commemorative coin celebrates the 75th anniversary of the United Nations and was issued by Portugal in 2020.\" \/>\n<meta property=\"og:url\" content=\"https:\/\/www.2euros.org\/en\/2-euro-commemorative-2020\/2020-portugal-the-75th-anniversary-of-the-united-nations\/\" \/>\n<meta property=\"og:site_name\" content=\"2Euros.org\" \/>\n<meta property=\"article:publisher\" content=\"https:\/\/www.facebook.com\/groups\/133974904458606\" \/>\n<meta property=\"article:published_time\" content=\"2019-03-05T06:51:54+00:00\" \/>\n<meta property=\"article:modified_time\" content=\"2025-01-31T12:58:48+00:00\" \/>\n<meta property=\"og:image\" content=\"https:\/\/www.2euros.org\/wp-content\/uploads\/2019\/03\/2020-portugal1gm-8cf.jpg\" \/>\n\t<meta property=\"og:image:width\" content=\"400\" \/>\n\t<meta property=\"og:image:height\" content=\"400\" \/>\n\t<meta property=\"og:image:type\" content=\"image\/jpeg\" \/>\n<meta name=\"author\" content=\"Pierre D\" \/>\n<meta name=\"twitter:card\" content=\"summary_large_image\" \/>\n<meta name=\"twitter:label1\" content=\"Written by\" \/>\n\t<meta name=\"twitter:data1\" content=\"Pierre D\" \/>\n\t<meta name=\"twitter:label2\" content=\"Est. reading time\" \/>\n\t<meta name=\"twitter:data2\" content=\"2 minutes\" \/>\n<script type=\"application\/ld+json\" class=\"yoast-schema-graph\">{\"@context\":\"https:\\\/\\\/schema.org\",\"@graph\":[{\"@type\":\"Article\",\"@id\":\"https:\\\/\\\/www.2euros.org\\\/en\\\/2-euro-commemorative-2020\\\/2020-portugal-the-75th-anniversary-of-the-united-nations\\\/#article\",\"isPartOf\":{\"@id\":\"https:\\\/\\\/www.2euros.org\\\/en\\\/2-euro-commemorative-2020\\\/2020-portugal-the-75th-anniversary-of-the-united-nations\\\/\"},\"author\":{\"name\":\"Pierre D\",\"@id\":\"https:\\\/\\\/www.2euros.org\\\/en\\\/#\\\/schema\\\/person\\\/12e34ec3242fa163c51adacbcd7b2ebd\"},\"headline\":\"2020 &#8211; Portugal &#8211; The 75th anniversary of the United Nations\",\"datePublished\":\"2019-03-05T06:51:54+00:00\",\"dateModified\":\"2025-01-31T12:58:48+00:00\",\"mainEntityOfPage\":{\"@id\":\"https:\\\/\\\/www.2euros.org\\\/en\\\/2-euro-commemorative-2020\\\/2020-portugal-the-75th-anniversary-of-the-united-nations\\\/\"},\"wordCount\":331,\"commentCount\":0,\"publisher\":{\"@id\":\"https:\\\/\\\/www.2euros.org\\\/en\\\/#organization\"},\"image\":{\"@id\":\"https:\\\/\\\/www.2euros.org\\\/en\\\/2-euro-commemorative-2020\\\/2020-portugal-the-75th-anniversary-of-the-united-nations\\\/#primaryimage\"},\"thumbnailUrl\":\"https:\\\/\\\/www.2euros.org\\\/wp-content\\\/uploads\\\/2019\\\/03\\\/2020-portugal1gm-8cf.jpg\",\"articleSection\":[\"2020\",\"Portugal\"],\"inLanguage\":\"en-US\",\"potentialAction\":[{\"@type\":\"CommentAction\",\"name\":\"Comment\",\"target\":[\"https:\\\/\\\/www.2euros.org\\\/en\\\/2-euro-commemorative-2020\\\/2020-portugal-the-75th-anniversary-of-the-united-nations\\\/#respond\"]}]},{\"@type\":\"WebPage\",\"@id\":\"https:\\\/\\\/www.2euros.org\\\/en\\\/2-euro-commemorative-2020\\\/2020-portugal-the-75th-anniversary-of-the-united-nations\\\/\",\"url\":\"https:\\\/\\\/www.2euros.org\\\/en\\\/2-euro-commemorative-2020\\\/2020-portugal-the-75th-anniversary-of-the-united-nations\\\/\",\"name\":\"The 75th anniversary of the United Nations - Portugal 2020 &#8226; 2Euros.org\",\"isPartOf\":{\"@id\":\"https:\\\/\\\/www.2euros.org\\\/en\\\/#website\"},\"primaryImageOfPage\":{\"@id\":\"https:\\\/\\\/www.2euros.org\\\/en\\\/2-euro-commemorative-2020\\\/2020-portugal-the-75th-anniversary-of-the-united-nations\\\/#primaryimage\"},\"image\":{\"@id\":\"https:\\\/\\\/www.2euros.org\\\/en\\\/2-euro-commemorative-2020\\\/2020-portugal-the-75th-anniversary-of-the-united-nations\\\/#primaryimage\"},\"thumbnailUrl\":\"https:\\\/\\\/www.2euros.org\\\/wp-content\\\/uploads\\\/2019\\\/03\\\/2020-portugal1gm-8cf.jpg\",\"datePublished\":\"2019-03-05T06:51:54+00:00\",\"dateModified\":\"2025-01-31T12:58:48+00:00\",\"description\":\"The commemorative coin celebrates the 75th anniversary of the United Nations and was issued by Portugal in 2020.\",\"breadcrumb\":{\"@id\":\"https:\\\/\\\/www.2euros.org\\\/en\\\/2-euro-commemorative-2020\\\/2020-portugal-the-75th-anniversary-of-the-united-nations\\\/#breadcrumb\"},\"inLanguage\":\"en-US\",\"potentialAction\":[{\"@type\":\"ReadAction\",\"target\":[\"https:\\\/\\\/www.2euros.org\\\/en\\\/2-euro-commemorative-2020\\\/2020-portugal-the-75th-anniversary-of-the-united-nations\\\/\"]}]},{\"@type\":\"ImageObject\",\"inLanguage\":\"en-US\",\"@id\":\"https:\\\/\\\/www.2euros.org\\\/en\\\/2-euro-commemorative-2020\\\/2020-portugal-the-75th-anniversary-of-the-united-nations\\\/#primaryimage\",\"url\":\"https:\\\/\\\/www.2euros.org\\\/wp-content\\\/uploads\\\/2019\\\/03\\\/2020-portugal1gm-8cf.jpg\",\"contentUrl\":\"https:\\\/\\\/www.2euros.org\\\/wp-content\\\/uploads\\\/2019\\\/03\\\/2020-portugal1gm-8cf.jpg\",\"width\":400,\"height\":400},{\"@type\":\"BreadcrumbList\",\"@id\":\"https:\\\/\\\/www.2euros.org\\\/en\\\/2-euro-commemorative-2020\\\/2020-portugal-the-75th-anniversary-of-the-united-nations\\\/#breadcrumb\",\"itemListElement\":[{\"@type\":\"ListItem\",\"position\":1,\"name\":\"Home\",\"item\":\"https:\\\/\\\/www.2euros.org\\\/en\\\/\"},{\"@type\":\"ListItem\",\"position\":2,\"name\":\"2020\",\"item\":\"https:\\\/\\\/www.2euros.org\\\/en\\\/category\\\/2-euro-commemorative-2020\\\/\"},{\"@type\":\"ListItem\",\"position\":3,\"name\":\"2020 &#8211; Portugal &#8211; The 75th anniversary of the United Nations\"}]},{\"@type\":\"WebSite\",\"@id\":\"https:\\\/\\\/www.2euros.org\\\/en\\\/#website\",\"url\":\"https:\\\/\\\/www.2euros.org\\\/en\\\/\",\"name\":\"2Euros.org\",\"description\":\"Site de r\u00e9f\u00e9rence des pi\u00e8ces comm\u00e9moratives de 2 euros\",\"publisher\":{\"@id\":\"https:\\\/\\\/www.2euros.org\\\/en\\\/#organization\"},\"potentialAction\":[{\"@type\":\"SearchAction\",\"target\":{\"@type\":\"EntryPoint\",\"urlTemplate\":\"https:\\\/\\\/www.2euros.org\\\/en\\\/?s={search_term_string}\"},\"query-input\":{\"@type\":\"PropertyValueSpecification\",\"valueRequired\":true,\"valueName\":\"search_term_string\"}}],\"inLanguage\":\"en-US\"},{\"@type\":\"Organization\",\"@id\":\"https:\\\/\\\/www.2euros.org\\\/en\\\/#organization\",\"name\":\"Ce site a pour but de r\u00e9f\u00e9rencer toutes les pi\u00e8ces de 2euros comm\u00e9moratives. Elles seront r\u00e9f\u00e9renc\u00e9es par ann\u00e9e et par pays. Pour chaque pi\u00e8ce, vous trouverez un descriptif d\u00e9taill\u00e9, son estimation, le d\u00e9tail de ses caract\u00e9ristiques, l'\u00e9mission, etc...\",\"alternateName\":\"2Euros.org!\",\"url\":\"https:\\\/\\\/www.2euros.org\\\/en\\\/\",\"logo\":{\"@type\":\"ImageObject\",\"inLanguage\":\"en-US\",\"@id\":\"https:\\\/\\\/www.2euros.org\\\/en\\\/#\\\/schema\\\/logo\\\/image\\\/\",\"url\":\"https:\\\/\\\/www.2euros.org\\\/wp-content\\\/uploads\\\/2023\\\/11\\\/cropped-logo2euros200px.png\",\"contentUrl\":\"https:\\\/\\\/www.2euros.org\\\/wp-content\\\/uploads\\\/2023\\\/11\\\/cropped-logo2euros200px.png\",\"width\":200,\"height\":200,\"caption\":\"Ce site a pour but de r\u00e9f\u00e9rencer toutes les pi\u00e8ces de 2euros comm\u00e9moratives. Elles seront r\u00e9f\u00e9renc\u00e9es par ann\u00e9e et par pays. Pour chaque pi\u00e8ce, vous trouverez un descriptif d\u00e9taill\u00e9, son estimation, le d\u00e9tail de ses caract\u00e9ristiques, l'\u00e9mission, etc...\"},\"image\":{\"@id\":\"https:\\\/\\\/www.2euros.org\\\/en\\\/#\\\/schema\\\/logo\\\/image\\\/\"},\"sameAs\":[\"https:\\\/\\\/www.facebook.com\\\/groups\\\/133974904458606\"]},{\"@type\":\"Person\",\"@id\":\"https:\\\/\\\/www.2euros.org\\\/en\\\/#\\\/schema\\\/person\\\/12e34ec3242fa163c51adacbcd7b2ebd\",\"name\":\"Pierre D\",\"image\":{\"@type\":\"ImageObject\",\"inLanguage\":\"en-US\",\"@id\":\"https:\\\/\\\/www.2euros.org\\\/wp-content\\\/uploads\\\/wp-user-manager-uploads\\\/2025\\\/12\\\/462084061_10231332749754304_5952221512921178099_n.jpg\",\"url\":\"https:\\\/\\\/www.2euros.org\\\/wp-content\\\/uploads\\\/wp-user-manager-uploads\\\/2025\\\/12\\\/462084061_10231332749754304_5952221512921178099_n.jpg\",\"contentUrl\":\"https:\\\/\\\/www.2euros.org\\\/wp-content\\\/uploads\\\/wp-user-manager-uploads\\\/2025\\\/12\\\/462084061_10231332749754304_5952221512921178099_n.jpg\",\"caption\":\"Pierre D\"},\"description\":\"Webmaster de 2euros.org\",\"sameAs\":[\"https:\\\/\\\/www.2euros.org\\\/\"]}]}<\/script>\n<!-- \/ Yoast SEO plugin. -->","yoast_head_json":{"title":"The 75th anniversary of the United Nations - Portugal 2020 &#8226; 2Euros.org","description":"The commemorative coin celebrates the 75th anniversary of the United Nations and was issued by Portugal in 2020.","robots":{"index":"index","follow":"follow","max-snippet":"max-snippet:-1","max-image-preview":"max-image-preview:large","max-video-preview":"max-video-preview:-1"},"canonical":"https:\/\/www.2euros.org\/en\/2-euro-commemorative-2020\/2020-portugal-the-75th-anniversary-of-the-united-nations\/","og_locale":"en_US","og_type":"article","og_title":"The 75th anniversary of the United Nations - Portugal 2020 &#8226; 2Euros.org","og_description":"The commemorative coin celebrates the 75th anniversary of the United Nations and was issued by Portugal in 2020.","og_url":"https:\/\/www.2euros.org\/en\/2-euro-commemorative-2020\/2020-portugal-the-75th-anniversary-of-the-united-nations\/","og_site_name":"2Euros.org","article_publisher":"https:\/\/www.facebook.com\/groups\/133974904458606","article_published_time":"2019-03-05T06:51:54+00:00","article_modified_time":"2025-01-31T12:58:48+00:00","og_image":[{"width":400,"height":400,"url":"https:\/\/www.2euros.org\/wp-content\/uploads\/2019\/03\/2020-portugal1gm-8cf.jpg","type":"image\/jpeg"}],"author":"Pierre D","twitter_card":"summary_large_image","twitter_misc":{"Written by":"Pierre D","Est. reading time":"2 minutes"},"schema":{"@context":"https:\/\/schema.org","@graph":[{"@type":"Article","@id":"https:\/\/www.2euros.org\/en\/2-euro-commemorative-2020\/2020-portugal-the-75th-anniversary-of-the-united-nations\/#article","isPartOf":{"@id":"https:\/\/www.2euros.org\/en\/2-euro-commemorative-2020\/2020-portugal-the-75th-anniversary-of-the-united-nations\/"},"author":{"name":"Pierre D","@id":"https:\/\/www.2euros.org\/en\/#\/schema\/person\/12e34ec3242fa163c51adacbcd7b2ebd"},"headline":"2020 &#8211; Portugal &#8211; The 75th anniversary of the United Nations","datePublished":"2019-03-05T06:51:54+00:00","dateModified":"2025-01-31T12:58:48+00:00","mainEntityOfPage":{"@id":"https:\/\/www.2euros.org\/en\/2-euro-commemorative-2020\/2020-portugal-the-75th-anniversary-of-the-united-nations\/"},"wordCount":331,"commentCount":0,"publisher":{"@id":"https:\/\/www.2euros.org\/en\/#organization"},"image":{"@id":"https:\/\/www.2euros.org\/en\/2-euro-commemorative-2020\/2020-portugal-the-75th-anniversary-of-the-united-nations\/#primaryimage"},"thumbnailUrl":"https:\/\/www.2euros.org\/wp-content\/uploads\/2019\/03\/2020-portugal1gm-8cf.jpg","articleSection":["2020","Portugal"],"inLanguage":"en-US","potentialAction":[{"@type":"CommentAction","name":"Comment","target":["https:\/\/www.2euros.org\/en\/2-euro-commemorative-2020\/2020-portugal-the-75th-anniversary-of-the-united-nations\/#respond"]}]},{"@type":"WebPage","@id":"https:\/\/www.2euros.org\/en\/2-euro-commemorative-2020\/2020-portugal-the-75th-anniversary-of-the-united-nations\/","url":"https:\/\/www.2euros.org\/en\/2-euro-commemorative-2020\/2020-portugal-the-75th-anniversary-of-the-united-nations\/","name":"The 75th anniversary of the United Nations - Portugal 2020 &#8226; 2Euros.org","isPartOf":{"@id":"https:\/\/www.2euros.org\/en\/#website"},"primaryImageOfPage":{"@id":"https:\/\/www.2euros.org\/en\/2-euro-commemorative-2020\/2020-portugal-the-75th-anniversary-of-the-united-nations\/#primaryimage"},"image":{"@id":"https:\/\/www.2euros.org\/en\/2-euro-commemorative-2020\/2020-portugal-the-75th-anniversary-of-the-united-nations\/#primaryimage"},"thumbnailUrl":"https:\/\/www.2euros.org\/wp-content\/uploads\/2019\/03\/2020-portugal1gm-8cf.jpg","datePublished":"2019-03-05T06:51:54+00:00","dateModified":"2025-01-31T12:58:48+00:00","description":"The commemorative coin celebrates the 75th anniversary of the United Nations and was issued by Portugal in 2020.","breadcrumb":{"@id":"https:\/\/www.2euros.org\/en\/2-euro-commemorative-2020\/2020-portugal-the-75th-anniversary-of-the-united-nations\/#breadcrumb"},"inLanguage":"en-US","potentialAction":[{"@type":"ReadAction","target":["https:\/\/www.2euros.org\/en\/2-euro-commemorative-2020\/2020-portugal-the-75th-anniversary-of-the-united-nations\/"]}]},{"@type":"ImageObject","inLanguage":"en-US","@id":"https:\/\/www.2euros.org\/en\/2-euro-commemorative-2020\/2020-portugal-the-75th-anniversary-of-the-united-nations\/#primaryimage","url":"https:\/\/www.2euros.org\/wp-content\/uploads\/2019\/03\/2020-portugal1gm-8cf.jpg","contentUrl":"https:\/\/www.2euros.org\/wp-content\/uploads\/2019\/03\/2020-portugal1gm-8cf.jpg","width":400,"height":400},{"@type":"BreadcrumbList","@id":"https:\/\/www.2euros.org\/en\/2-euro-commemorative-2020\/2020-portugal-the-75th-anniversary-of-the-united-nations\/#breadcrumb","itemListElement":[{"@type":"ListItem","position":1,"name":"Home","item":"https:\/\/www.2euros.org\/en\/"},{"@type":"ListItem","position":2,"name":"2020","item":"https:\/\/www.2euros.org\/en\/category\/2-euro-commemorative-2020\/"},{"@type":"ListItem","position":3,"name":"2020 &#8211; Portugal &#8211; The 75th anniversary of the United Nations"}]},{"@type":"WebSite","@id":"https:\/\/www.2euros.org\/en\/#website","url":"https:\/\/www.2euros.org\/en\/","name":"2Euros.org","description":"Site de r\u00e9f\u00e9rence des pi\u00e8ces comm\u00e9moratives de 2 euros","publisher":{"@id":"https:\/\/www.2euros.org\/en\/#organization"},"potentialAction":[{"@type":"SearchAction","target":{"@type":"EntryPoint","urlTemplate":"https:\/\/www.2euros.org\/en\/?s={search_term_string}"},"query-input":{"@type":"PropertyValueSpecification","valueRequired":true,"valueName":"search_term_string"}}],"inLanguage":"en-US"},{"@type":"Organization","@id":"https:\/\/www.2euros.org\/en\/#organization","name":"Ce site a pour but de r\u00e9f\u00e9rencer toutes les pi\u00e8ces de 2euros comm\u00e9moratives. Elles seront r\u00e9f\u00e9renc\u00e9es par ann\u00e9e et par pays. Pour chaque pi\u00e8ce, vous trouverez un descriptif d\u00e9taill\u00e9, son estimation, le d\u00e9tail de ses caract\u00e9ristiques, l'\u00e9mission, etc...","alternateName":"2Euros.org!","url":"https:\/\/www.2euros.org\/en\/","logo":{"@type":"ImageObject","inLanguage":"en-US","@id":"https:\/\/www.2euros.org\/en\/#\/schema\/logo\/image\/","url":"https:\/\/www.2euros.org\/wp-content\/uploads\/2023\/11\/cropped-logo2euros200px.png","contentUrl":"https:\/\/www.2euros.org\/wp-content\/uploads\/2023\/11\/cropped-logo2euros200px.png","width":200,"height":200,"caption":"Ce site a pour but de r\u00e9f\u00e9rencer toutes les pi\u00e8ces de 2euros comm\u00e9moratives. Elles seront r\u00e9f\u00e9renc\u00e9es par ann\u00e9e et par pays. Pour chaque pi\u00e8ce, vous trouverez un descriptif d\u00e9taill\u00e9, son estimation, le d\u00e9tail de ses caract\u00e9ristiques, l'\u00e9mission, etc..."},"image":{"@id":"https:\/\/www.2euros.org\/en\/#\/schema\/logo\/image\/"},"sameAs":["https:\/\/www.facebook.com\/groups\/133974904458606"]},{"@type":"Person","@id":"https:\/\/www.2euros.org\/en\/#\/schema\/person\/12e34ec3242fa163c51adacbcd7b2ebd","name":"Pierre D","image":{"@type":"ImageObject","inLanguage":"en-US","@id":"https:\/\/www.2euros.org\/wp-content\/uploads\/wp-user-manager-uploads\/2025\/12\/462084061_10231332749754304_5952221512921178099_n.jpg","url":"https:\/\/www.2euros.org\/wp-content\/uploads\/wp-user-manager-uploads\/2025\/12\/462084061_10231332749754304_5952221512921178099_n.jpg","contentUrl":"https:\/\/www.2euros.org\/wp-content\/uploads\/wp-user-manager-uploads\/2025\/12\/462084061_10231332749754304_5952221512921178099_n.jpg","caption":"Pierre D"},"description":"Webmaster de 2euros.org","sameAs":["https:\/\/www.2euros.org\/"]}]}},"_links":{"self":[{"href":"https:\/\/www.2euros.org\/en\/wp-json\/wp\/v2\/posts\/16788","targetHints":{"allow":["GET"]}}],"collection":[{"href":"https:\/\/www.2euros.org\/en\/wp-json\/wp\/v2\/posts"}],"about":[{"href":"https:\/\/www.2euros.org\/en\/wp-json\/wp\/v2\/types\/post"}],"author":[{"embeddable":true,"href":"https:\/\/www.2euros.org\/en\/wp-json\/wp\/v2\/users\/1"}],"replies":[{"embeddable":true,"href":"https:\/\/www.2euros.org\/en\/wp-json\/wp\/v2\/comments?post=16788"}],"version-history":[{"count":0,"href":"https:\/\/www.2euros.org\/en\/wp-json\/wp\/v2\/posts\/16788\/revisions"}],"wp:featuredmedia":[{"embeddable":true,"href":"https:\/\/www.2euros.org\/en\/wp-json\/wp\/v2\/media\/13888"}],"wp:attachment":[{"href":"https:\/\/www.2euros.org\/en\/wp-json\/wp\/v2\/media?parent=16788"}],"wp:term":[{"taxonomy":"category","embeddable":true,"href":"https:\/\/www.2euros.org\/en\/wp-json\/wp\/v2\/categories?post=16788"},{"taxonomy":"post_tag","embeddable":true,"href":"https:\/\/www.2euros.org\/en\/wp-json\/wp\/v2\/tags?post=16788"}],"curies":[{"name":"wp","href":"https:\/\/api.w.org\/{rel}","templated":true}]}}