{"id":16719,"date":"2019-09-19T14:35:06","date_gmt":"2019-09-19T12:35:06","guid":{"rendered":"https:\/\/www.2euros.org\/non-classifiee\/2021-slovenia-200-years-of-the-kranj-regional-museum\/"},"modified":"2025-01-31T13:43:17","modified_gmt":"2025-01-31T12:43:17","slug":"2021-slovenia-200-years-of-the-kranj-regional-museum","status":"publish","type":"post","link":"https:\/\/www.2euros.org\/en\/2-euro-commemorative-2021\/2021-slovenia-200-years-of-the-kranj-regional-museum\/","title":{"rendered":"2021 &#8211; Slovenia &#8211; 200 years of the Kranj Regional Museum"},"content":{"rendered":"\n<h2 class=\"wp-block-heading\">Introduction<\/h2>\n\n<p>Slovenia&#8217;s euro coin, issued in 2021, celebrates the 200th anniversary of the Kranj Museum. This museum, founded in 1821, has great cultural importance. Slovenia thus recognizes the crucial role of the museum in the preservation of national heritage.<\/p>\n\n<h2 class=\"wp-block-heading\">Coin description<\/h2>\n\n<p>The obverse of the coin features a circular and elegant design. In the center we see &#8220;SLOVENIJA 2021&#8221;, indicating the issuing country and the year of issue. Around it, inscriptions in Slovenian and German celebrate the Kranj Museum. For example, &#8220;KRANJSKI DE\u017dELNI MUZEJ&#8221; and &#8220;KRANISCHES LANDESMUSEUM&#8221; recall the historical importance of the museum.<\/p>\n\n<p>In addition, the year &#8220;1821&#8221; appears on the coin, recalling the founding of the museum. The arches above the central inscriptions add an aesthetic dimension. Furthermore, they symbolize the layers of history and cultural heritage that the museum preserves. The border of the coin, decorated with twelve stars, represents the twelve stars of the European flag. This underlines Slovenia&#8217;s membership in the European Union. Indeed, the meticulous details and inscriptions on the obverse celebrate the museum&#8217;s rich cultural heritage.<\/p>\n\n<h2 class=\"wp-block-heading\">Conclusion<\/h2>\n\n<p class=\"has-text-align-left\">In conclusion, the 2021 Slovenian Euro coin pays a significant tribute to the Kranj Museum. In addition, it highlights the importance of this institution in the preservation of Slovenian heritage. The detailed design of the obverse, with its stylized arches and bilingual inscriptions, reflects the importance of the museum. In summary, this commemorative coin demonstrates Slovenia&#8217;s appreciation for its cultural heritage. It also strengthens the national and cultural identity of the country within the European Union.<\/p>\n\n<figure class=\"wp-block-table is-style-stripes\"><table><tbody><tr><td><strong>Country of Issue:<\/strong><\/td><td><img loading=\"lazy\" decoding=\"async\" width=\"32\" height=\"21\" class=\"wp-image-18463\" style=\"width: 32px;\" src=\"https:\/\/www.2euros.org\/wp-content\/uploads\/2019\/02\/slovenie.png\" alt=\"\" srcset=\"https:\/\/www.2euros.org\/wp-content\/uploads\/2019\/02\/slovenie.png 32w, https:\/\/www.2euros.org\/wp-content\/uploads\/2019\/02\/slovenie-24x16.png 24w\" sizes=\"auto, (max-width: 32px) 100vw, 32px\" \/><\/td><\/tr><tr><td><strong>Date of issue:<\/strong><\/td><td>October 25, 2021<\/td><\/tr><tr><td><strong>Total mintage:<\/strong><\/td><td>1.000.000<\/td><\/tr><tr><td>\u2013 Proof:<\/td><td>\u00a02.500<\/td><\/tr><tr><td>\u2013 BU:<\/td><td>\u00a06.000<\/td><\/tr><tr><td>\u2013 UNC:<\/td><td>\u00a0991.500<\/td><\/tr><tr><td><strong>Engraver:<\/strong><\/td><td>Lana Seme\u010dnik<\/td><\/tr><tr><td><strong>The edge:<\/strong><\/td><td><img loading=\"lazy\" decoding=\"async\" width=\"200\" height=\"10\" class=\"wp-image-19496\" style=\"width: 200px;\" src=\"https:\/\/www.2euros.org\/wp-content\/uploads\/2019\/02\/slovenie1.jpg\" alt=\"\" srcset=\"https:\/\/www.2euros.org\/wp-content\/uploads\/2019\/02\/slovenie1.jpg 250w, https:\/\/www.2euros.org\/wp-content\/uploads\/2019\/02\/slovenie1-200x10.jpg 200w, https:\/\/www.2euros.org\/wp-content\/uploads\/2019\/02\/slovenie1-150x7.jpg 150w\" sizes=\"auto, (max-width: 200px) 100vw, 200px\" \/><\/td><\/tr><tr><td><strong>Rarity:<\/strong><\/td><td><img decoding=\"async\" src=\"https:\/\/www.2euros.org\/images\/euro.png\"\/><img decoding=\"async\" src=\"https:\/\/www.2euros.org\/images\/euro.png\"\/><img decoding=\"async\" src=\"https:\/\/www.2euros.org\/images\/euro.png\"\/><img decoding=\"async\" src=\"https:\/\/www.2euros.org\/images\/euro2.png\"\/><img decoding=\"async\" src=\"https:\/\/www.2euros.org\/images\/euro2.png\"\/><img decoding=\"async\" src=\"https:\/\/www.2euros.org\/images\/euro2.png\"\/><img decoding=\"async\" src=\"https:\/\/www.2euros.org\/images\/euro2.png\"\/><img decoding=\"async\" src=\"https:\/\/www.2euros.org\/images\/euro2.png\"\/><img decoding=\"async\" src=\"https:\/\/www.2euros.org\/images\/euro2.png\"\/><img decoding=\"async\" src=\"https:\/\/www.2euros.org\/images\/euro2.png\"\/><\/td><\/tr><tr><td><strong>Official Journal:<\/strong><\/td><td><a href=\"https:\/\/eur-lex.europa.eu\/legal-content\/FR\/TXT\/?uri=CELEX%3AC2021%2F476%2F04&amp;qid=1720351492773\" target=\"_blank\" rel=\"noreferrer noopener\">2021\/C 476\/04\u00a0<\/a><\/td><\/tr><tr><td><strong>My collection:<\/strong><\/td><td>[cbxwpbookmarkbtn]<\/td><\/tr><\/tbody><\/table><\/figure>\n\n<p>Do you want to know the technical specifications of this coin? Feel free to visit the page dedicated to the <a href=\"https:\/\/www.2euros.org\/numismatique\/caracteristique-d-une-piece-de-2-euros\/\" target=\"_blank\" rel=\"noreferrer noopener\">specifications of a 2-euro coin<\/a>.<\/p>\n","protected":false},"excerpt":{"rendered":"<div class=\"mh-excerpt\"><p>Introduction Slovenia&#8217;s euro coin, issued in 2021, celebrates the 200th anniversary of the Kranj Museum. This museum, founded in 1821, has great cultural importance. Slovenia thus recognizes the crucial role of the museum in the <a class=\"mh-excerpt-more\" href=\"https:\/\/www.2euros.org\/en\/2-euro-commemorative-2021\/2021-slovenia-200-years-of-the-kranj-regional-museum\/\" title=\"2021 &#8211; Slovenia &#8211; 200 years of the Kranj Regional Museum\">[&#8230;]<\/a><\/p>\n                <div class=\"ccm-buttons ccm-buttons-small\"\n                     data-post-id=\"16719\"\n                     data-state='{&quot;be&quot;:0,&quot;bu&quot;:0,&quot;unc&quot;:0,&quot;circulation&quot;:0}'\n                     data-not-logged=\"true\">\n                    <span class=\"ccm-label\">My collection<\/span>\n                    <button class=\"coin-btn\" data-type=\"be\">Proof<\/button>\n                    <button class=\"coin-btn\" data-type=\"bu\">BU<\/button>\n                    <button class=\"coin-btn\" data-type=\"unc\">UNC<\/button>\n                    <button class=\"coin-btn\" data-type=\"circulation\">Circulated<\/button>\n                    <span class=\"ccm-separator\"> - <\/span>\n                    <button class=\"no-coin-btn\" data-type=\"none\">I don&#039;t have this coin<\/button>\n                <\/div>\n                <p class=\"ccm-login-message\">Veuillez vous inscrire pour pouvoir g\u00e9rer votre collection<\/p><\/div>","protected":false},"author":1,"featured_media":14328,"comment_status":"open","ping_status":"open","sticky":false,"template":"","format":"standard","meta":{"footnotes":""},"categories":[1174,1205],"tags":[1207,1424,1641,1210,1212,1702,1700,1701,1228,1628],"class_list":["post-16719","post","type-post","status-publish","format-standard","has-post-thumbnail","hentry","category-2-euro-commemorative-2021","category-2-euro-commemorative-slovenia","tag-2-en","tag-200-en","tag-2021-en","tag-commemorative-en","tag-euros-en","tag-kranj-en","tag-museum","tag-regional-en","tag-slovenie-en","tag-years"],"yoast_head":"<!-- This site is optimized with the Yoast SEO plugin v27.5 - https:\/\/yoast.com\/product\/yoast-seo-wordpress\/ -->\n<title>200 years of the Kranj Regional Museum - Slovenia 2021 &#8226; 2Euros.org<\/title>\n<meta name=\"description\" content=\"The commemorative coin celebrates 200 years of the Kranj Regional Museum and was issued by Slovenia in 2021\" \/>\n<meta name=\"robots\" content=\"index, follow, max-snippet:-1, max-image-preview:large, max-video-preview:-1\" \/>\n<link rel=\"canonical\" href=\"https:\/\/www.2euros.org\/en\/2-euro-commemorative-2021\/2021-slovenia-200-years-of-the-kranj-regional-museum\/\" \/>\n<meta property=\"og:locale\" content=\"en_US\" \/>\n<meta property=\"og:type\" content=\"article\" \/>\n<meta property=\"og:title\" content=\"200 years of the Kranj Regional Museum - Slovenia 2021 &#8226; 2Euros.org\" \/>\n<meta property=\"og:description\" content=\"The commemorative coin celebrates 200 years of the Kranj Regional Museum and was issued by Slovenia in 2021\" \/>\n<meta property=\"og:url\" content=\"https:\/\/www.2euros.org\/en\/2-euro-commemorative-2021\/2021-slovenia-200-years-of-the-kranj-regional-museum\/\" \/>\n<meta property=\"og:site_name\" content=\"2Euros.org\" \/>\n<meta property=\"article:publisher\" content=\"https:\/\/www.facebook.com\/groups\/133974904458606\" \/>\n<meta property=\"article:published_time\" content=\"2019-09-19T12:35:06+00:00\" \/>\n<meta property=\"article:modified_time\" content=\"2025-01-31T12:43:17+00:00\" \/>\n<meta property=\"og:image\" content=\"https:\/\/www.2euros.org\/wp-content\/uploads\/2019\/09\/2021-slovenie1gm-980.jpg\" \/>\n\t<meta property=\"og:image:width\" content=\"400\" \/>\n\t<meta property=\"og:image:height\" content=\"400\" \/>\n\t<meta property=\"og:image:type\" content=\"image\/jpeg\" \/>\n<meta name=\"author\" content=\"Pierre D\" \/>\n<meta name=\"twitter:card\" content=\"summary_large_image\" \/>\n<meta name=\"twitter:label1\" content=\"Written by\" \/>\n\t<meta name=\"twitter:data1\" content=\"Pierre D\" \/>\n\t<meta name=\"twitter:label2\" content=\"Est. reading time\" \/>\n\t<meta name=\"twitter:data2\" content=\"1 minute\" \/>\n<script type=\"application\/ld+json\" class=\"yoast-schema-graph\">{\"@context\":\"https:\\\/\\\/schema.org\",\"@graph\":[{\"@type\":\"Article\",\"@id\":\"https:\\\/\\\/www.2euros.org\\\/en\\\/2-euro-commemorative-2021\\\/2021-slovenia-200-years-of-the-kranj-regional-museum\\\/#article\",\"isPartOf\":{\"@id\":\"https:\\\/\\\/www.2euros.org\\\/en\\\/2-euro-commemorative-2021\\\/2021-slovenia-200-years-of-the-kranj-regional-museum\\\/\"},\"author\":{\"name\":\"Pierre D\",\"@id\":\"https:\\\/\\\/www.2euros.org\\\/en\\\/#\\\/schema\\\/person\\\/12e34ec3242fa163c51adacbcd7b2ebd\"},\"headline\":\"2021 &#8211; Slovenia &#8211; 200 years of the Kranj Regional Museum\",\"datePublished\":\"2019-09-19T12:35:06+00:00\",\"dateModified\":\"2025-01-31T12:43:17+00:00\",\"mainEntityOfPage\":{\"@id\":\"https:\\\/\\\/www.2euros.org\\\/en\\\/2-euro-commemorative-2021\\\/2021-slovenia-200-years-of-the-kranj-regional-museum\\\/\"},\"wordCount\":309,\"commentCount\":0,\"publisher\":{\"@id\":\"https:\\\/\\\/www.2euros.org\\\/en\\\/#organization\"},\"image\":{\"@id\":\"https:\\\/\\\/www.2euros.org\\\/en\\\/2-euro-commemorative-2021\\\/2021-slovenia-200-years-of-the-kranj-regional-museum\\\/#primaryimage\"},\"thumbnailUrl\":\"https:\\\/\\\/www.2euros.org\\\/wp-content\\\/uploads\\\/2019\\\/09\\\/2021-slovenie1gm-980.jpg\",\"keywords\":[\"2\",\"200\",\"2021\",\"comm\u00e9morative\",\"euros\",\"kranj\",\"Museum\",\"Regional\",\"slov\u00e9nie\",\"years\"],\"articleSection\":[\"2021\",\"Slovenia\"],\"inLanguage\":\"en-US\",\"potentialAction\":[{\"@type\":\"CommentAction\",\"name\":\"Comment\",\"target\":[\"https:\\\/\\\/www.2euros.org\\\/en\\\/2-euro-commemorative-2021\\\/2021-slovenia-200-years-of-the-kranj-regional-museum\\\/#respond\"]}]},{\"@type\":\"WebPage\",\"@id\":\"https:\\\/\\\/www.2euros.org\\\/en\\\/2-euro-commemorative-2021\\\/2021-slovenia-200-years-of-the-kranj-regional-museum\\\/\",\"url\":\"https:\\\/\\\/www.2euros.org\\\/en\\\/2-euro-commemorative-2021\\\/2021-slovenia-200-years-of-the-kranj-regional-museum\\\/\",\"name\":\"200 years of the Kranj Regional Museum - Slovenia 2021 &#8226; 2Euros.org\",\"isPartOf\":{\"@id\":\"https:\\\/\\\/www.2euros.org\\\/en\\\/#website\"},\"primaryImageOfPage\":{\"@id\":\"https:\\\/\\\/www.2euros.org\\\/en\\\/2-euro-commemorative-2021\\\/2021-slovenia-200-years-of-the-kranj-regional-museum\\\/#primaryimage\"},\"image\":{\"@id\":\"https:\\\/\\\/www.2euros.org\\\/en\\\/2-euro-commemorative-2021\\\/2021-slovenia-200-years-of-the-kranj-regional-museum\\\/#primaryimage\"},\"thumbnailUrl\":\"https:\\\/\\\/www.2euros.org\\\/wp-content\\\/uploads\\\/2019\\\/09\\\/2021-slovenie1gm-980.jpg\",\"datePublished\":\"2019-09-19T12:35:06+00:00\",\"dateModified\":\"2025-01-31T12:43:17+00:00\",\"description\":\"The commemorative coin celebrates 200 years of the Kranj Regional Museum and was issued by Slovenia in 2021\",\"breadcrumb\":{\"@id\":\"https:\\\/\\\/www.2euros.org\\\/en\\\/2-euro-commemorative-2021\\\/2021-slovenia-200-years-of-the-kranj-regional-museum\\\/#breadcrumb\"},\"inLanguage\":\"en-US\",\"potentialAction\":[{\"@type\":\"ReadAction\",\"target\":[\"https:\\\/\\\/www.2euros.org\\\/en\\\/2-euro-commemorative-2021\\\/2021-slovenia-200-years-of-the-kranj-regional-museum\\\/\"]}]},{\"@type\":\"ImageObject\",\"inLanguage\":\"en-US\",\"@id\":\"https:\\\/\\\/www.2euros.org\\\/en\\\/2-euro-commemorative-2021\\\/2021-slovenia-200-years-of-the-kranj-regional-museum\\\/#primaryimage\",\"url\":\"https:\\\/\\\/www.2euros.org\\\/wp-content\\\/uploads\\\/2019\\\/09\\\/2021-slovenie1gm-980.jpg\",\"contentUrl\":\"https:\\\/\\\/www.2euros.org\\\/wp-content\\\/uploads\\\/2019\\\/09\\\/2021-slovenie1gm-980.jpg\",\"width\":400,\"height\":400},{\"@type\":\"BreadcrumbList\",\"@id\":\"https:\\\/\\\/www.2euros.org\\\/en\\\/2-euro-commemorative-2021\\\/2021-slovenia-200-years-of-the-kranj-regional-museum\\\/#breadcrumb\",\"itemListElement\":[{\"@type\":\"ListItem\",\"position\":1,\"name\":\"Home\",\"item\":\"https:\\\/\\\/www.2euros.org\\\/en\\\/\"},{\"@type\":\"ListItem\",\"position\":2,\"name\":\"2021\",\"item\":\"https:\\\/\\\/www.2euros.org\\\/en\\\/category\\\/2-euro-commemorative-2021\\\/\"},{\"@type\":\"ListItem\",\"position\":3,\"name\":\"2021 &#8211; Slovenia &#8211; 200 years of the Kranj Regional Museum\"}]},{\"@type\":\"WebSite\",\"@id\":\"https:\\\/\\\/www.2euros.org\\\/en\\\/#website\",\"url\":\"https:\\\/\\\/www.2euros.org\\\/en\\\/\",\"name\":\"2Euros.org\",\"description\":\"Site de r\u00e9f\u00e9rence des pi\u00e8ces comm\u00e9moratives de 2 euros\",\"publisher\":{\"@id\":\"https:\\\/\\\/www.2euros.org\\\/en\\\/#organization\"},\"potentialAction\":[{\"@type\":\"SearchAction\",\"target\":{\"@type\":\"EntryPoint\",\"urlTemplate\":\"https:\\\/\\\/www.2euros.org\\\/en\\\/?s={search_term_string}\"},\"query-input\":{\"@type\":\"PropertyValueSpecification\",\"valueRequired\":true,\"valueName\":\"search_term_string\"}}],\"inLanguage\":\"en-US\"},{\"@type\":\"Organization\",\"@id\":\"https:\\\/\\\/www.2euros.org\\\/en\\\/#organization\",\"name\":\"Ce site a pour but de r\u00e9f\u00e9rencer toutes les pi\u00e8ces de 2euros comm\u00e9moratives. Elles seront r\u00e9f\u00e9renc\u00e9es par ann\u00e9e et par pays. Pour chaque pi\u00e8ce, vous trouverez un descriptif d\u00e9taill\u00e9, son estimation, le d\u00e9tail de ses caract\u00e9ristiques, l'\u00e9mission, etc...\",\"alternateName\":\"2Euros.org!\",\"url\":\"https:\\\/\\\/www.2euros.org\\\/en\\\/\",\"logo\":{\"@type\":\"ImageObject\",\"inLanguage\":\"en-US\",\"@id\":\"https:\\\/\\\/www.2euros.org\\\/en\\\/#\\\/schema\\\/logo\\\/image\\\/\",\"url\":\"https:\\\/\\\/www.2euros.org\\\/wp-content\\\/uploads\\\/2023\\\/11\\\/cropped-logo2euros200px.png\",\"contentUrl\":\"https:\\\/\\\/www.2euros.org\\\/wp-content\\\/uploads\\\/2023\\\/11\\\/cropped-logo2euros200px.png\",\"width\":200,\"height\":200,\"caption\":\"Ce site a pour but de r\u00e9f\u00e9rencer toutes les pi\u00e8ces de 2euros comm\u00e9moratives. Elles seront r\u00e9f\u00e9renc\u00e9es par ann\u00e9e et par pays. Pour chaque pi\u00e8ce, vous trouverez un descriptif d\u00e9taill\u00e9, son estimation, le d\u00e9tail de ses caract\u00e9ristiques, l'\u00e9mission, etc...\"},\"image\":{\"@id\":\"https:\\\/\\\/www.2euros.org\\\/en\\\/#\\\/schema\\\/logo\\\/image\\\/\"},\"sameAs\":[\"https:\\\/\\\/www.facebook.com\\\/groups\\\/133974904458606\"]},{\"@type\":\"Person\",\"@id\":\"https:\\\/\\\/www.2euros.org\\\/en\\\/#\\\/schema\\\/person\\\/12e34ec3242fa163c51adacbcd7b2ebd\",\"name\":\"Pierre D\",\"image\":{\"@type\":\"ImageObject\",\"inLanguage\":\"en-US\",\"@id\":\"https:\\\/\\\/www.2euros.org\\\/wp-content\\\/uploads\\\/wp-user-manager-uploads\\\/2025\\\/12\\\/462084061_10231332749754304_5952221512921178099_n.jpg\",\"url\":\"https:\\\/\\\/www.2euros.org\\\/wp-content\\\/uploads\\\/wp-user-manager-uploads\\\/2025\\\/12\\\/462084061_10231332749754304_5952221512921178099_n.jpg\",\"contentUrl\":\"https:\\\/\\\/www.2euros.org\\\/wp-content\\\/uploads\\\/wp-user-manager-uploads\\\/2025\\\/12\\\/462084061_10231332749754304_5952221512921178099_n.jpg\",\"caption\":\"Pierre D\"},\"description\":\"Webmaster de 2euros.org\",\"sameAs\":[\"https:\\\/\\\/www.2euros.org\\\/\"]}]}<\/script>\n<!-- \/ Yoast SEO plugin. -->","yoast_head_json":{"title":"200 years of the Kranj Regional Museum - Slovenia 2021 &#8226; 2Euros.org","description":"The commemorative coin celebrates 200 years of the Kranj Regional Museum and was issued by Slovenia in 2021","robots":{"index":"index","follow":"follow","max-snippet":"max-snippet:-1","max-image-preview":"max-image-preview:large","max-video-preview":"max-video-preview:-1"},"canonical":"https:\/\/www.2euros.org\/en\/2-euro-commemorative-2021\/2021-slovenia-200-years-of-the-kranj-regional-museum\/","og_locale":"en_US","og_type":"article","og_title":"200 years of the Kranj Regional Museum - Slovenia 2021 &#8226; 2Euros.org","og_description":"The commemorative coin celebrates 200 years of the Kranj Regional Museum and was issued by Slovenia in 2021","og_url":"https:\/\/www.2euros.org\/en\/2-euro-commemorative-2021\/2021-slovenia-200-years-of-the-kranj-regional-museum\/","og_site_name":"2Euros.org","article_publisher":"https:\/\/www.facebook.com\/groups\/133974904458606","article_published_time":"2019-09-19T12:35:06+00:00","article_modified_time":"2025-01-31T12:43:17+00:00","og_image":[{"width":400,"height":400,"url":"https:\/\/www.2euros.org\/wp-content\/uploads\/2019\/09\/2021-slovenie1gm-980.jpg","type":"image\/jpeg"}],"author":"Pierre D","twitter_card":"summary_large_image","twitter_misc":{"Written by":"Pierre D","Est. reading time":"1 minute"},"schema":{"@context":"https:\/\/schema.org","@graph":[{"@type":"Article","@id":"https:\/\/www.2euros.org\/en\/2-euro-commemorative-2021\/2021-slovenia-200-years-of-the-kranj-regional-museum\/#article","isPartOf":{"@id":"https:\/\/www.2euros.org\/en\/2-euro-commemorative-2021\/2021-slovenia-200-years-of-the-kranj-regional-museum\/"},"author":{"name":"Pierre D","@id":"https:\/\/www.2euros.org\/en\/#\/schema\/person\/12e34ec3242fa163c51adacbcd7b2ebd"},"headline":"2021 &#8211; Slovenia &#8211; 200 years of the Kranj Regional Museum","datePublished":"2019-09-19T12:35:06+00:00","dateModified":"2025-01-31T12:43:17+00:00","mainEntityOfPage":{"@id":"https:\/\/www.2euros.org\/en\/2-euro-commemorative-2021\/2021-slovenia-200-years-of-the-kranj-regional-museum\/"},"wordCount":309,"commentCount":0,"publisher":{"@id":"https:\/\/www.2euros.org\/en\/#organization"},"image":{"@id":"https:\/\/www.2euros.org\/en\/2-euro-commemorative-2021\/2021-slovenia-200-years-of-the-kranj-regional-museum\/#primaryimage"},"thumbnailUrl":"https:\/\/www.2euros.org\/wp-content\/uploads\/2019\/09\/2021-slovenie1gm-980.jpg","keywords":["2","200","2021","comm\u00e9morative","euros","kranj","Museum","Regional","slov\u00e9nie","years"],"articleSection":["2021","Slovenia"],"inLanguage":"en-US","potentialAction":[{"@type":"CommentAction","name":"Comment","target":["https:\/\/www.2euros.org\/en\/2-euro-commemorative-2021\/2021-slovenia-200-years-of-the-kranj-regional-museum\/#respond"]}]},{"@type":"WebPage","@id":"https:\/\/www.2euros.org\/en\/2-euro-commemorative-2021\/2021-slovenia-200-years-of-the-kranj-regional-museum\/","url":"https:\/\/www.2euros.org\/en\/2-euro-commemorative-2021\/2021-slovenia-200-years-of-the-kranj-regional-museum\/","name":"200 years of the Kranj Regional Museum - Slovenia 2021 &#8226; 2Euros.org","isPartOf":{"@id":"https:\/\/www.2euros.org\/en\/#website"},"primaryImageOfPage":{"@id":"https:\/\/www.2euros.org\/en\/2-euro-commemorative-2021\/2021-slovenia-200-years-of-the-kranj-regional-museum\/#primaryimage"},"image":{"@id":"https:\/\/www.2euros.org\/en\/2-euro-commemorative-2021\/2021-slovenia-200-years-of-the-kranj-regional-museum\/#primaryimage"},"thumbnailUrl":"https:\/\/www.2euros.org\/wp-content\/uploads\/2019\/09\/2021-slovenie1gm-980.jpg","datePublished":"2019-09-19T12:35:06+00:00","dateModified":"2025-01-31T12:43:17+00:00","description":"The commemorative coin celebrates 200 years of the Kranj Regional Museum and was issued by Slovenia in 2021","breadcrumb":{"@id":"https:\/\/www.2euros.org\/en\/2-euro-commemorative-2021\/2021-slovenia-200-years-of-the-kranj-regional-museum\/#breadcrumb"},"inLanguage":"en-US","potentialAction":[{"@type":"ReadAction","target":["https:\/\/www.2euros.org\/en\/2-euro-commemorative-2021\/2021-slovenia-200-years-of-the-kranj-regional-museum\/"]}]},{"@type":"ImageObject","inLanguage":"en-US","@id":"https:\/\/www.2euros.org\/en\/2-euro-commemorative-2021\/2021-slovenia-200-years-of-the-kranj-regional-museum\/#primaryimage","url":"https:\/\/www.2euros.org\/wp-content\/uploads\/2019\/09\/2021-slovenie1gm-980.jpg","contentUrl":"https:\/\/www.2euros.org\/wp-content\/uploads\/2019\/09\/2021-slovenie1gm-980.jpg","width":400,"height":400},{"@type":"BreadcrumbList","@id":"https:\/\/www.2euros.org\/en\/2-euro-commemorative-2021\/2021-slovenia-200-years-of-the-kranj-regional-museum\/#breadcrumb","itemListElement":[{"@type":"ListItem","position":1,"name":"Home","item":"https:\/\/www.2euros.org\/en\/"},{"@type":"ListItem","position":2,"name":"2021","item":"https:\/\/www.2euros.org\/en\/category\/2-euro-commemorative-2021\/"},{"@type":"ListItem","position":3,"name":"2021 &#8211; Slovenia &#8211; 200 years of the Kranj Regional Museum"}]},{"@type":"WebSite","@id":"https:\/\/www.2euros.org\/en\/#website","url":"https:\/\/www.2euros.org\/en\/","name":"2Euros.org","description":"Site de r\u00e9f\u00e9rence des pi\u00e8ces comm\u00e9moratives de 2 euros","publisher":{"@id":"https:\/\/www.2euros.org\/en\/#organization"},"potentialAction":[{"@type":"SearchAction","target":{"@type":"EntryPoint","urlTemplate":"https:\/\/www.2euros.org\/en\/?s={search_term_string}"},"query-input":{"@type":"PropertyValueSpecification","valueRequired":true,"valueName":"search_term_string"}}],"inLanguage":"en-US"},{"@type":"Organization","@id":"https:\/\/www.2euros.org\/en\/#organization","name":"Ce site a pour but de r\u00e9f\u00e9rencer toutes les pi\u00e8ces de 2euros comm\u00e9moratives. Elles seront r\u00e9f\u00e9renc\u00e9es par ann\u00e9e et par pays. Pour chaque pi\u00e8ce, vous trouverez un descriptif d\u00e9taill\u00e9, son estimation, le d\u00e9tail de ses caract\u00e9ristiques, l'\u00e9mission, etc...","alternateName":"2Euros.org!","url":"https:\/\/www.2euros.org\/en\/","logo":{"@type":"ImageObject","inLanguage":"en-US","@id":"https:\/\/www.2euros.org\/en\/#\/schema\/logo\/image\/","url":"https:\/\/www.2euros.org\/wp-content\/uploads\/2023\/11\/cropped-logo2euros200px.png","contentUrl":"https:\/\/www.2euros.org\/wp-content\/uploads\/2023\/11\/cropped-logo2euros200px.png","width":200,"height":200,"caption":"Ce site a pour but de r\u00e9f\u00e9rencer toutes les pi\u00e8ces de 2euros comm\u00e9moratives. Elles seront r\u00e9f\u00e9renc\u00e9es par ann\u00e9e et par pays. Pour chaque pi\u00e8ce, vous trouverez un descriptif d\u00e9taill\u00e9, son estimation, le d\u00e9tail de ses caract\u00e9ristiques, l'\u00e9mission, etc..."},"image":{"@id":"https:\/\/www.2euros.org\/en\/#\/schema\/logo\/image\/"},"sameAs":["https:\/\/www.facebook.com\/groups\/133974904458606"]},{"@type":"Person","@id":"https:\/\/www.2euros.org\/en\/#\/schema\/person\/12e34ec3242fa163c51adacbcd7b2ebd","name":"Pierre D","image":{"@type":"ImageObject","inLanguage":"en-US","@id":"https:\/\/www.2euros.org\/wp-content\/uploads\/wp-user-manager-uploads\/2025\/12\/462084061_10231332749754304_5952221512921178099_n.jpg","url":"https:\/\/www.2euros.org\/wp-content\/uploads\/wp-user-manager-uploads\/2025\/12\/462084061_10231332749754304_5952221512921178099_n.jpg","contentUrl":"https:\/\/www.2euros.org\/wp-content\/uploads\/wp-user-manager-uploads\/2025\/12\/462084061_10231332749754304_5952221512921178099_n.jpg","caption":"Pierre D"},"description":"Webmaster de 2euros.org","sameAs":["https:\/\/www.2euros.org\/"]}]}},"_links":{"self":[{"href":"https:\/\/www.2euros.org\/en\/wp-json\/wp\/v2\/posts\/16719","targetHints":{"allow":["GET"]}}],"collection":[{"href":"https:\/\/www.2euros.org\/en\/wp-json\/wp\/v2\/posts"}],"about":[{"href":"https:\/\/www.2euros.org\/en\/wp-json\/wp\/v2\/types\/post"}],"author":[{"embeddable":true,"href":"https:\/\/www.2euros.org\/en\/wp-json\/wp\/v2\/users\/1"}],"replies":[{"embeddable":true,"href":"https:\/\/www.2euros.org\/en\/wp-json\/wp\/v2\/comments?post=16719"}],"version-history":[{"count":0,"href":"https:\/\/www.2euros.org\/en\/wp-json\/wp\/v2\/posts\/16719\/revisions"}],"wp:featuredmedia":[{"embeddable":true,"href":"https:\/\/www.2euros.org\/en\/wp-json\/wp\/v2\/media\/14328"}],"wp:attachment":[{"href":"https:\/\/www.2euros.org\/en\/wp-json\/wp\/v2\/media?parent=16719"}],"wp:term":[{"taxonomy":"category","embeddable":true,"href":"https:\/\/www.2euros.org\/en\/wp-json\/wp\/v2\/categories?post=16719"},{"taxonomy":"post_tag","embeddable":true,"href":"https:\/\/www.2euros.org\/en\/wp-json\/wp\/v2\/tags?post=16719"}],"curies":[{"name":"wp","href":"https:\/\/api.w.org\/{rel}","templated":true}]}}