{"id":16028,"date":"2023-05-17T06:13:28","date_gmt":"2023-05-17T04:13:28","guid":{"rendered":"https:\/\/www.2euros.org\/non-classifiee\/2023-spain-spanish-presidency-of-the-council-of-the-european-union\/"},"modified":"2025-01-31T14:46:07","modified_gmt":"2025-01-31T13:46:07","slug":"2023-spain-spanish-presidency-of-the-council-of-the-european-union","status":"publish","type":"post","link":"https:\/\/www.2euros.org\/en\/2-euro-commemorative-2023\/2023-spain-spanish-presidency-of-the-council-of-the-european-union\/","title":{"rendered":"2023 &#8211; Spain &#8211; Spanish Presidency of the Council of the European Union"},"content":{"rendered":"\n<h2 class=\"wp-block-heading\">The history of the coin<\/h2>\n\n<p class=\"has-text-align-left\">The 2023 commemorative 2 euro coin honors the Spanish Presidency of the Council of the European Union. Indeed, it pays tribute to Spain&#8217;s role in managing EU activities. Additionally, it highlights European values \u200b\u200band Spain&#8217;s contribution to unity and cooperation within the EU.<br\/>This coin also celebrates Spain&#8217;s rotating presidency of the Council of the European Union in 2023. In fact, the presidency of the Council of the EU changes every six months between the member states.<br\/>Thus, during its presidency, Spain was able to direct and coordinate the work of the Council of the EU. This allowed him to influence the legislative and political agenda of the Union.<\/p>\n\n<h2 class=\"wp-block-heading\">Description of the coin<\/h2>\n\n<p class=\"has-text-align-left\">The center of the coin features a stylized design of the acronym &#8220;EU&#8221; followed by the number &#8220;23&#8221;. This marks the year 2023. Between the letters &#8220;U&#8221; and &#8220;E&#8221; and the number &#8220;23&#8221; there are two parallel horizontal bands. These bands evoke equality and cohesion within the European Union.<\/p>\n\n<p>Around the central design, the arcuate text &#8220;ESPA\u00d1A 2023 &#8211; PRESIDENCIA ESPA\u00d1OLA DEL CONSEJO DE LA UNI\u00d3N EUROPEA&#8221; is inscribed. This inscription reads &#8220;Spain 2023 &#8211; Spanish Presidency of the Council of the European Union&#8221; in Spanish. Below the number &#8220;23&#8221;, the symbol of the Royal Spanish Mint is visible. This symbol is a crowned letter &#8220;M&#8221;.<\/p>\n\n<p class=\"has-text-align-left\">In addition, the outer border of the coin is decorated with twelve five-pointed stars. These stars represent the member states of the European Union. They surround the central motif and the inscriptions, forming a symbolic crown.<\/p>\n\n<figure class=\"wp-block-table is-style-stripes\"><table><tbody><tr><td><strong>Country of Issue:<\/strong><\/td><td><img loading=\"lazy\" decoding=\"async\" width=\"32\" height=\"21\" class=\"wp-image-18419\" style=\"width: 32px;\" src=\"https:\/\/www.2euros.org\/wp-content\/uploads\/2025\/01\/espagne.png\" alt=\"\" srcset=\"https:\/\/www.2euros.org\/wp-content\/uploads\/2025\/01\/espagne.png 32w, https:\/\/www.2euros.org\/wp-content\/uploads\/2025\/01\/espagne-24x16.png 24w\" sizes=\"auto, (max-width: 32px) 100vw, 32px\" \/><\/td><\/tr><tr><td><strong>Date of issue:<\/strong><\/td><td>July 3, 2023<\/td><\/tr><tr><td><strong>Total mintage:<\/strong><\/td><td>1.500.000<\/td><\/tr><tr><td>\u2013 Proof:<\/td><td>6.500<\/td><\/tr><tr><td>\u2013 BU:<\/td><td>0<\/td><\/tr><tr><td>\u2013 UNC:<\/td><td>1.493.500<\/td><\/tr><tr><td><strong>Engraver:<\/strong><\/td><td>Alfonso Morales Mu\u00f1oz<\/td><\/tr><tr><td><strong>The edge:<\/strong><\/td><td><img loading=\"lazy\" decoding=\"async\" width=\"200\" height=\"11\" class=\"wp-image-18721\" style=\"width: 200px;\" src=\"https:\/\/www.2euros.org\/wp-content\/uploads\/2005\/05\/luxembourg1.jpg\" alt=\"\" srcset=\"https:\/\/www.2euros.org\/wp-content\/uploads\/2005\/05\/luxembourg1.jpg 187w, https:\/\/www.2euros.org\/wp-content\/uploads\/2005\/05\/luxembourg1-150x8.jpg 150w\" sizes=\"auto, (max-width: 200px) 100vw, 200px\" \/><\/td><\/tr><tr><td><strong>Rarity:<\/strong><\/td><td><img decoding=\"async\" src=\"https:\/\/www.2euros.org\/images\/euro.png\"\/><img decoding=\"async\" src=\"https:\/\/www.2euros.org\/images\/euro.png\"\/><img decoding=\"async\" src=\"https:\/\/www.2euros.org\/images\/euro.png\"\/><img decoding=\"async\" src=\"https:\/\/www.2euros.org\/images\/euro2.png\"\/><img decoding=\"async\" src=\"https:\/\/www.2euros.org\/images\/euro2.png\"\/><img decoding=\"async\" src=\"https:\/\/www.2euros.org\/images\/euro2.png\"\/><img decoding=\"async\" src=\"https:\/\/www.2euros.org\/images\/euro2.png\"\/><img decoding=\"async\" src=\"https:\/\/www.2euros.org\/images\/euro2.png\"\/><img decoding=\"async\" src=\"https:\/\/www.2euros.org\/images\/euro2.png\"\/><img decoding=\"async\" src=\"https:\/\/www.2euros.org\/images\/euro2.png\"\/><\/td><\/tr><tr><td><strong>Official Journal:<\/strong><\/td><td><a href=\"https:\/\/eur-lex.europa.eu\/legal-content\/FR\/TXT\/?uri=CELEX%3AC2023%2F174%2F08&amp;qid=1684296691505\" target=\"_blank\" rel=\"noreferrer noopener\">2023\/C 174\/08<\/a><\/td><\/tr><tr><td><strong>My collection:<\/strong><\/td><td>[cbxwpbookmarkbtn]<\/td><\/tr><\/tbody><\/table><\/figure>\n\n<p>Do you want to know the technical specifications of this coin? Feel free to visit the page dedicated to the <a href=\"https:\/\/www.2euros.org\/numismatique\/caracteristique-d-une-piece-de-2-euros\/\" target=\"_blank\" rel=\"noreferrer noopener\">specifications of a 2-euro coin<\/a>.<\/p>\n","protected":false},"excerpt":{"rendered":"<div class=\"mh-excerpt\"><p>The history of the coin The 2023 commemorative 2 euro coin honors the Spanish Presidency of the Council of the European Union. Indeed, it pays tribute to Spain&#8217;s role in managing EU activities. Additionally, it <a class=\"mh-excerpt-more\" href=\"https:\/\/www.2euros.org\/en\/2-euro-commemorative-2023\/2023-spain-spanish-presidency-of-the-council-of-the-european-union\/\" title=\"2023 &#8211; Spain &#8211; Spanish Presidency of the Council of the European Union\">[&#8230;]<\/a><\/p>\n                <div class=\"ccm-buttons ccm-buttons-small\"\n                     data-post-id=\"16028\"\n                     data-state='{&quot;be&quot;:0,&quot;bu&quot;:0,&quot;unc&quot;:0,&quot;circulation&quot;:0}'\n                     data-not-logged=\"true\">\n                    <span class=\"ccm-label\">My collection<\/span>\n                    <button class=\"coin-btn\" data-type=\"be\">Proof<\/button>\n                    <button class=\"coin-btn\" data-type=\"bu\">BU<\/button>\n                    <button class=\"coin-btn\" data-type=\"unc\">UNC<\/button>\n                    <button class=\"coin-btn\" data-type=\"circulation\">Circulated<\/button>\n                    <span class=\"ccm-separator\"> - <\/span>\n                    <button class=\"no-coin-btn\" data-type=\"none\">I don&#039;t have this coin<\/button>\n                <\/div>\n                <p class=\"ccm-login-message\">Veuillez vous inscrire pour pouvoir g\u00e9rer votre collection<\/p><\/div>","protected":false},"author":1,"featured_media":15080,"comment_status":"open","ping_status":"open","sticky":false,"template":"","format":"standard","meta":{"footnotes":""},"categories":[1176,1187],"tags":[1207,1456,1210,1280,1239,1281,1212,1282,1516,1283],"class_list":["post-16028","post","type-post","status-publish","format-standard","has-post-thumbnail","hentry","category-2-euro-commemorative-2023","category-2-euro-commemorative-spain","tag-2-en","tag-2023-en","tag-commemorative-en","tag-conseil-en","tag-espagne-en","tag-europeenne-en","tag-euros-en","tag-presidence-en","tag-spanish","tag-union-en"],"yoast_head":"<!-- This site is optimized with the Yoast SEO plugin v27.4 - https:\/\/yoast.com\/product\/yoast-seo-wordpress\/ -->\n<title>Presidency of the Council of the European Union - Spain 2023<\/title>\n<meta name=\"description\" content=\"The commemorative coin celebrates the Spanish presidency of the Council of the European Union and was issued by Spain in 2023\" \/>\n<meta name=\"robots\" content=\"index, follow, max-snippet:-1, max-image-preview:large, max-video-preview:-1\" \/>\n<link rel=\"canonical\" href=\"https:\/\/www.2euros.org\/en\/2-euro-commemorative-2023\/2023-spain-spanish-presidency-of-the-council-of-the-european-union\/\" \/>\n<meta property=\"og:locale\" content=\"en_US\" \/>\n<meta property=\"og:type\" content=\"article\" \/>\n<meta property=\"og:title\" content=\"Presidency of the Council of the European Union - Spain 2023\" \/>\n<meta property=\"og:description\" content=\"The commemorative coin celebrates the Spanish presidency of the Council of the European Union and was issued by Spain in 2023\" \/>\n<meta property=\"og:url\" content=\"https:\/\/www.2euros.org\/en\/2-euro-commemorative-2023\/2023-spain-spanish-presidency-of-the-council-of-the-european-union\/\" \/>\n<meta property=\"og:site_name\" content=\"2Euros.org\" \/>\n<meta property=\"article:publisher\" content=\"https:\/\/www.facebook.com\/groups\/133974904458606\" \/>\n<meta property=\"article:published_time\" content=\"2023-05-17T04:13:28+00:00\" \/>\n<meta property=\"article:modified_time\" content=\"2025-01-31T13:46:07+00:00\" \/>\n<meta property=\"og:image\" content=\"https:\/\/www.2euros.org\/wp-content\/uploads\/2023\/05\/2023-espagne1gm.jpg\" \/>\n\t<meta property=\"og:image:width\" content=\"400\" \/>\n\t<meta property=\"og:image:height\" content=\"400\" \/>\n\t<meta property=\"og:image:type\" content=\"image\/jpeg\" \/>\n<meta name=\"author\" content=\"Pierre D\" \/>\n<meta name=\"twitter:card\" content=\"summary_large_image\" \/>\n<meta name=\"twitter:label1\" content=\"Written by\" \/>\n\t<meta name=\"twitter:data1\" content=\"Pierre D\" \/>\n\t<meta name=\"twitter:label2\" content=\"Est. reading time\" \/>\n\t<meta name=\"twitter:data2\" content=\"2 minutes\" \/>\n<script type=\"application\/ld+json\" class=\"yoast-schema-graph\">{\"@context\":\"https:\\\/\\\/schema.org\",\"@graph\":[{\"@type\":\"Article\",\"@id\":\"https:\\\/\\\/www.2euros.org\\\/en\\\/2-euro-commemorative-2023\\\/2023-spain-spanish-presidency-of-the-council-of-the-european-union\\\/#article\",\"isPartOf\":{\"@id\":\"https:\\\/\\\/www.2euros.org\\\/en\\\/2-euro-commemorative-2023\\\/2023-spain-spanish-presidency-of-the-council-of-the-european-union\\\/\"},\"author\":{\"name\":\"Pierre D\",\"@id\":\"https:\\\/\\\/www.2euros.org\\\/en\\\/#\\\/schema\\\/person\\\/12e34ec3242fa163c51adacbcd7b2ebd\"},\"headline\":\"2023 &#8211; Spain &#8211; Spanish Presidency of the Council of the European Union\",\"datePublished\":\"2023-05-17T04:13:28+00:00\",\"dateModified\":\"2025-01-31T13:46:07+00:00\",\"mainEntityOfPage\":{\"@id\":\"https:\\\/\\\/www.2euros.org\\\/en\\\/2-euro-commemorative-2023\\\/2023-spain-spanish-presidency-of-the-council-of-the-european-union\\\/\"},\"wordCount\":320,\"commentCount\":0,\"publisher\":{\"@id\":\"https:\\\/\\\/www.2euros.org\\\/en\\\/#organization\"},\"image\":{\"@id\":\"https:\\\/\\\/www.2euros.org\\\/en\\\/2-euro-commemorative-2023\\\/2023-spain-spanish-presidency-of-the-council-of-the-european-union\\\/#primaryimage\"},\"thumbnailUrl\":\"https:\\\/\\\/www.2euros.org\\\/wp-content\\\/uploads\\\/2023\\\/05\\\/2023-espagne1gm.jpg\",\"keywords\":[\"2\",\"2023\",\"comm\u00e9morative\",\"conseil\",\"espagne\",\"europ\u00e9enne\",\"euros\",\"pr\u00e9sidence\",\"Spanish\",\"union\"],\"articleSection\":[\"2023\",\"Spain\"],\"inLanguage\":\"en-US\",\"potentialAction\":[{\"@type\":\"CommentAction\",\"name\":\"Comment\",\"target\":[\"https:\\\/\\\/www.2euros.org\\\/en\\\/2-euro-commemorative-2023\\\/2023-spain-spanish-presidency-of-the-council-of-the-european-union\\\/#respond\"]}]},{\"@type\":\"WebPage\",\"@id\":\"https:\\\/\\\/www.2euros.org\\\/en\\\/2-euro-commemorative-2023\\\/2023-spain-spanish-presidency-of-the-council-of-the-european-union\\\/\",\"url\":\"https:\\\/\\\/www.2euros.org\\\/en\\\/2-euro-commemorative-2023\\\/2023-spain-spanish-presidency-of-the-council-of-the-european-union\\\/\",\"name\":\"Presidency of the Council of the European Union - Spain 2023\",\"isPartOf\":{\"@id\":\"https:\\\/\\\/www.2euros.org\\\/en\\\/#website\"},\"primaryImageOfPage\":{\"@id\":\"https:\\\/\\\/www.2euros.org\\\/en\\\/2-euro-commemorative-2023\\\/2023-spain-spanish-presidency-of-the-council-of-the-european-union\\\/#primaryimage\"},\"image\":{\"@id\":\"https:\\\/\\\/www.2euros.org\\\/en\\\/2-euro-commemorative-2023\\\/2023-spain-spanish-presidency-of-the-council-of-the-european-union\\\/#primaryimage\"},\"thumbnailUrl\":\"https:\\\/\\\/www.2euros.org\\\/wp-content\\\/uploads\\\/2023\\\/05\\\/2023-espagne1gm.jpg\",\"datePublished\":\"2023-05-17T04:13:28+00:00\",\"dateModified\":\"2025-01-31T13:46:07+00:00\",\"description\":\"The commemorative coin celebrates the Spanish presidency of the Council of the European Union and was issued by Spain in 2023\",\"breadcrumb\":{\"@id\":\"https:\\\/\\\/www.2euros.org\\\/en\\\/2-euro-commemorative-2023\\\/2023-spain-spanish-presidency-of-the-council-of-the-european-union\\\/#breadcrumb\"},\"inLanguage\":\"en-US\",\"potentialAction\":[{\"@type\":\"ReadAction\",\"target\":[\"https:\\\/\\\/www.2euros.org\\\/en\\\/2-euro-commemorative-2023\\\/2023-spain-spanish-presidency-of-the-council-of-the-european-union\\\/\"]}]},{\"@type\":\"ImageObject\",\"inLanguage\":\"en-US\",\"@id\":\"https:\\\/\\\/www.2euros.org\\\/en\\\/2-euro-commemorative-2023\\\/2023-spain-spanish-presidency-of-the-council-of-the-european-union\\\/#primaryimage\",\"url\":\"https:\\\/\\\/www.2euros.org\\\/wp-content\\\/uploads\\\/2023\\\/05\\\/2023-espagne1gm.jpg\",\"contentUrl\":\"https:\\\/\\\/www.2euros.org\\\/wp-content\\\/uploads\\\/2023\\\/05\\\/2023-espagne1gm.jpg\",\"width\":400,\"height\":400},{\"@type\":\"BreadcrumbList\",\"@id\":\"https:\\\/\\\/www.2euros.org\\\/en\\\/2-euro-commemorative-2023\\\/2023-spain-spanish-presidency-of-the-council-of-the-european-union\\\/#breadcrumb\",\"itemListElement\":[{\"@type\":\"ListItem\",\"position\":1,\"name\":\"Home\",\"item\":\"https:\\\/\\\/www.2euros.org\\\/en\\\/\"},{\"@type\":\"ListItem\",\"position\":2,\"name\":\"2023\",\"item\":\"https:\\\/\\\/www.2euros.org\\\/en\\\/category\\\/2-euro-commemorative-2023\\\/\"},{\"@type\":\"ListItem\",\"position\":3,\"name\":\"2023 &#8211; Spain &#8211; Spanish Presidency of the Council of the European Union\"}]},{\"@type\":\"WebSite\",\"@id\":\"https:\\\/\\\/www.2euros.org\\\/en\\\/#website\",\"url\":\"https:\\\/\\\/www.2euros.org\\\/en\\\/\",\"name\":\"2Euros.org\",\"description\":\"Site de r\u00e9f\u00e9rence des pi\u00e8ces comm\u00e9moratives de 2 euros\",\"publisher\":{\"@id\":\"https:\\\/\\\/www.2euros.org\\\/en\\\/#organization\"},\"potentialAction\":[{\"@type\":\"SearchAction\",\"target\":{\"@type\":\"EntryPoint\",\"urlTemplate\":\"https:\\\/\\\/www.2euros.org\\\/en\\\/?s={search_term_string}\"},\"query-input\":{\"@type\":\"PropertyValueSpecification\",\"valueRequired\":true,\"valueName\":\"search_term_string\"}}],\"inLanguage\":\"en-US\"},{\"@type\":\"Organization\",\"@id\":\"https:\\\/\\\/www.2euros.org\\\/en\\\/#organization\",\"name\":\"Ce site a pour but de r\u00e9f\u00e9rencer toutes les pi\u00e8ces de 2euros comm\u00e9moratives. Elles seront r\u00e9f\u00e9renc\u00e9es par ann\u00e9e et par pays. Pour chaque pi\u00e8ce, vous trouverez un descriptif d\u00e9taill\u00e9, son estimation, le d\u00e9tail de ses caract\u00e9ristiques, l'\u00e9mission, etc...\",\"alternateName\":\"2Euros.org!\",\"url\":\"https:\\\/\\\/www.2euros.org\\\/en\\\/\",\"logo\":{\"@type\":\"ImageObject\",\"inLanguage\":\"en-US\",\"@id\":\"https:\\\/\\\/www.2euros.org\\\/en\\\/#\\\/schema\\\/logo\\\/image\\\/\",\"url\":\"https:\\\/\\\/www.2euros.org\\\/wp-content\\\/uploads\\\/2023\\\/11\\\/cropped-logo2euros200px.png\",\"contentUrl\":\"https:\\\/\\\/www.2euros.org\\\/wp-content\\\/uploads\\\/2023\\\/11\\\/cropped-logo2euros200px.png\",\"width\":200,\"height\":200,\"caption\":\"Ce site a pour but de r\u00e9f\u00e9rencer toutes les pi\u00e8ces de 2euros comm\u00e9moratives. Elles seront r\u00e9f\u00e9renc\u00e9es par ann\u00e9e et par pays. Pour chaque pi\u00e8ce, vous trouverez un descriptif d\u00e9taill\u00e9, son estimation, le d\u00e9tail de ses caract\u00e9ristiques, l'\u00e9mission, etc...\"},\"image\":{\"@id\":\"https:\\\/\\\/www.2euros.org\\\/en\\\/#\\\/schema\\\/logo\\\/image\\\/\"},\"sameAs\":[\"https:\\\/\\\/www.facebook.com\\\/groups\\\/133974904458606\"]},{\"@type\":\"Person\",\"@id\":\"https:\\\/\\\/www.2euros.org\\\/en\\\/#\\\/schema\\\/person\\\/12e34ec3242fa163c51adacbcd7b2ebd\",\"name\":\"Pierre D\",\"image\":{\"@type\":\"ImageObject\",\"inLanguage\":\"en-US\",\"@id\":\"https:\\\/\\\/www.2euros.org\\\/wp-content\\\/uploads\\\/wp-user-manager-uploads\\\/2025\\\/12\\\/462084061_10231332749754304_5952221512921178099_n.jpg\",\"url\":\"https:\\\/\\\/www.2euros.org\\\/wp-content\\\/uploads\\\/wp-user-manager-uploads\\\/2025\\\/12\\\/462084061_10231332749754304_5952221512921178099_n.jpg\",\"contentUrl\":\"https:\\\/\\\/www.2euros.org\\\/wp-content\\\/uploads\\\/wp-user-manager-uploads\\\/2025\\\/12\\\/462084061_10231332749754304_5952221512921178099_n.jpg\",\"caption\":\"Pierre D\"},\"description\":\"Webmaster de 2euros.org\",\"sameAs\":[\"https:\\\/\\\/www.2euros.org\\\/\"]}]}<\/script>\n<!-- \/ Yoast SEO plugin. -->","yoast_head_json":{"title":"Presidency of the Council of the European Union - Spain 2023","description":"The commemorative coin celebrates the Spanish presidency of the Council of the European Union and was issued by Spain in 2023","robots":{"index":"index","follow":"follow","max-snippet":"max-snippet:-1","max-image-preview":"max-image-preview:large","max-video-preview":"max-video-preview:-1"},"canonical":"https:\/\/www.2euros.org\/en\/2-euro-commemorative-2023\/2023-spain-spanish-presidency-of-the-council-of-the-european-union\/","og_locale":"en_US","og_type":"article","og_title":"Presidency of the Council of the European Union - Spain 2023","og_description":"The commemorative coin celebrates the Spanish presidency of the Council of the European Union and was issued by Spain in 2023","og_url":"https:\/\/www.2euros.org\/en\/2-euro-commemorative-2023\/2023-spain-spanish-presidency-of-the-council-of-the-european-union\/","og_site_name":"2Euros.org","article_publisher":"https:\/\/www.facebook.com\/groups\/133974904458606","article_published_time":"2023-05-17T04:13:28+00:00","article_modified_time":"2025-01-31T13:46:07+00:00","og_image":[{"width":400,"height":400,"url":"https:\/\/www.2euros.org\/wp-content\/uploads\/2023\/05\/2023-espagne1gm.jpg","type":"image\/jpeg"}],"author":"Pierre D","twitter_card":"summary_large_image","twitter_misc":{"Written by":"Pierre D","Est. reading time":"2 minutes"},"schema":{"@context":"https:\/\/schema.org","@graph":[{"@type":"Article","@id":"https:\/\/www.2euros.org\/en\/2-euro-commemorative-2023\/2023-spain-spanish-presidency-of-the-council-of-the-european-union\/#article","isPartOf":{"@id":"https:\/\/www.2euros.org\/en\/2-euro-commemorative-2023\/2023-spain-spanish-presidency-of-the-council-of-the-european-union\/"},"author":{"name":"Pierre D","@id":"https:\/\/www.2euros.org\/en\/#\/schema\/person\/12e34ec3242fa163c51adacbcd7b2ebd"},"headline":"2023 &#8211; Spain &#8211; Spanish Presidency of the Council of the European Union","datePublished":"2023-05-17T04:13:28+00:00","dateModified":"2025-01-31T13:46:07+00:00","mainEntityOfPage":{"@id":"https:\/\/www.2euros.org\/en\/2-euro-commemorative-2023\/2023-spain-spanish-presidency-of-the-council-of-the-european-union\/"},"wordCount":320,"commentCount":0,"publisher":{"@id":"https:\/\/www.2euros.org\/en\/#organization"},"image":{"@id":"https:\/\/www.2euros.org\/en\/2-euro-commemorative-2023\/2023-spain-spanish-presidency-of-the-council-of-the-european-union\/#primaryimage"},"thumbnailUrl":"https:\/\/www.2euros.org\/wp-content\/uploads\/2023\/05\/2023-espagne1gm.jpg","keywords":["2","2023","comm\u00e9morative","conseil","espagne","europ\u00e9enne","euros","pr\u00e9sidence","Spanish","union"],"articleSection":["2023","Spain"],"inLanguage":"en-US","potentialAction":[{"@type":"CommentAction","name":"Comment","target":["https:\/\/www.2euros.org\/en\/2-euro-commemorative-2023\/2023-spain-spanish-presidency-of-the-council-of-the-european-union\/#respond"]}]},{"@type":"WebPage","@id":"https:\/\/www.2euros.org\/en\/2-euro-commemorative-2023\/2023-spain-spanish-presidency-of-the-council-of-the-european-union\/","url":"https:\/\/www.2euros.org\/en\/2-euro-commemorative-2023\/2023-spain-spanish-presidency-of-the-council-of-the-european-union\/","name":"Presidency of the Council of the European Union - Spain 2023","isPartOf":{"@id":"https:\/\/www.2euros.org\/en\/#website"},"primaryImageOfPage":{"@id":"https:\/\/www.2euros.org\/en\/2-euro-commemorative-2023\/2023-spain-spanish-presidency-of-the-council-of-the-european-union\/#primaryimage"},"image":{"@id":"https:\/\/www.2euros.org\/en\/2-euro-commemorative-2023\/2023-spain-spanish-presidency-of-the-council-of-the-european-union\/#primaryimage"},"thumbnailUrl":"https:\/\/www.2euros.org\/wp-content\/uploads\/2023\/05\/2023-espagne1gm.jpg","datePublished":"2023-05-17T04:13:28+00:00","dateModified":"2025-01-31T13:46:07+00:00","description":"The commemorative coin celebrates the Spanish presidency of the Council of the European Union and was issued by Spain in 2023","breadcrumb":{"@id":"https:\/\/www.2euros.org\/en\/2-euro-commemorative-2023\/2023-spain-spanish-presidency-of-the-council-of-the-european-union\/#breadcrumb"},"inLanguage":"en-US","potentialAction":[{"@type":"ReadAction","target":["https:\/\/www.2euros.org\/en\/2-euro-commemorative-2023\/2023-spain-spanish-presidency-of-the-council-of-the-european-union\/"]}]},{"@type":"ImageObject","inLanguage":"en-US","@id":"https:\/\/www.2euros.org\/en\/2-euro-commemorative-2023\/2023-spain-spanish-presidency-of-the-council-of-the-european-union\/#primaryimage","url":"https:\/\/www.2euros.org\/wp-content\/uploads\/2023\/05\/2023-espagne1gm.jpg","contentUrl":"https:\/\/www.2euros.org\/wp-content\/uploads\/2023\/05\/2023-espagne1gm.jpg","width":400,"height":400},{"@type":"BreadcrumbList","@id":"https:\/\/www.2euros.org\/en\/2-euro-commemorative-2023\/2023-spain-spanish-presidency-of-the-council-of-the-european-union\/#breadcrumb","itemListElement":[{"@type":"ListItem","position":1,"name":"Home","item":"https:\/\/www.2euros.org\/en\/"},{"@type":"ListItem","position":2,"name":"2023","item":"https:\/\/www.2euros.org\/en\/category\/2-euro-commemorative-2023\/"},{"@type":"ListItem","position":3,"name":"2023 &#8211; Spain &#8211; Spanish Presidency of the Council of the European Union"}]},{"@type":"WebSite","@id":"https:\/\/www.2euros.org\/en\/#website","url":"https:\/\/www.2euros.org\/en\/","name":"2Euros.org","description":"Site de r\u00e9f\u00e9rence des pi\u00e8ces comm\u00e9moratives de 2 euros","publisher":{"@id":"https:\/\/www.2euros.org\/en\/#organization"},"potentialAction":[{"@type":"SearchAction","target":{"@type":"EntryPoint","urlTemplate":"https:\/\/www.2euros.org\/en\/?s={search_term_string}"},"query-input":{"@type":"PropertyValueSpecification","valueRequired":true,"valueName":"search_term_string"}}],"inLanguage":"en-US"},{"@type":"Organization","@id":"https:\/\/www.2euros.org\/en\/#organization","name":"Ce site a pour but de r\u00e9f\u00e9rencer toutes les pi\u00e8ces de 2euros comm\u00e9moratives. Elles seront r\u00e9f\u00e9renc\u00e9es par ann\u00e9e et par pays. Pour chaque pi\u00e8ce, vous trouverez un descriptif d\u00e9taill\u00e9, son estimation, le d\u00e9tail de ses caract\u00e9ristiques, l'\u00e9mission, etc...","alternateName":"2Euros.org!","url":"https:\/\/www.2euros.org\/en\/","logo":{"@type":"ImageObject","inLanguage":"en-US","@id":"https:\/\/www.2euros.org\/en\/#\/schema\/logo\/image\/","url":"https:\/\/www.2euros.org\/wp-content\/uploads\/2023\/11\/cropped-logo2euros200px.png","contentUrl":"https:\/\/www.2euros.org\/wp-content\/uploads\/2023\/11\/cropped-logo2euros200px.png","width":200,"height":200,"caption":"Ce site a pour but de r\u00e9f\u00e9rencer toutes les pi\u00e8ces de 2euros comm\u00e9moratives. Elles seront r\u00e9f\u00e9renc\u00e9es par ann\u00e9e et par pays. Pour chaque pi\u00e8ce, vous trouverez un descriptif d\u00e9taill\u00e9, son estimation, le d\u00e9tail de ses caract\u00e9ristiques, l'\u00e9mission, etc..."},"image":{"@id":"https:\/\/www.2euros.org\/en\/#\/schema\/logo\/image\/"},"sameAs":["https:\/\/www.facebook.com\/groups\/133974904458606"]},{"@type":"Person","@id":"https:\/\/www.2euros.org\/en\/#\/schema\/person\/12e34ec3242fa163c51adacbcd7b2ebd","name":"Pierre D","image":{"@type":"ImageObject","inLanguage":"en-US","@id":"https:\/\/www.2euros.org\/wp-content\/uploads\/wp-user-manager-uploads\/2025\/12\/462084061_10231332749754304_5952221512921178099_n.jpg","url":"https:\/\/www.2euros.org\/wp-content\/uploads\/wp-user-manager-uploads\/2025\/12\/462084061_10231332749754304_5952221512921178099_n.jpg","contentUrl":"https:\/\/www.2euros.org\/wp-content\/uploads\/wp-user-manager-uploads\/2025\/12\/462084061_10231332749754304_5952221512921178099_n.jpg","caption":"Pierre D"},"description":"Webmaster de 2euros.org","sameAs":["https:\/\/www.2euros.org\/"]}]}},"_links":{"self":[{"href":"https:\/\/www.2euros.org\/en\/wp-json\/wp\/v2\/posts\/16028","targetHints":{"allow":["GET"]}}],"collection":[{"href":"https:\/\/www.2euros.org\/en\/wp-json\/wp\/v2\/posts"}],"about":[{"href":"https:\/\/www.2euros.org\/en\/wp-json\/wp\/v2\/types\/post"}],"author":[{"embeddable":true,"href":"https:\/\/www.2euros.org\/en\/wp-json\/wp\/v2\/users\/1"}],"replies":[{"embeddable":true,"href":"https:\/\/www.2euros.org\/en\/wp-json\/wp\/v2\/comments?post=16028"}],"version-history":[{"count":0,"href":"https:\/\/www.2euros.org\/en\/wp-json\/wp\/v2\/posts\/16028\/revisions"}],"wp:featuredmedia":[{"embeddable":true,"href":"https:\/\/www.2euros.org\/en\/wp-json\/wp\/v2\/media\/15080"}],"wp:attachment":[{"href":"https:\/\/www.2euros.org\/en\/wp-json\/wp\/v2\/media?parent=16028"}],"wp:term":[{"taxonomy":"category","embeddable":true,"href":"https:\/\/www.2euros.org\/en\/wp-json\/wp\/v2\/categories?post=16028"},{"taxonomy":"post_tag","embeddable":true,"href":"https:\/\/www.2euros.org\/en\/wp-json\/wp\/v2\/tags?post=16028"}],"curies":[{"name":"wp","href":"https:\/\/api.w.org\/{rel}","templated":true}]}}