{"id":15997,"date":"2023-06-22T17:42:04","date_gmt":"2023-06-22T15:42:04","guid":{"rendered":"https:\/\/www.2euros.org\/non-classifiee\/2023-andorra-summer-solstice-festival\/"},"modified":"2025-02-04T20:03:37","modified_gmt":"2025-02-04T19:03:37","slug":"2023-andorra-summer-solstice-festival","status":"publish","type":"post","link":"https:\/\/www.2euros.org\/en\/2-euro-commemorative-2023\/2023-andorra-summer-solstice-festival\/","title":{"rendered":"2023 &#8211; Andorra &#8211; Summer Solstice Festival"},"content":{"rendered":"\n<h2 class=\"wp-block-heading\">Introduction<\/h2>\n\n<p>First of all, this commemorative 2 euro coin issued by Andorra in 2023 celebrates a significant cultural or historical aspect for the country. In fact, the central design highlights a dynamic figure and a symbol of influence, representing the progress and modernity of Andorra. All to commemorate the summer solstice festival.<\/p>\n\n<h2 class=\"wp-block-heading\">Design Central<\/h2>\n\n<p>The piece features a character dressed in a cape, probably a symbolic or historical figure from Andorra. Furthermore, this figure, in a dynamic posture, seems to reach out towards a shining bow. This arc perhaps evokes a comet or a symbol of progress and modernity. Additionally, in the background, light rays emanate from a focal point on the right, giving an impression of radiance and energy.<\/p>\n\n<h2 class=\"wp-block-heading\">Inscriptions and Symbols<\/h2>\n\n<p>To the right of the coin, in a circle, are written &#8220;2023 ANDORRA&#8221;. Indeed, this inscription indicates the year of issue and the issuing country, thus highlighting the origin and commemoration of the event. Furthermore, the combination of these elements symbolizes Andorra&#8217;s commitment to progress and modernity while honoring its cultural and historical heritage.<\/p>\n\n<h2 class=\"wp-block-heading\">European symbolism<\/h2>\n\n<p>Additionally, twelve stars surround the outer border of the coin. Indeed, these stars represent the member states of the European Union, thus symbolizing unity and solidarity within Europe. Furthermore, their arrangement around the central motif forms a symbolic crown, reinforcing Andorra&#8217;s belonging to the European community and underlining its commitment to the values \u200b\u200bshared by the member countries.<\/p>\n\n<h2 class=\"wp-block-heading\">Conclusion<\/h2>\n\n<p>By issuing this coin, Andorra celebrates an important aspect of its cultural or historical heritage. As a result, the 2 euro coin issued in 2023 becomes a symbol of respect for Andorra&#8217;s commitment to progress and modernity. Therefore, it recalls the importance of Andorra&#8217;s integration into the international community and its active role in promoting European values.<\/p>\n\n<p>Additionally, this commemorative coin highlights Andorra&#8217;s commitment to preserving its cultural heritage. In short, this coin is a lasting tribute to the history and culture of Andorra, reinforcing the country&#8217;s place in the European community while celebrating its rich heritage and commitment to progress.<\/p>\n\n<p class=\"has-text-align-center\"><img loading=\"lazy\" decoding=\"async\" width=\"300\" height=\"440\" class=\"wp-image-20997\" style=\"width: 300px;\" src=\"https:\/\/www.2euros.org\/wp-content\/uploads\/2023\/06\/2023-andorrecoincard2.webp\" alt=\"\" srcset=\"https:\/\/www.2euros.org\/wp-content\/uploads\/2023\/06\/2023-andorrecoincard2.webp 400w, https:\/\/www.2euros.org\/wp-content\/uploads\/2023\/06\/2023-andorrecoincard2-137x200.webp 137w, https:\/\/www.2euros.org\/wp-content\/uploads\/2023\/06\/2023-andorrecoincard2-341x500.webp 341w, https:\/\/www.2euros.org\/wp-content\/uploads\/2023\/06\/2023-andorrecoincard2-102x150.webp 102w, https:\/\/www.2euros.org\/wp-content\/uploads\/2023\/06\/2023-andorrecoincard2-16x24.webp 16w, https:\/\/www.2euros.org\/wp-content\/uploads\/2023\/06\/2023-andorrecoincard2-25x36.webp 25w, https:\/\/www.2euros.org\/wp-content\/uploads\/2023\/06\/2023-andorrecoincard2-33x48.webp 33w\" sizes=\"auto, (max-width: 300px) 100vw, 300px\" \/><\/p>\n\n<figure class=\"wp-block-table is-style-stripes\"><table><tbody><tr><td><strong>Country of Issue:<\/strong><\/td><td><img loading=\"lazy\" decoding=\"async\" class=\" size-full wp-image-958\" title=\"Andorre\" src=\"https:\/\/www.2euros.org\/wp-content\/uploads\/2019\/03\/andorre-10c.png\" alt=\"Andorre\" width=\"30\" height=\"20\" srcset=\"https:\/\/www.2euros.org\/wp-content\/uploads\/2019\/03\/andorre-10c.png 32w, https:\/\/www.2euros.org\/wp-content\/uploads\/2019\/03\/andorre-10c-24x16.png 24w\" sizes=\"auto, (max-width: 30px) 100vw, 30px\" \/><\/td><\/tr><tr><td><strong>Date of issue:<\/strong><\/td><td>November 28, 2023<\/td><\/tr><tr><td><strong>Total mintage:<\/strong><\/td><td>70.000<\/td><\/tr><tr><td>\u2013 Proof:<\/td><td>\u00a00<\/td><\/tr><tr><td>\u2013 BU:<\/td><td>\u00a070.000<\/td><\/tr><tr><td>\u2013 UNC:<\/td><td>\u00a00<\/td><\/tr><tr><td><strong>Engraver:<\/strong><\/td><td><\/td><\/tr><tr><td><strong>The edge:<\/strong><\/td><td><img loading=\"lazy\" decoding=\"async\" width=\"250\" height=\"13\" class=\"wp-image-18551\" style=\"width: 250px;\" src=\"https:\/\/www.2euros.org\/wp-content\/uploads\/2024\/06\/italie1.jpg\" alt=\"\" srcset=\"https:\/\/www.2euros.org\/wp-content\/uploads\/2024\/06\/italie1.jpg 225w, https:\/\/www.2euros.org\/wp-content\/uploads\/2024\/06\/italie1-200x11.jpg 200w, https:\/\/www.2euros.org\/wp-content\/uploads\/2024\/06\/italie1-150x8.jpg 150w, https:\/\/www.2euros.org\/wp-content\/uploads\/2024\/06\/italie1-24x1.jpg 24w, https:\/\/www.2euros.org\/wp-content\/uploads\/2024\/06\/italie1-36x2.jpg 36w, https:\/\/www.2euros.org\/wp-content\/uploads\/2024\/06\/italie1-48x3.jpg 48w\" sizes=\"auto, (max-width: 250px) 100vw, 250px\" \/><\/td><\/tr><tr><td><strong>Rarity:<\/strong><\/td><td><img decoding=\"async\" src=\"https:\/\/www.2euros.org\/images\/euro.png\"\/><img decoding=\"async\" src=\"https:\/\/www.2euros.org\/images\/euro.png\"\/><img decoding=\"async\" src=\"https:\/\/www.2euros.org\/images\/euro.png\"\/><img decoding=\"async\" src=\"https:\/\/www.2euros.org\/images\/euro.png\"\/><img decoding=\"async\" src=\"https:\/\/www.2euros.org\/images\/euro.png\"\/><img decoding=\"async\" src=\"https:\/\/www.2euros.org\/images\/euro2.png\"\/><img decoding=\"async\" src=\"https:\/\/www.2euros.org\/images\/euro2.png\"\/><img decoding=\"async\" src=\"https:\/\/www.2euros.org\/images\/euro2.png\"\/><img decoding=\"async\" src=\"https:\/\/www.2euros.org\/images\/euro2.png\"\/><img decoding=\"async\" src=\"https:\/\/www.2euros.org\/images\/euro2.png\"\/><\/td><\/tr><tr><td><strong>Official Journal:<\/strong><\/td><td><a href=\"https:\/\/eur-lex.europa.eu\/legal-content\/FR\/TXT\/?uri=CELEX%3AC%2F2023%2F01623&amp;qid=1720429928214\">C\/2023\/1623<\/a><\/td><\/tr><tr><td><strong>My collection:<\/strong><\/td><td>[cbxwpbookmarkbtn]<\/td><\/tr><\/tbody><\/table><\/figure>\n\n<p>Do you want to know the technical specifications of this coin? Feel free to visit the page dedicated to the <a href=\"https:\/\/www.2euros.org\/en\/numismatics\/characteristics-of-a-2-euro-coin\/\" target=\"_blank\" rel=\"noreferrer noopener\">specifications of a 2-euro coin<\/a>.<\/p>\n","protected":false},"excerpt":{"rendered":"<div class=\"mh-excerpt\"><p>Introduction First of all, this commemorative 2 euro coin issued by Andorra in 2023 celebrates a significant cultural or historical aspect for the country. In fact, the central design highlights a dynamic figure and a <a class=\"mh-excerpt-more\" href=\"https:\/\/www.2euros.org\/en\/2-euro-commemorative-2023\/2023-andorra-summer-solstice-festival\/\" title=\"2023 &#8211; Andorra &#8211; Summer Solstice Festival\">[&#8230;]<\/a><\/p>\n                <div class=\"ccm-buttons ccm-buttons-small\"\n                     data-post-id=\"15997\"\n                     data-state='{&quot;be&quot;:0,&quot;bu&quot;:0,&quot;unc&quot;:0,&quot;circulation&quot;:0}'\n                     data-not-logged=\"true\">\n                    <span class=\"ccm-label\">My collection<\/span>\n                    <button class=\"coin-btn\" data-type=\"be\">Proof<\/button>\n                    <button class=\"coin-btn\" data-type=\"bu\">BU<\/button>\n                    <button class=\"coin-btn\" data-type=\"unc\">UNC<\/button>\n                    <button class=\"coin-btn\" data-type=\"circulation\">Circulated<\/button>\n                    <span class=\"ccm-separator\"> - <\/span>\n                    <button class=\"no-coin-btn\" data-type=\"none\">I don&#039;t have this coin<\/button>\n                <\/div>\n                <p class=\"ccm-login-message\">Veuillez vous inscrire pour pouvoir g\u00e9rer votre collection<\/p><\/div>","protected":false},"author":1,"featured_media":15016,"comment_status":"open","ping_status":"open","sticky":false,"template":"","format":"standard","meta":{"footnotes":""},"categories":[1176,1153],"tags":[1207,1456,1410,1210,1212,1501,1503,1502],"class_list":["post-15997","post","type-post","status-publish","format-standard","has-post-thumbnail","hentry","category-2-euro-commemorative-2023","category-andorra","tag-2-en","tag-2023-en","tag-andorre-en","tag-commemorative-en","tag-euros-en","tag-festival","tag-solstice-en","tag-summer"],"yoast_head":"<!-- This site is optimized with the Yoast SEO plugin v27.4 - https:\/\/yoast.com\/product\/yoast-seo-wordpress\/ -->\n<title>Summer Solstice Festival - Andorra 2023 &#8226; 2Euros.org<\/title>\n<meta name=\"description\" content=\"This commemorative coin celebrates the summer solstice festival and was issued by the principality of Andorra in 2023\" \/>\n<meta name=\"robots\" content=\"index, follow, max-snippet:-1, max-image-preview:large, max-video-preview:-1\" \/>\n<link rel=\"canonical\" href=\"https:\/\/www.2euros.org\/en\/2-euro-commemorative-2023\/2023-andorra-summer-solstice-festival\/\" \/>\n<meta property=\"og:locale\" content=\"en_US\" \/>\n<meta property=\"og:type\" content=\"article\" \/>\n<meta property=\"og:title\" content=\"Summer Solstice Festival - Andorra 2023 &#8226; 2Euros.org\" \/>\n<meta property=\"og:description\" content=\"This commemorative coin celebrates the summer solstice festival and was issued by the principality of Andorra in 2023\" \/>\n<meta property=\"og:url\" content=\"https:\/\/www.2euros.org\/en\/2-euro-commemorative-2023\/2023-andorra-summer-solstice-festival\/\" \/>\n<meta property=\"og:site_name\" content=\"2Euros.org\" \/>\n<meta property=\"article:publisher\" content=\"https:\/\/www.facebook.com\/groups\/133974904458606\" \/>\n<meta property=\"article:published_time\" content=\"2023-06-22T15:42:04+00:00\" \/>\n<meta property=\"article:modified_time\" content=\"2025-02-04T19:03:37+00:00\" \/>\n<meta property=\"og:image\" content=\"https:\/\/www.2euros.org\/wp-content\/uploads\/2023\/06\/2023-andorre1gm.jpg\" \/>\n\t<meta property=\"og:image:width\" content=\"550\" \/>\n\t<meta property=\"og:image:height\" content=\"549\" \/>\n\t<meta property=\"og:image:type\" content=\"image\/jpeg\" \/>\n<meta name=\"author\" content=\"Pierre D\" \/>\n<meta name=\"twitter:card\" content=\"summary_large_image\" \/>\n<meta name=\"twitter:label1\" content=\"Written by\" \/>\n\t<meta name=\"twitter:data1\" content=\"Pierre D\" \/>\n\t<meta name=\"twitter:label2\" content=\"Est. reading time\" \/>\n\t<meta name=\"twitter:data2\" content=\"2 minutes\" \/>\n<script type=\"application\/ld+json\" class=\"yoast-schema-graph\">{\"@context\":\"https:\\\/\\\/schema.org\",\"@graph\":[{\"@type\":\"Article\",\"@id\":\"https:\\\/\\\/www.2euros.org\\\/en\\\/2-euro-commemorative-2023\\\/2023-andorra-summer-solstice-festival\\\/#article\",\"isPartOf\":{\"@id\":\"https:\\\/\\\/www.2euros.org\\\/en\\\/2-euro-commemorative-2023\\\/2023-andorra-summer-solstice-festival\\\/\"},\"author\":{\"name\":\"Pierre D\",\"@id\":\"https:\\\/\\\/www.2euros.org\\\/en\\\/#\\\/schema\\\/person\\\/12e34ec3242fa163c51adacbcd7b2ebd\"},\"headline\":\"2023 &#8211; Andorra &#8211; Summer Solstice Festival\",\"datePublished\":\"2023-06-22T15:42:04+00:00\",\"dateModified\":\"2025-02-04T19:03:37+00:00\",\"mainEntityOfPage\":{\"@id\":\"https:\\\/\\\/www.2euros.org\\\/en\\\/2-euro-commemorative-2023\\\/2023-andorra-summer-solstice-festival\\\/\"},\"wordCount\":393,\"commentCount\":0,\"publisher\":{\"@id\":\"https:\\\/\\\/www.2euros.org\\\/en\\\/#organization\"},\"image\":{\"@id\":\"https:\\\/\\\/www.2euros.org\\\/en\\\/2-euro-commemorative-2023\\\/2023-andorra-summer-solstice-festival\\\/#primaryimage\"},\"thumbnailUrl\":\"https:\\\/\\\/www.2euros.org\\\/wp-content\\\/uploads\\\/2023\\\/06\\\/2023-andorre1gm.jpg\",\"keywords\":[\"2\",\"2023\",\"andorre\",\"comm\u00e9morative\",\"euros\",\"festival\",\"solstice\",\"summer\"],\"articleSection\":[\"2023\",\"Andorra\"],\"inLanguage\":\"en-US\",\"potentialAction\":[{\"@type\":\"CommentAction\",\"name\":\"Comment\",\"target\":[\"https:\\\/\\\/www.2euros.org\\\/en\\\/2-euro-commemorative-2023\\\/2023-andorra-summer-solstice-festival\\\/#respond\"]}]},{\"@type\":\"WebPage\",\"@id\":\"https:\\\/\\\/www.2euros.org\\\/en\\\/2-euro-commemorative-2023\\\/2023-andorra-summer-solstice-festival\\\/\",\"url\":\"https:\\\/\\\/www.2euros.org\\\/en\\\/2-euro-commemorative-2023\\\/2023-andorra-summer-solstice-festival\\\/\",\"name\":\"Summer Solstice Festival - Andorra 2023 &#8226; 2Euros.org\",\"isPartOf\":{\"@id\":\"https:\\\/\\\/www.2euros.org\\\/en\\\/#website\"},\"primaryImageOfPage\":{\"@id\":\"https:\\\/\\\/www.2euros.org\\\/en\\\/2-euro-commemorative-2023\\\/2023-andorra-summer-solstice-festival\\\/#primaryimage\"},\"image\":{\"@id\":\"https:\\\/\\\/www.2euros.org\\\/en\\\/2-euro-commemorative-2023\\\/2023-andorra-summer-solstice-festival\\\/#primaryimage\"},\"thumbnailUrl\":\"https:\\\/\\\/www.2euros.org\\\/wp-content\\\/uploads\\\/2023\\\/06\\\/2023-andorre1gm.jpg\",\"datePublished\":\"2023-06-22T15:42:04+00:00\",\"dateModified\":\"2025-02-04T19:03:37+00:00\",\"description\":\"This commemorative coin celebrates the summer solstice festival and was issued by the principality of Andorra in 2023\",\"breadcrumb\":{\"@id\":\"https:\\\/\\\/www.2euros.org\\\/en\\\/2-euro-commemorative-2023\\\/2023-andorra-summer-solstice-festival\\\/#breadcrumb\"},\"inLanguage\":\"en-US\",\"potentialAction\":[{\"@type\":\"ReadAction\",\"target\":[\"https:\\\/\\\/www.2euros.org\\\/en\\\/2-euro-commemorative-2023\\\/2023-andorra-summer-solstice-festival\\\/\"]}]},{\"@type\":\"ImageObject\",\"inLanguage\":\"en-US\",\"@id\":\"https:\\\/\\\/www.2euros.org\\\/en\\\/2-euro-commemorative-2023\\\/2023-andorra-summer-solstice-festival\\\/#primaryimage\",\"url\":\"https:\\\/\\\/www.2euros.org\\\/wp-content\\\/uploads\\\/2023\\\/06\\\/2023-andorre1gm.jpg\",\"contentUrl\":\"https:\\\/\\\/www.2euros.org\\\/wp-content\\\/uploads\\\/2023\\\/06\\\/2023-andorre1gm.jpg\",\"width\":550,\"height\":549},{\"@type\":\"BreadcrumbList\",\"@id\":\"https:\\\/\\\/www.2euros.org\\\/en\\\/2-euro-commemorative-2023\\\/2023-andorra-summer-solstice-festival\\\/#breadcrumb\",\"itemListElement\":[{\"@type\":\"ListItem\",\"position\":1,\"name\":\"Home\",\"item\":\"https:\\\/\\\/www.2euros.org\\\/en\\\/\"},{\"@type\":\"ListItem\",\"position\":2,\"name\":\"2023\",\"item\":\"https:\\\/\\\/www.2euros.org\\\/en\\\/category\\\/2-euro-commemorative-2023\\\/\"},{\"@type\":\"ListItem\",\"position\":3,\"name\":\"2023 &#8211; Andorra &#8211; Summer Solstice Festival\"}]},{\"@type\":\"WebSite\",\"@id\":\"https:\\\/\\\/www.2euros.org\\\/en\\\/#website\",\"url\":\"https:\\\/\\\/www.2euros.org\\\/en\\\/\",\"name\":\"2Euros.org\",\"description\":\"Site de r\u00e9f\u00e9rence des pi\u00e8ces comm\u00e9moratives de 2 euros\",\"publisher\":{\"@id\":\"https:\\\/\\\/www.2euros.org\\\/en\\\/#organization\"},\"potentialAction\":[{\"@type\":\"SearchAction\",\"target\":{\"@type\":\"EntryPoint\",\"urlTemplate\":\"https:\\\/\\\/www.2euros.org\\\/en\\\/?s={search_term_string}\"},\"query-input\":{\"@type\":\"PropertyValueSpecification\",\"valueRequired\":true,\"valueName\":\"search_term_string\"}}],\"inLanguage\":\"en-US\"},{\"@type\":\"Organization\",\"@id\":\"https:\\\/\\\/www.2euros.org\\\/en\\\/#organization\",\"name\":\"Ce site a pour but de r\u00e9f\u00e9rencer toutes les pi\u00e8ces de 2euros comm\u00e9moratives. Elles seront r\u00e9f\u00e9renc\u00e9es par ann\u00e9e et par pays. Pour chaque pi\u00e8ce, vous trouverez un descriptif d\u00e9taill\u00e9, son estimation, le d\u00e9tail de ses caract\u00e9ristiques, l'\u00e9mission, etc...\",\"alternateName\":\"2Euros.org!\",\"url\":\"https:\\\/\\\/www.2euros.org\\\/en\\\/\",\"logo\":{\"@type\":\"ImageObject\",\"inLanguage\":\"en-US\",\"@id\":\"https:\\\/\\\/www.2euros.org\\\/en\\\/#\\\/schema\\\/logo\\\/image\\\/\",\"url\":\"https:\\\/\\\/www.2euros.org\\\/wp-content\\\/uploads\\\/2023\\\/11\\\/cropped-logo2euros200px.png\",\"contentUrl\":\"https:\\\/\\\/www.2euros.org\\\/wp-content\\\/uploads\\\/2023\\\/11\\\/cropped-logo2euros200px.png\",\"width\":200,\"height\":200,\"caption\":\"Ce site a pour but de r\u00e9f\u00e9rencer toutes les pi\u00e8ces de 2euros comm\u00e9moratives. Elles seront r\u00e9f\u00e9renc\u00e9es par ann\u00e9e et par pays. Pour chaque pi\u00e8ce, vous trouverez un descriptif d\u00e9taill\u00e9, son estimation, le d\u00e9tail de ses caract\u00e9ristiques, l'\u00e9mission, etc...\"},\"image\":{\"@id\":\"https:\\\/\\\/www.2euros.org\\\/en\\\/#\\\/schema\\\/logo\\\/image\\\/\"},\"sameAs\":[\"https:\\\/\\\/www.facebook.com\\\/groups\\\/133974904458606\"]},{\"@type\":\"Person\",\"@id\":\"https:\\\/\\\/www.2euros.org\\\/en\\\/#\\\/schema\\\/person\\\/12e34ec3242fa163c51adacbcd7b2ebd\",\"name\":\"Pierre D\",\"image\":{\"@type\":\"ImageObject\",\"inLanguage\":\"en-US\",\"@id\":\"https:\\\/\\\/www.2euros.org\\\/wp-content\\\/uploads\\\/wp-user-manager-uploads\\\/2025\\\/12\\\/462084061_10231332749754304_5952221512921178099_n.jpg\",\"url\":\"https:\\\/\\\/www.2euros.org\\\/wp-content\\\/uploads\\\/wp-user-manager-uploads\\\/2025\\\/12\\\/462084061_10231332749754304_5952221512921178099_n.jpg\",\"contentUrl\":\"https:\\\/\\\/www.2euros.org\\\/wp-content\\\/uploads\\\/wp-user-manager-uploads\\\/2025\\\/12\\\/462084061_10231332749754304_5952221512921178099_n.jpg\",\"caption\":\"Pierre D\"},\"description\":\"Webmaster de 2euros.org\",\"sameAs\":[\"https:\\\/\\\/www.2euros.org\\\/\"]}]}<\/script>\n<!-- \/ Yoast SEO plugin. -->","yoast_head_json":{"title":"Summer Solstice Festival - Andorra 2023 &#8226; 2Euros.org","description":"This commemorative coin celebrates the summer solstice festival and was issued by the principality of Andorra in 2023","robots":{"index":"index","follow":"follow","max-snippet":"max-snippet:-1","max-image-preview":"max-image-preview:large","max-video-preview":"max-video-preview:-1"},"canonical":"https:\/\/www.2euros.org\/en\/2-euro-commemorative-2023\/2023-andorra-summer-solstice-festival\/","og_locale":"en_US","og_type":"article","og_title":"Summer Solstice Festival - Andorra 2023 &#8226; 2Euros.org","og_description":"This commemorative coin celebrates the summer solstice festival and was issued by the principality of Andorra in 2023","og_url":"https:\/\/www.2euros.org\/en\/2-euro-commemorative-2023\/2023-andorra-summer-solstice-festival\/","og_site_name":"2Euros.org","article_publisher":"https:\/\/www.facebook.com\/groups\/133974904458606","article_published_time":"2023-06-22T15:42:04+00:00","article_modified_time":"2025-02-04T19:03:37+00:00","og_image":[{"width":550,"height":549,"url":"https:\/\/www.2euros.org\/wp-content\/uploads\/2023\/06\/2023-andorre1gm.jpg","type":"image\/jpeg"}],"author":"Pierre D","twitter_card":"summary_large_image","twitter_misc":{"Written by":"Pierre D","Est. reading time":"2 minutes"},"schema":{"@context":"https:\/\/schema.org","@graph":[{"@type":"Article","@id":"https:\/\/www.2euros.org\/en\/2-euro-commemorative-2023\/2023-andorra-summer-solstice-festival\/#article","isPartOf":{"@id":"https:\/\/www.2euros.org\/en\/2-euro-commemorative-2023\/2023-andorra-summer-solstice-festival\/"},"author":{"name":"Pierre D","@id":"https:\/\/www.2euros.org\/en\/#\/schema\/person\/12e34ec3242fa163c51adacbcd7b2ebd"},"headline":"2023 &#8211; Andorra &#8211; Summer Solstice Festival","datePublished":"2023-06-22T15:42:04+00:00","dateModified":"2025-02-04T19:03:37+00:00","mainEntityOfPage":{"@id":"https:\/\/www.2euros.org\/en\/2-euro-commemorative-2023\/2023-andorra-summer-solstice-festival\/"},"wordCount":393,"commentCount":0,"publisher":{"@id":"https:\/\/www.2euros.org\/en\/#organization"},"image":{"@id":"https:\/\/www.2euros.org\/en\/2-euro-commemorative-2023\/2023-andorra-summer-solstice-festival\/#primaryimage"},"thumbnailUrl":"https:\/\/www.2euros.org\/wp-content\/uploads\/2023\/06\/2023-andorre1gm.jpg","keywords":["2","2023","andorre","comm\u00e9morative","euros","festival","solstice","summer"],"articleSection":["2023","Andorra"],"inLanguage":"en-US","potentialAction":[{"@type":"CommentAction","name":"Comment","target":["https:\/\/www.2euros.org\/en\/2-euro-commemorative-2023\/2023-andorra-summer-solstice-festival\/#respond"]}]},{"@type":"WebPage","@id":"https:\/\/www.2euros.org\/en\/2-euro-commemorative-2023\/2023-andorra-summer-solstice-festival\/","url":"https:\/\/www.2euros.org\/en\/2-euro-commemorative-2023\/2023-andorra-summer-solstice-festival\/","name":"Summer Solstice Festival - Andorra 2023 &#8226; 2Euros.org","isPartOf":{"@id":"https:\/\/www.2euros.org\/en\/#website"},"primaryImageOfPage":{"@id":"https:\/\/www.2euros.org\/en\/2-euro-commemorative-2023\/2023-andorra-summer-solstice-festival\/#primaryimage"},"image":{"@id":"https:\/\/www.2euros.org\/en\/2-euro-commemorative-2023\/2023-andorra-summer-solstice-festival\/#primaryimage"},"thumbnailUrl":"https:\/\/www.2euros.org\/wp-content\/uploads\/2023\/06\/2023-andorre1gm.jpg","datePublished":"2023-06-22T15:42:04+00:00","dateModified":"2025-02-04T19:03:37+00:00","description":"This commemorative coin celebrates the summer solstice festival and was issued by the principality of Andorra in 2023","breadcrumb":{"@id":"https:\/\/www.2euros.org\/en\/2-euro-commemorative-2023\/2023-andorra-summer-solstice-festival\/#breadcrumb"},"inLanguage":"en-US","potentialAction":[{"@type":"ReadAction","target":["https:\/\/www.2euros.org\/en\/2-euro-commemorative-2023\/2023-andorra-summer-solstice-festival\/"]}]},{"@type":"ImageObject","inLanguage":"en-US","@id":"https:\/\/www.2euros.org\/en\/2-euro-commemorative-2023\/2023-andorra-summer-solstice-festival\/#primaryimage","url":"https:\/\/www.2euros.org\/wp-content\/uploads\/2023\/06\/2023-andorre1gm.jpg","contentUrl":"https:\/\/www.2euros.org\/wp-content\/uploads\/2023\/06\/2023-andorre1gm.jpg","width":550,"height":549},{"@type":"BreadcrumbList","@id":"https:\/\/www.2euros.org\/en\/2-euro-commemorative-2023\/2023-andorra-summer-solstice-festival\/#breadcrumb","itemListElement":[{"@type":"ListItem","position":1,"name":"Home","item":"https:\/\/www.2euros.org\/en\/"},{"@type":"ListItem","position":2,"name":"2023","item":"https:\/\/www.2euros.org\/en\/category\/2-euro-commemorative-2023\/"},{"@type":"ListItem","position":3,"name":"2023 &#8211; Andorra &#8211; Summer Solstice Festival"}]},{"@type":"WebSite","@id":"https:\/\/www.2euros.org\/en\/#website","url":"https:\/\/www.2euros.org\/en\/","name":"2Euros.org","description":"Site de r\u00e9f\u00e9rence des pi\u00e8ces comm\u00e9moratives de 2 euros","publisher":{"@id":"https:\/\/www.2euros.org\/en\/#organization"},"potentialAction":[{"@type":"SearchAction","target":{"@type":"EntryPoint","urlTemplate":"https:\/\/www.2euros.org\/en\/?s={search_term_string}"},"query-input":{"@type":"PropertyValueSpecification","valueRequired":true,"valueName":"search_term_string"}}],"inLanguage":"en-US"},{"@type":"Organization","@id":"https:\/\/www.2euros.org\/en\/#organization","name":"Ce site a pour but de r\u00e9f\u00e9rencer toutes les pi\u00e8ces de 2euros comm\u00e9moratives. Elles seront r\u00e9f\u00e9renc\u00e9es par ann\u00e9e et par pays. Pour chaque pi\u00e8ce, vous trouverez un descriptif d\u00e9taill\u00e9, son estimation, le d\u00e9tail de ses caract\u00e9ristiques, l'\u00e9mission, etc...","alternateName":"2Euros.org!","url":"https:\/\/www.2euros.org\/en\/","logo":{"@type":"ImageObject","inLanguage":"en-US","@id":"https:\/\/www.2euros.org\/en\/#\/schema\/logo\/image\/","url":"https:\/\/www.2euros.org\/wp-content\/uploads\/2023\/11\/cropped-logo2euros200px.png","contentUrl":"https:\/\/www.2euros.org\/wp-content\/uploads\/2023\/11\/cropped-logo2euros200px.png","width":200,"height":200,"caption":"Ce site a pour but de r\u00e9f\u00e9rencer toutes les pi\u00e8ces de 2euros comm\u00e9moratives. Elles seront r\u00e9f\u00e9renc\u00e9es par ann\u00e9e et par pays. Pour chaque pi\u00e8ce, vous trouverez un descriptif d\u00e9taill\u00e9, son estimation, le d\u00e9tail de ses caract\u00e9ristiques, l'\u00e9mission, etc..."},"image":{"@id":"https:\/\/www.2euros.org\/en\/#\/schema\/logo\/image\/"},"sameAs":["https:\/\/www.facebook.com\/groups\/133974904458606"]},{"@type":"Person","@id":"https:\/\/www.2euros.org\/en\/#\/schema\/person\/12e34ec3242fa163c51adacbcd7b2ebd","name":"Pierre D","image":{"@type":"ImageObject","inLanguage":"en-US","@id":"https:\/\/www.2euros.org\/wp-content\/uploads\/wp-user-manager-uploads\/2025\/12\/462084061_10231332749754304_5952221512921178099_n.jpg","url":"https:\/\/www.2euros.org\/wp-content\/uploads\/wp-user-manager-uploads\/2025\/12\/462084061_10231332749754304_5952221512921178099_n.jpg","contentUrl":"https:\/\/www.2euros.org\/wp-content\/uploads\/wp-user-manager-uploads\/2025\/12\/462084061_10231332749754304_5952221512921178099_n.jpg","caption":"Pierre D"},"description":"Webmaster de 2euros.org","sameAs":["https:\/\/www.2euros.org\/"]}]}},"_links":{"self":[{"href":"https:\/\/www.2euros.org\/en\/wp-json\/wp\/v2\/posts\/15997","targetHints":{"allow":["GET"]}}],"collection":[{"href":"https:\/\/www.2euros.org\/en\/wp-json\/wp\/v2\/posts"}],"about":[{"href":"https:\/\/www.2euros.org\/en\/wp-json\/wp\/v2\/types\/post"}],"author":[{"embeddable":true,"href":"https:\/\/www.2euros.org\/en\/wp-json\/wp\/v2\/users\/1"}],"replies":[{"embeddable":true,"href":"https:\/\/www.2euros.org\/en\/wp-json\/wp\/v2\/comments?post=15997"}],"version-history":[{"count":0,"href":"https:\/\/www.2euros.org\/en\/wp-json\/wp\/v2\/posts\/15997\/revisions"}],"wp:featuredmedia":[{"embeddable":true,"href":"https:\/\/www.2euros.org\/en\/wp-json\/wp\/v2\/media\/15016"}],"wp:attachment":[{"href":"https:\/\/www.2euros.org\/en\/wp-json\/wp\/v2\/media?parent=15997"}],"wp:term":[{"taxonomy":"category","embeddable":true,"href":"https:\/\/www.2euros.org\/en\/wp-json\/wp\/v2\/categories?post=15997"},{"taxonomy":"post_tag","embeddable":true,"href":"https:\/\/www.2euros.org\/en\/wp-json\/wp\/v2\/tags?post=15997"}],"curies":[{"name":"wp","href":"https:\/\/api.w.org\/{rel}","templated":true}]}}