{"id":15911,"date":"2024-06-25T15:15:25","date_gmt":"2024-06-25T13:15:25","guid":{"rendered":"https:\/\/www.2euros.org\/non-classifiee\/2025-luxembourg-25th-anniversary-of-the-accession-to-the-throne-of-grand-duke-henri\/"},"modified":"2025-07-15T19:44:44","modified_gmt":"2025-07-15T17:44:44","slug":"2025-luxembourg-25th-anniversary-of-the-accession-to-the-throne-of-grand-duke-henri","status":"publish","type":"post","link":"https:\/\/www.2euros.org\/en\/2-euro-commemorative-luxembourg\/2025-luxembourg-25th-anniversary-of-the-accession-to-the-throne-of-grand-duke-henri\/","title":{"rendered":"2025 &#8211; Luxembourg &#8211; 25th anniversary of the accession to the throne of Grand Duke Henri"},"content":{"rendered":"\n<h2 class=\"wp-block-heading has-text-align-left\">Introduction<\/h2>\n\n<p>This \u20ac2 commemorative coin, issued by Luxembourg in 2025, celebrates the <em>25th anniversary of Grand Duke Henri&#8217;s accession to the throne<\/em>. This event marks a quarter century of reign for an emblematic figure of the Luxembourg monarchy. The coin pays tribute to this historic anniversary by associating symbols representative of grand-ducal power.<\/p>\n\n<h2 class=\"wp-block-heading\">Coin description<\/h2>\n\n<p>The obverse of the coin features a realistic portrait of Grand Duke Henri, facing forward, with a serene and majestic expression. In the background, the Grand Ducal Palace, the official residence and symbol of the power of the Head of State, stands out. This neo-Renaissance building is depicted in detail, highlighting its characteristic architecture, including its slender towers and Gothic ornaments.<\/p>\n\n<p>The inscription at the top of the coin reads: <em>&#8220;25. TROUNJUBIL\u00c4UM VUM GROUSSHERZOG HENRI&#8221;<\/em>, meaning in French: <em>&#8220;25th anniversary of the accession to the throne of Grand Duke Henri&#8221;<\/em> em&gt;. At the bottom, the word <em>&#8220;L\u00cbTZEBUERG&#8221;<\/em> designates the name of the issuing country, Luxembourg, written in Luxembourgish. The year of issue <em>&#8220;2025&#8221;<\/em> is engraved below, framed by the letter <em>&#8220;\u00b5&#8221;<\/em> indicating the mint of manufacture.<\/p>\n\n<p>Around the obverse, a circle of twelve stars symbolises the European Union, marking Luxembourg&#8217;s membership in this community. The finesse of the design and the detailed engraving reflect remarkable numismatic know-how, reinforcing the solemn aspect of this coin.<\/p>\n\n<h2 class=\"wp-block-heading\">Conclusion<\/h2>\n\n<p class=\"has-text-align-left\">In summary, this 2-euro commemorative coin issued in 2025 illustrates the importance of Grand Duke Henri in the contemporary history of Luxembourg. By celebrating his 25 years of reign, it highlights the stability and prestige of the Luxembourg monarchy. This symbolic tribute, combined with the architectural details of the Grand Ducal Palace, makes it a historically and aesthetically significant work. This 2025 issue thus demonstrates the country&#8217;s attachment to its monarchical tradition and its national identity.<\/p>\n\n<figure class=\"wp-block-table is-style-stripes\"><table><tbody><tr><td><strong>Country of Issue:<\/strong><\/td><td><img loading=\"lazy\" decoding=\"async\" width=\"32\" height=\"21\" class=\"wp-image-2006\" style=\"width: 32px;\" src=\"https:\/\/www.2euros.org\/wp-content\/uploads\/2022\/09\/luxembourg-fd6.png\" alt=\"\" srcset=\"https:\/\/www.2euros.org\/wp-content\/uploads\/2022\/09\/luxembourg-fd6.png 32w, https:\/\/www.2euros.org\/wp-content\/uploads\/2022\/09\/luxembourg-fd6-24x16.png 24w\" sizes=\"auto, (max-width: 32px) 100vw, 32px\" \/><\/td><\/tr><tr><td><strong>Date of issue:<\/strong><\/td><td>May 5, 2025<\/td><\/tr><tr><td><strong>Total mintage:<\/strong><\/td><td>136.000<\/td><\/tr><tr><td>\u2013 Proof:<\/td><td>\u00a03.500<\/td><\/tr><tr><td>\u2013 BU:<\/td><td>\u00a07.500<\/td><\/tr><tr><td>\u2013 UNC:<\/td><td>\u00a0125.000<\/td><\/tr><tr><td><strong>Engraver:<\/strong><\/td><td>Joaquin Jimenez<\/td><\/tr><tr><td><strong>The edge:<\/strong><\/td><td><img loading=\"lazy\" decoding=\"async\" width=\"200\" height=\"11\" class=\"wp-image-18721\" style=\"width: 200px;\" src=\"https:\/\/www.2euros.org\/wp-content\/uploads\/2005\/05\/luxembourg1.jpg\" alt=\"\" srcset=\"https:\/\/www.2euros.org\/wp-content\/uploads\/2005\/05\/luxembourg1.jpg 187w, https:\/\/www.2euros.org\/wp-content\/uploads\/2005\/05\/luxembourg1-150x8.jpg 150w\" sizes=\"auto, (max-width: 200px) 100vw, 200px\" \/><\/td><\/tr><tr><td><strong>Rarity:<\/strong><\/td><td><img decoding=\"async\" src=\"https:\/\/www.2euros.org\/images\/euro.png\"\/><img decoding=\"async\" src=\"https:\/\/www.2euros.org\/images\/euro.png\"\/><img decoding=\"async\" src=\"https:\/\/www.2euros.org\/images\/euro.png\"\/><img decoding=\"async\" src=\"https:\/\/www.2euros.org\/images\/euro.png\"\/><img decoding=\"async\" src=\"https:\/\/www.2euros.org\/images\/euro2.png\"\/><img decoding=\"async\" src=\"https:\/\/www.2euros.org\/images\/euro2.png\"\/><img decoding=\"async\" src=\"https:\/\/www.2euros.org\/images\/euro2.png\"\/><img decoding=\"async\" src=\"https:\/\/www.2euros.org\/images\/euro2.png\"\/><img decoding=\"async\" src=\"https:\/\/www.2euros.org\/images\/euro2.png\"\/><img decoding=\"async\" src=\"https:\/\/www.2euros.org\/images\/euro2.png\"\/><\/td><\/tr><tr><td><strong>Official Journal:<\/strong><\/td><td><a href=\"https:\/\/eur-lex.europa.eu\/legal-content\/FR\/TXT\/?uri=CELEX%3AC%2F2025%2F03832&amp;qid=1752597912400\" target=\"_blank\" rel=\"noreferrer noopener\">C\/2025\/3832<\/a><\/td><\/tr><tr><td><strong>My collection:<\/strong><\/td><td>[cbxwpbookmarkbtn]<\/td><\/tr><\/tbody><\/table><\/figure>\n\n<p>Do you want to know the technical specifications of this coin? Feel free to visit the page dedicated to the <a href=\"https:\/\/www.2euros.org\/en\/numismatics\/characteristics-of-a-2-euro-coin\/\" target=\"_blank\" rel=\"noreferrer noopener\">specifications of a 2-euro coin<\/a>.&#13;\n<\/p>\n","protected":false},"excerpt":{"rendered":"<div class=\"mh-excerpt\"><p>Introduction This \u20ac2 commemorative coin, issued by Luxembourg in 2025, celebrates the 25th anniversary of Grand Duke Henri&#8217;s accession to the throne. This event marks a quarter century of reign for an emblematic figure of <a class=\"mh-excerpt-more\" href=\"https:\/\/www.2euros.org\/en\/2-euro-commemorative-luxembourg\/2025-luxembourg-25th-anniversary-of-the-accession-to-the-throne-of-grand-duke-henri\/\" title=\"2025 &#8211; Luxembourg &#8211; 25th anniversary of the accession to the throne of Grand Duke Henri\">[&#8230;]<\/a><\/p>\n                <div class=\"ccm-buttons ccm-buttons-small\"\n                     data-post-id=\"15911\"\n                     data-state='{&quot;be&quot;:0,&quot;bu&quot;:0,&quot;unc&quot;:0,&quot;circulation&quot;:0}'\n                     data-not-logged=\"true\">\n                    <span class=\"ccm-label\">My collection<\/span>\n                    <button class=\"coin-btn\" data-type=\"be\">Proof<\/button>\n                    <button class=\"coin-btn\" data-type=\"bu\">BU<\/button>\n                    <button class=\"coin-btn\" data-type=\"unc\">UNC<\/button>\n                    <button class=\"coin-btn\" data-type=\"circulation\">Circulated<\/button>\n                    <span class=\"ccm-separator\"> - <\/span>\n                    <button class=\"no-coin-btn\" data-type=\"none\">I don&#039;t have this coin<\/button>\n                <\/div>\n                <p class=\"ccm-login-message\">Veuillez vous inscrire pour pouvoir g\u00e9rer votre collection<\/p><\/div>","protected":false},"author":1,"featured_media":18319,"comment_status":"open","ping_status":"open","sticky":false,"template":"","format":"standard","meta":{"footnotes":""},"categories":[1178,1196],"tags":[1207,1223,1469,1373,1209,1210,1212,1290,1344,1292,1374],"class_list":["post-15911","post","type-post","status-publish","format-standard","has-post-thumbnail","hentry","category-2-euro-commemorative-2025","category-2-euro-commemorative-luxembourg","tag-2-en","tag-2025-en","tag-25th","tag-accession-en","tag-anniversaire-en","tag-commemorative-en","tag-euros-en","tag-grand-duc-en","tag-henri-en","tag-luxembourg-en","tag-trone-en"],"yoast_head":"<!-- This site is optimized with the Yoast SEO plugin v27.4 - https:\/\/yoast.com\/product\/yoast-seo-wordpress\/ -->\n<title>The 25th anniversary of the accession of Grand Duke Henri &#8226; Luxembourg 2025<\/title>\n<meta name=\"description\" content=\"This 2 euro coin, issued by Luxembourg in 2025, celebrates the 25th anniversary of the accession to the throne of Grand Duke Henri.\" \/>\n<meta name=\"robots\" content=\"index, follow, max-snippet:-1, max-image-preview:large, max-video-preview:-1\" \/>\n<link rel=\"canonical\" href=\"https:\/\/www.2euros.org\/en\/2-euro-commemorative-luxembourg\/2025-luxembourg-25th-anniversary-of-the-accession-to-the-throne-of-grand-duke-henri\/\" \/>\n<meta property=\"og:locale\" content=\"en_US\" \/>\n<meta property=\"og:type\" content=\"article\" \/>\n<meta property=\"og:title\" content=\"The 25th anniversary of the accession of Grand Duke Henri &#8226; Luxembourg 2025\" \/>\n<meta property=\"og:description\" content=\"This 2 euro coin, issued by Luxembourg in 2025, celebrates the 25th anniversary of the accession to the throne of Grand Duke Henri.\" \/>\n<meta property=\"og:url\" content=\"https:\/\/www.2euros.org\/en\/2-euro-commemorative-luxembourg\/2025-luxembourg-25th-anniversary-of-the-accession-to-the-throne-of-grand-duke-henri\/\" \/>\n<meta property=\"og:site_name\" content=\"2Euros.org\" \/>\n<meta property=\"article:publisher\" content=\"https:\/\/www.facebook.com\/groups\/133974904458606\" \/>\n<meta property=\"article:published_time\" content=\"2024-06-25T13:15:25+00:00\" \/>\n<meta property=\"article:modified_time\" content=\"2025-07-15T17:44:44+00:00\" \/>\n<meta property=\"og:image\" content=\"https:\/\/www.2euros.org\/wp-content\/uploads\/2024\/06\/2025-luxembourg1gm.jpg\" \/>\n\t<meta property=\"og:image:width\" content=\"600\" \/>\n\t<meta property=\"og:image:height\" content=\"600\" \/>\n\t<meta property=\"og:image:type\" content=\"image\/jpeg\" \/>\n<meta name=\"author\" content=\"Pierre D\" \/>\n<meta name=\"twitter:card\" content=\"summary_large_image\" \/>\n<meta name=\"twitter:label1\" content=\"Written by\" \/>\n\t<meta name=\"twitter:data1\" content=\"Pierre D\" \/>\n\t<meta name=\"twitter:label2\" content=\"Est. reading time\" \/>\n\t<meta name=\"twitter:data2\" content=\"2 minutes\" \/>\n<script type=\"application\/ld+json\" class=\"yoast-schema-graph\">{\"@context\":\"https:\\\/\\\/schema.org\",\"@graph\":[{\"@type\":\"Article\",\"@id\":\"https:\\\/\\\/www.2euros.org\\\/en\\\/2-euro-commemorative-luxembourg\\\/2025-luxembourg-25th-anniversary-of-the-accession-to-the-throne-of-grand-duke-henri\\\/#article\",\"isPartOf\":{\"@id\":\"https:\\\/\\\/www.2euros.org\\\/en\\\/2-euro-commemorative-luxembourg\\\/2025-luxembourg-25th-anniversary-of-the-accession-to-the-throne-of-grand-duke-henri\\\/\"},\"author\":{\"name\":\"Pierre D\",\"@id\":\"https:\\\/\\\/www.2euros.org\\\/en\\\/#\\\/schema\\\/person\\\/12e34ec3242fa163c51adacbcd7b2ebd\"},\"headline\":\"2025 &#8211; Luxembourg &#8211; 25th anniversary of the accession to the throne of Grand Duke Henri\",\"datePublished\":\"2024-06-25T13:15:25+00:00\",\"dateModified\":\"2025-07-15T17:44:44+00:00\",\"mainEntityOfPage\":{\"@id\":\"https:\\\/\\\/www.2euros.org\\\/en\\\/2-euro-commemorative-luxembourg\\\/2025-luxembourg-25th-anniversary-of-the-accession-to-the-throne-of-grand-duke-henri\\\/\"},\"wordCount\":333,\"commentCount\":0,\"publisher\":{\"@id\":\"https:\\\/\\\/www.2euros.org\\\/en\\\/#organization\"},\"image\":{\"@id\":\"https:\\\/\\\/www.2euros.org\\\/en\\\/2-euro-commemorative-luxembourg\\\/2025-luxembourg-25th-anniversary-of-the-accession-to-the-throne-of-grand-duke-henri\\\/#primaryimage\"},\"thumbnailUrl\":\"https:\\\/\\\/www.2euros.org\\\/wp-content\\\/uploads\\\/2024\\\/06\\\/2025-luxembourg1gm.jpg\",\"keywords\":[\"2\",\"2025\",\"25th\",\"accession\",\"anniversaire\",\"comm\u00e9morative\",\"euros\",\"grand-duc\",\"henri\",\"luxembourg\",\"tr\u00f4ne\"],\"articleSection\":[\"2025\",\"Luxembourg\"],\"inLanguage\":\"en-US\",\"potentialAction\":[{\"@type\":\"CommentAction\",\"name\":\"Comment\",\"target\":[\"https:\\\/\\\/www.2euros.org\\\/en\\\/2-euro-commemorative-luxembourg\\\/2025-luxembourg-25th-anniversary-of-the-accession-to-the-throne-of-grand-duke-henri\\\/#respond\"]}]},{\"@type\":\"WebPage\",\"@id\":\"https:\\\/\\\/www.2euros.org\\\/en\\\/2-euro-commemorative-luxembourg\\\/2025-luxembourg-25th-anniversary-of-the-accession-to-the-throne-of-grand-duke-henri\\\/\",\"url\":\"https:\\\/\\\/www.2euros.org\\\/en\\\/2-euro-commemorative-luxembourg\\\/2025-luxembourg-25th-anniversary-of-the-accession-to-the-throne-of-grand-duke-henri\\\/\",\"name\":\"The 25th anniversary of the accession of Grand Duke Henri &#8226; Luxembourg 2025\",\"isPartOf\":{\"@id\":\"https:\\\/\\\/www.2euros.org\\\/en\\\/#website\"},\"primaryImageOfPage\":{\"@id\":\"https:\\\/\\\/www.2euros.org\\\/en\\\/2-euro-commemorative-luxembourg\\\/2025-luxembourg-25th-anniversary-of-the-accession-to-the-throne-of-grand-duke-henri\\\/#primaryimage\"},\"image\":{\"@id\":\"https:\\\/\\\/www.2euros.org\\\/en\\\/2-euro-commemorative-luxembourg\\\/2025-luxembourg-25th-anniversary-of-the-accession-to-the-throne-of-grand-duke-henri\\\/#primaryimage\"},\"thumbnailUrl\":\"https:\\\/\\\/www.2euros.org\\\/wp-content\\\/uploads\\\/2024\\\/06\\\/2025-luxembourg1gm.jpg\",\"datePublished\":\"2024-06-25T13:15:25+00:00\",\"dateModified\":\"2025-07-15T17:44:44+00:00\",\"description\":\"This 2 euro coin, issued by Luxembourg in 2025, celebrates the 25th anniversary of the accession to the throne of Grand Duke Henri.\",\"breadcrumb\":{\"@id\":\"https:\\\/\\\/www.2euros.org\\\/en\\\/2-euro-commemorative-luxembourg\\\/2025-luxembourg-25th-anniversary-of-the-accession-to-the-throne-of-grand-duke-henri\\\/#breadcrumb\"},\"inLanguage\":\"en-US\",\"potentialAction\":[{\"@type\":\"ReadAction\",\"target\":[\"https:\\\/\\\/www.2euros.org\\\/en\\\/2-euro-commemorative-luxembourg\\\/2025-luxembourg-25th-anniversary-of-the-accession-to-the-throne-of-grand-duke-henri\\\/\"]}]},{\"@type\":\"ImageObject\",\"inLanguage\":\"en-US\",\"@id\":\"https:\\\/\\\/www.2euros.org\\\/en\\\/2-euro-commemorative-luxembourg\\\/2025-luxembourg-25th-anniversary-of-the-accession-to-the-throne-of-grand-duke-henri\\\/#primaryimage\",\"url\":\"https:\\\/\\\/www.2euros.org\\\/wp-content\\\/uploads\\\/2024\\\/06\\\/2025-luxembourg1gm.jpg\",\"contentUrl\":\"https:\\\/\\\/www.2euros.org\\\/wp-content\\\/uploads\\\/2024\\\/06\\\/2025-luxembourg1gm.jpg\",\"width\":600,\"height\":600,\"caption\":\"2025 - Luxembourg - 25e anniversaire de l'accession au tr\u00f4ne du Grand-Duc Henri\"},{\"@type\":\"BreadcrumbList\",\"@id\":\"https:\\\/\\\/www.2euros.org\\\/en\\\/2-euro-commemorative-luxembourg\\\/2025-luxembourg-25th-anniversary-of-the-accession-to-the-throne-of-grand-duke-henri\\\/#breadcrumb\",\"itemListElement\":[{\"@type\":\"ListItem\",\"position\":1,\"name\":\"Home\",\"item\":\"https:\\\/\\\/www.2euros.org\\\/en\\\/\"},{\"@type\":\"ListItem\",\"position\":2,\"name\":\"Luxembourg\",\"item\":\"https:\\\/\\\/www.2euros.org\\\/en\\\/category\\\/2-euro-commemorative-luxembourg\\\/\"},{\"@type\":\"ListItem\",\"position\":3,\"name\":\"2025 &#8211; Luxembourg &#8211; 25th anniversary of the accession to the throne of Grand Duke Henri\"}]},{\"@type\":\"WebSite\",\"@id\":\"https:\\\/\\\/www.2euros.org\\\/en\\\/#website\",\"url\":\"https:\\\/\\\/www.2euros.org\\\/en\\\/\",\"name\":\"2Euros.org\",\"description\":\"Site de r\u00e9f\u00e9rence des pi\u00e8ces comm\u00e9moratives de 2 euros\",\"publisher\":{\"@id\":\"https:\\\/\\\/www.2euros.org\\\/en\\\/#organization\"},\"potentialAction\":[{\"@type\":\"SearchAction\",\"target\":{\"@type\":\"EntryPoint\",\"urlTemplate\":\"https:\\\/\\\/www.2euros.org\\\/en\\\/?s={search_term_string}\"},\"query-input\":{\"@type\":\"PropertyValueSpecification\",\"valueRequired\":true,\"valueName\":\"search_term_string\"}}],\"inLanguage\":\"en-US\"},{\"@type\":\"Organization\",\"@id\":\"https:\\\/\\\/www.2euros.org\\\/en\\\/#organization\",\"name\":\"Ce site a pour but de r\u00e9f\u00e9rencer toutes les pi\u00e8ces de 2euros comm\u00e9moratives. Elles seront r\u00e9f\u00e9renc\u00e9es par ann\u00e9e et par pays. Pour chaque pi\u00e8ce, vous trouverez un descriptif d\u00e9taill\u00e9, son estimation, le d\u00e9tail de ses caract\u00e9ristiques, l'\u00e9mission, etc...\",\"alternateName\":\"2Euros.org!\",\"url\":\"https:\\\/\\\/www.2euros.org\\\/en\\\/\",\"logo\":{\"@type\":\"ImageObject\",\"inLanguage\":\"en-US\",\"@id\":\"https:\\\/\\\/www.2euros.org\\\/en\\\/#\\\/schema\\\/logo\\\/image\\\/\",\"url\":\"https:\\\/\\\/www.2euros.org\\\/wp-content\\\/uploads\\\/2023\\\/11\\\/cropped-logo2euros200px.png\",\"contentUrl\":\"https:\\\/\\\/www.2euros.org\\\/wp-content\\\/uploads\\\/2023\\\/11\\\/cropped-logo2euros200px.png\",\"width\":200,\"height\":200,\"caption\":\"Ce site a pour but de r\u00e9f\u00e9rencer toutes les pi\u00e8ces de 2euros comm\u00e9moratives. Elles seront r\u00e9f\u00e9renc\u00e9es par ann\u00e9e et par pays. Pour chaque pi\u00e8ce, vous trouverez un descriptif d\u00e9taill\u00e9, son estimation, le d\u00e9tail de ses caract\u00e9ristiques, l'\u00e9mission, etc...\"},\"image\":{\"@id\":\"https:\\\/\\\/www.2euros.org\\\/en\\\/#\\\/schema\\\/logo\\\/image\\\/\"},\"sameAs\":[\"https:\\\/\\\/www.facebook.com\\\/groups\\\/133974904458606\"]},{\"@type\":\"Person\",\"@id\":\"https:\\\/\\\/www.2euros.org\\\/en\\\/#\\\/schema\\\/person\\\/12e34ec3242fa163c51adacbcd7b2ebd\",\"name\":\"Pierre D\",\"image\":{\"@type\":\"ImageObject\",\"inLanguage\":\"en-US\",\"@id\":\"https:\\\/\\\/www.2euros.org\\\/wp-content\\\/uploads\\\/wp-user-manager-uploads\\\/2025\\\/12\\\/462084061_10231332749754304_5952221512921178099_n.jpg\",\"url\":\"https:\\\/\\\/www.2euros.org\\\/wp-content\\\/uploads\\\/wp-user-manager-uploads\\\/2025\\\/12\\\/462084061_10231332749754304_5952221512921178099_n.jpg\",\"contentUrl\":\"https:\\\/\\\/www.2euros.org\\\/wp-content\\\/uploads\\\/wp-user-manager-uploads\\\/2025\\\/12\\\/462084061_10231332749754304_5952221512921178099_n.jpg\",\"caption\":\"Pierre D\"},\"description\":\"Webmaster de 2euros.org\",\"sameAs\":[\"https:\\\/\\\/www.2euros.org\\\/\"]}]}<\/script>\n<!-- \/ Yoast SEO plugin. -->","yoast_head_json":{"title":"The 25th anniversary of the accession of Grand Duke Henri &#8226; Luxembourg 2025","description":"This 2 euro coin, issued by Luxembourg in 2025, celebrates the 25th anniversary of the accession to the throne of Grand Duke Henri.","robots":{"index":"index","follow":"follow","max-snippet":"max-snippet:-1","max-image-preview":"max-image-preview:large","max-video-preview":"max-video-preview:-1"},"canonical":"https:\/\/www.2euros.org\/en\/2-euro-commemorative-luxembourg\/2025-luxembourg-25th-anniversary-of-the-accession-to-the-throne-of-grand-duke-henri\/","og_locale":"en_US","og_type":"article","og_title":"The 25th anniversary of the accession of Grand Duke Henri &#8226; Luxembourg 2025","og_description":"This 2 euro coin, issued by Luxembourg in 2025, celebrates the 25th anniversary of the accession to the throne of Grand Duke Henri.","og_url":"https:\/\/www.2euros.org\/en\/2-euro-commemorative-luxembourg\/2025-luxembourg-25th-anniversary-of-the-accession-to-the-throne-of-grand-duke-henri\/","og_site_name":"2Euros.org","article_publisher":"https:\/\/www.facebook.com\/groups\/133974904458606","article_published_time":"2024-06-25T13:15:25+00:00","article_modified_time":"2025-07-15T17:44:44+00:00","og_image":[{"width":600,"height":600,"url":"https:\/\/www.2euros.org\/wp-content\/uploads\/2024\/06\/2025-luxembourg1gm.jpg","type":"image\/jpeg"}],"author":"Pierre D","twitter_card":"summary_large_image","twitter_misc":{"Written by":"Pierre D","Est. reading time":"2 minutes"},"schema":{"@context":"https:\/\/schema.org","@graph":[{"@type":"Article","@id":"https:\/\/www.2euros.org\/en\/2-euro-commemorative-luxembourg\/2025-luxembourg-25th-anniversary-of-the-accession-to-the-throne-of-grand-duke-henri\/#article","isPartOf":{"@id":"https:\/\/www.2euros.org\/en\/2-euro-commemorative-luxembourg\/2025-luxembourg-25th-anniversary-of-the-accession-to-the-throne-of-grand-duke-henri\/"},"author":{"name":"Pierre D","@id":"https:\/\/www.2euros.org\/en\/#\/schema\/person\/12e34ec3242fa163c51adacbcd7b2ebd"},"headline":"2025 &#8211; Luxembourg &#8211; 25th anniversary of the accession to the throne of Grand Duke Henri","datePublished":"2024-06-25T13:15:25+00:00","dateModified":"2025-07-15T17:44:44+00:00","mainEntityOfPage":{"@id":"https:\/\/www.2euros.org\/en\/2-euro-commemorative-luxembourg\/2025-luxembourg-25th-anniversary-of-the-accession-to-the-throne-of-grand-duke-henri\/"},"wordCount":333,"commentCount":0,"publisher":{"@id":"https:\/\/www.2euros.org\/en\/#organization"},"image":{"@id":"https:\/\/www.2euros.org\/en\/2-euro-commemorative-luxembourg\/2025-luxembourg-25th-anniversary-of-the-accession-to-the-throne-of-grand-duke-henri\/#primaryimage"},"thumbnailUrl":"https:\/\/www.2euros.org\/wp-content\/uploads\/2024\/06\/2025-luxembourg1gm.jpg","keywords":["2","2025","25th","accession","anniversaire","comm\u00e9morative","euros","grand-duc","henri","luxembourg","tr\u00f4ne"],"articleSection":["2025","Luxembourg"],"inLanguage":"en-US","potentialAction":[{"@type":"CommentAction","name":"Comment","target":["https:\/\/www.2euros.org\/en\/2-euro-commemorative-luxembourg\/2025-luxembourg-25th-anniversary-of-the-accession-to-the-throne-of-grand-duke-henri\/#respond"]}]},{"@type":"WebPage","@id":"https:\/\/www.2euros.org\/en\/2-euro-commemorative-luxembourg\/2025-luxembourg-25th-anniversary-of-the-accession-to-the-throne-of-grand-duke-henri\/","url":"https:\/\/www.2euros.org\/en\/2-euro-commemorative-luxembourg\/2025-luxembourg-25th-anniversary-of-the-accession-to-the-throne-of-grand-duke-henri\/","name":"The 25th anniversary of the accession of Grand Duke Henri &#8226; Luxembourg 2025","isPartOf":{"@id":"https:\/\/www.2euros.org\/en\/#website"},"primaryImageOfPage":{"@id":"https:\/\/www.2euros.org\/en\/2-euro-commemorative-luxembourg\/2025-luxembourg-25th-anniversary-of-the-accession-to-the-throne-of-grand-duke-henri\/#primaryimage"},"image":{"@id":"https:\/\/www.2euros.org\/en\/2-euro-commemorative-luxembourg\/2025-luxembourg-25th-anniversary-of-the-accession-to-the-throne-of-grand-duke-henri\/#primaryimage"},"thumbnailUrl":"https:\/\/www.2euros.org\/wp-content\/uploads\/2024\/06\/2025-luxembourg1gm.jpg","datePublished":"2024-06-25T13:15:25+00:00","dateModified":"2025-07-15T17:44:44+00:00","description":"This 2 euro coin, issued by Luxembourg in 2025, celebrates the 25th anniversary of the accession to the throne of Grand Duke Henri.","breadcrumb":{"@id":"https:\/\/www.2euros.org\/en\/2-euro-commemorative-luxembourg\/2025-luxembourg-25th-anniversary-of-the-accession-to-the-throne-of-grand-duke-henri\/#breadcrumb"},"inLanguage":"en-US","potentialAction":[{"@type":"ReadAction","target":["https:\/\/www.2euros.org\/en\/2-euro-commemorative-luxembourg\/2025-luxembourg-25th-anniversary-of-the-accession-to-the-throne-of-grand-duke-henri\/"]}]},{"@type":"ImageObject","inLanguage":"en-US","@id":"https:\/\/www.2euros.org\/en\/2-euro-commemorative-luxembourg\/2025-luxembourg-25th-anniversary-of-the-accession-to-the-throne-of-grand-duke-henri\/#primaryimage","url":"https:\/\/www.2euros.org\/wp-content\/uploads\/2024\/06\/2025-luxembourg1gm.jpg","contentUrl":"https:\/\/www.2euros.org\/wp-content\/uploads\/2024\/06\/2025-luxembourg1gm.jpg","width":600,"height":600,"caption":"2025 - Luxembourg - 25e anniversaire de l'accession au tr\u00f4ne du Grand-Duc Henri"},{"@type":"BreadcrumbList","@id":"https:\/\/www.2euros.org\/en\/2-euro-commemorative-luxembourg\/2025-luxembourg-25th-anniversary-of-the-accession-to-the-throne-of-grand-duke-henri\/#breadcrumb","itemListElement":[{"@type":"ListItem","position":1,"name":"Home","item":"https:\/\/www.2euros.org\/en\/"},{"@type":"ListItem","position":2,"name":"Luxembourg","item":"https:\/\/www.2euros.org\/en\/category\/2-euro-commemorative-luxembourg\/"},{"@type":"ListItem","position":3,"name":"2025 &#8211; Luxembourg &#8211; 25th anniversary of the accession to the throne of Grand Duke Henri"}]},{"@type":"WebSite","@id":"https:\/\/www.2euros.org\/en\/#website","url":"https:\/\/www.2euros.org\/en\/","name":"2Euros.org","description":"Site de r\u00e9f\u00e9rence des pi\u00e8ces comm\u00e9moratives de 2 euros","publisher":{"@id":"https:\/\/www.2euros.org\/en\/#organization"},"potentialAction":[{"@type":"SearchAction","target":{"@type":"EntryPoint","urlTemplate":"https:\/\/www.2euros.org\/en\/?s={search_term_string}"},"query-input":{"@type":"PropertyValueSpecification","valueRequired":true,"valueName":"search_term_string"}}],"inLanguage":"en-US"},{"@type":"Organization","@id":"https:\/\/www.2euros.org\/en\/#organization","name":"Ce site a pour but de r\u00e9f\u00e9rencer toutes les pi\u00e8ces de 2euros comm\u00e9moratives. Elles seront r\u00e9f\u00e9renc\u00e9es par ann\u00e9e et par pays. Pour chaque pi\u00e8ce, vous trouverez un descriptif d\u00e9taill\u00e9, son estimation, le d\u00e9tail de ses caract\u00e9ristiques, l'\u00e9mission, etc...","alternateName":"2Euros.org!","url":"https:\/\/www.2euros.org\/en\/","logo":{"@type":"ImageObject","inLanguage":"en-US","@id":"https:\/\/www.2euros.org\/en\/#\/schema\/logo\/image\/","url":"https:\/\/www.2euros.org\/wp-content\/uploads\/2023\/11\/cropped-logo2euros200px.png","contentUrl":"https:\/\/www.2euros.org\/wp-content\/uploads\/2023\/11\/cropped-logo2euros200px.png","width":200,"height":200,"caption":"Ce site a pour but de r\u00e9f\u00e9rencer toutes les pi\u00e8ces de 2euros comm\u00e9moratives. Elles seront r\u00e9f\u00e9renc\u00e9es par ann\u00e9e et par pays. Pour chaque pi\u00e8ce, vous trouverez un descriptif d\u00e9taill\u00e9, son estimation, le d\u00e9tail de ses caract\u00e9ristiques, l'\u00e9mission, etc..."},"image":{"@id":"https:\/\/www.2euros.org\/en\/#\/schema\/logo\/image\/"},"sameAs":["https:\/\/www.facebook.com\/groups\/133974904458606"]},{"@type":"Person","@id":"https:\/\/www.2euros.org\/en\/#\/schema\/person\/12e34ec3242fa163c51adacbcd7b2ebd","name":"Pierre D","image":{"@type":"ImageObject","inLanguage":"en-US","@id":"https:\/\/www.2euros.org\/wp-content\/uploads\/wp-user-manager-uploads\/2025\/12\/462084061_10231332749754304_5952221512921178099_n.jpg","url":"https:\/\/www.2euros.org\/wp-content\/uploads\/wp-user-manager-uploads\/2025\/12\/462084061_10231332749754304_5952221512921178099_n.jpg","contentUrl":"https:\/\/www.2euros.org\/wp-content\/uploads\/wp-user-manager-uploads\/2025\/12\/462084061_10231332749754304_5952221512921178099_n.jpg","caption":"Pierre D"},"description":"Webmaster de 2euros.org","sameAs":["https:\/\/www.2euros.org\/"]}]}},"_links":{"self":[{"href":"https:\/\/www.2euros.org\/en\/wp-json\/wp\/v2\/posts\/15911","targetHints":{"allow":["GET"]}}],"collection":[{"href":"https:\/\/www.2euros.org\/en\/wp-json\/wp\/v2\/posts"}],"about":[{"href":"https:\/\/www.2euros.org\/en\/wp-json\/wp\/v2\/types\/post"}],"author":[{"embeddable":true,"href":"https:\/\/www.2euros.org\/en\/wp-json\/wp\/v2\/users\/1"}],"replies":[{"embeddable":true,"href":"https:\/\/www.2euros.org\/en\/wp-json\/wp\/v2\/comments?post=15911"}],"version-history":[{"count":0,"href":"https:\/\/www.2euros.org\/en\/wp-json\/wp\/v2\/posts\/15911\/revisions"}],"wp:featuredmedia":[{"embeddable":true,"href":"https:\/\/www.2euros.org\/en\/wp-json\/wp\/v2\/media\/18319"}],"wp:attachment":[{"href":"https:\/\/www.2euros.org\/en\/wp-json\/wp\/v2\/media?parent=15911"}],"wp:term":[{"taxonomy":"category","embeddable":true,"href":"https:\/\/www.2euros.org\/en\/wp-json\/wp\/v2\/categories?post=15911"},{"taxonomy":"post_tag","embeddable":true,"href":"https:\/\/www.2euros.org\/en\/wp-json\/wp\/v2\/tags?post=15911"}],"curies":[{"name":"wp","href":"https:\/\/api.w.org\/{rel}","templated":true}]}}