{"id":15881,"date":"2019-02-23T14:33:26","date_gmt":"2019-02-23T13:33:26","guid":{"rendered":"https:\/\/www.2euros.org\/non-classifiee\/2008-vatican-year-2008-dedicated-to-saint-paul\/"},"modified":"2025-01-31T13:25:27","modified_gmt":"2025-01-31T12:25:27","slug":"2008-vatican-year-2008-dedicated-to-saint-paul","status":"publish","type":"post","link":"https:\/\/www.2euros.org\/en\/2-euro-commemorative-vatican\/2008-vatican-year-2008-dedicated-to-saint-paul\/","title":{"rendered":"2008 &#8211; Vatican &#8211; Year 2008 dedicated to Saint Paul"},"content":{"rendered":"\n<h2 class=\"wp-block-heading\">Introduction<\/h2>\n\n<p>The Vatican City euro coin, issued in 2008, celebrates the year dedicated to Saint Paul. This commemorative coin honors the two thousandth anniversary of the birth of Saint Paul, a key figure in Christianity. Therefore, the Vatican highlights the spiritual and historical importance of Saint Paul through this special broadcast.<\/p>\n\n<h2 class=\"wp-block-heading\">Coin description<\/h2>\n\n<p>The obverse of the coin features a detailed and symbolic design. In the center, we see a depiction of Saint Paul falling from his horse on the road to Damascus, illustrating his conversion to Christianity. The artist used fine, precise lines to capture this dramatic and transformative moment.<\/p>\n\n<p>On the left, the inscription &#8220;CITT\u00c0 DEL VATICANO&#8221; indicates the issuing country. On the right, the inscription &#8220;ANNO SANCTO PAULO DICATO&#8221; means &#8220;Holy Pauline Year&#8221;. Additionally, the year of issue &#8220;2008&#8221; appears near the center, adding an important time marker. The border of the coin is decorated with twelve stars, representing the twelve stars of the European flag. Thus, they symbolize unity and harmony within the European Union. Indeed, the design details and inscriptions celebrate the fundamental role of Saint Paul in Christian history.<\/p>\n\n<h2 class=\"wp-block-heading\">Conclusion<\/h2>\n\n<p>In conclusion, the 2008 Vatican Euro coin pays a significant tribute to Saint Paul on the occasion of the Holy Pauline Year. Furthermore, it highlights its crucial influence in Christianity. Additionally, the obverse design, with its depiction of Saint Paul&#8217;s conversion and inscriptions, reflects the importance of his spiritual heritage. In summary, this commemorative coin demonstrates the Vatican&#8217;s appreciation for its religious heritage. As a result, it strengthens the spiritual and historical identity of the country within the European Union.<\/p>\n<div class=\"wp-block-image\">\n<figure class=\"aligncenter\"><a href=\"https:\/\/www.2euros.org\/wp-content\/uploads\/2019\/02\/2008-e4b.jpg\" target=\"_blank\" rel=\"noopener noreferrer\"><img decoding=\"async\" src=\"https:\/\/www.2euros.org\/wp-content\/uploads\/2019\/02\/2008-e4b.jpg\" alt=\"\"\/><\/a><\/figure>\n<\/div>\n<figure class=\"wp-block-table is-style-stripes\"><table><tbody><tr><td><strong>Country of Issue:<\/strong><\/td><td><img loading=\"lazy\" decoding=\"async\" width=\"32\" height=\"21\" class=\"wp-image-2033\" style=\"width: 32px;\" src=\"https:\/\/www.2euros.org\/wp-content\/uploads\/2023\/02\/vatican-3f9.png\" alt=\"\" srcset=\"https:\/\/www.2euros.org\/wp-content\/uploads\/2023\/02\/vatican-3f9.png 32w, https:\/\/www.2euros.org\/wp-content\/uploads\/2023\/02\/vatican-3f9-24x16.png 24w\" sizes=\"auto, (max-width: 32px) 100vw, 32px\" \/><\/td><\/tr><tr><td><strong>Date of issue:<\/strong><\/td><td>November 16, 2008<\/td><\/tr><tr><td><strong>Total mintage:<\/strong><\/td><td>100.000<\/td><\/tr><tr><td>\u2013 Proof:<\/td><td>\u00a0&#8211;<\/td><\/tr><tr><td>\u2013 BU:<\/td><td>\u00a0100.000<\/td><\/tr><tr><td>\u2013 UNC:<\/td><td>\u00a0&#8211;<\/td><\/tr><tr><td><strong>Engraver:<\/strong><\/td><td>Guido Veroi<\/td><\/tr><tr><td><strong>The edge:<\/strong><\/td><td><img loading=\"lazy\" decoding=\"async\" width=\"220\" height=\"12\" class=\"wp-image-19017\" style=\"width: 220px;\" src=\"https:\/\/www.2euros.org\/wp-content\/uploads\/2004\/12\/italie1.jpg\" alt=\"\" srcset=\"https:\/\/www.2euros.org\/wp-content\/uploads\/2004\/12\/italie1.jpg 225w, https:\/\/www.2euros.org\/wp-content\/uploads\/2004\/12\/italie1-200x11.jpg 200w, https:\/\/www.2euros.org\/wp-content\/uploads\/2004\/12\/italie1-150x8.jpg 150w\" sizes=\"auto, (max-width: 220px) 100vw, 220px\" \/><\/td><\/tr><tr><td><strong>Rarity:<\/strong><\/td><td><img decoding=\"async\" src=\"https:\/\/www.2euros.org\/images\/euro.png\"\/><img decoding=\"async\" src=\"https:\/\/www.2euros.org\/images\/euro.png\"\/><img decoding=\"async\" src=\"https:\/\/www.2euros.org\/images\/euro.png\"\/><img decoding=\"async\" src=\"https:\/\/www.2euros.org\/images\/euro.png\"\/><img decoding=\"async\" src=\"https:\/\/www.2euros.org\/images\/euro.png\"\/><img decoding=\"async\" src=\"https:\/\/www.2euros.org\/images\/euro.png\"\/><img decoding=\"async\" src=\"https:\/\/www.2euros.org\/images\/euro.png\"\/><img decoding=\"async\" src=\"https:\/\/www.2euros.org\/images\/euro2.png\"\/><img decoding=\"async\" src=\"https:\/\/www.2euros.org\/images\/euro2.png\"\/><img decoding=\"async\" src=\"https:\/\/www.2euros.org\/images\/euro2.png\"\/><\/td><\/tr><tr><td><strong>Official Journal:<\/strong><\/td><td><a href=\"https:\/\/eur-lex.europa.eu\/legal-content\/FR\/TXT\/?qid=1576404924158&amp;uri=CELEX:C2008\/228\/06\" target=\"_blank\" rel=\"noopener noreferrer\">2008\/C 228\/06<\/a><\/td><\/tr><tr><td><strong>My collection:<\/strong><\/td><td>[cbxwpbookmarkbtn]<\/td><\/tr><\/tbody><\/table><\/figure>\n\n<p>Do you want to know the technical specifications of this coin? Feel free to visit the page dedicated to the <a href=\"https:\/\/www.2euros.org\/numismatique\/caracteristique-d-une-piece-de-2-euros\/\" target=\"_blank\" rel=\"noreferrer noopener\">specifications of a 2-euro coin<\/a>.&#13;\n<\/p>\n","protected":false},"excerpt":{"rendered":"<div class=\"mh-excerpt\"><p>Introduction The Vatican City euro coin, issued in 2008, celebrates the year dedicated to Saint Paul. This commemorative coin honors the two thousandth anniversary of the birth of Saint Paul, a key figure in Christianity. <a class=\"mh-excerpt-more\" href=\"https:\/\/www.2euros.org\/en\/2-euro-commemorative-vatican\/2008-vatican-year-2008-dedicated-to-saint-paul\/\" title=\"2008 &#8211; Vatican &#8211; Year 2008 dedicated to Saint Paul\">[&#8230;]<\/a><\/p>\n                <div class=\"ccm-buttons ccm-buttons-small\"\n                     data-post-id=\"15881\"\n                     data-state='{&quot;be&quot;:0,&quot;bu&quot;:0,&quot;unc&quot;:0,&quot;circulation&quot;:0}'\n                     data-not-logged=\"true\">\n                    <span class=\"ccm-label\">My collection<\/span>\n                    <button class=\"coin-btn\" data-type=\"be\">Proof<\/button>\n                    <button class=\"coin-btn\" data-type=\"bu\">BU<\/button>\n                    <button class=\"coin-btn\" data-type=\"unc\">UNC<\/button>\n                    <button class=\"coin-btn\" data-type=\"circulation\">Circulated<\/button>\n                    <span class=\"ccm-separator\"> - <\/span>\n                    <button class=\"no-coin-btn\" data-type=\"none\">I don&#039;t have this coin<\/button>\n                <\/div>\n                <p class=\"ccm-login-message\">Veuillez vous inscrire pour pouvoir g\u00e9rer votre collection<\/p><\/div>","protected":false},"author":1,"featured_media":10336,"comment_status":"open","ping_status":"open","sticky":false,"template":"","format":"standard","meta":{"footnotes":""},"categories":[1158,1206],"tags":[1207,1432,1376,1210,1449,1212,1450,1345,1215],"class_list":["post-15881","post","type-post","status-publish","format-standard","has-post-thumbnail","hentry","category-2-euro-commemorative-2008","category-2-euro-commemorative-vatican","tag-2-en","tag-2008-en","tag-annee-en","tag-commemorative-en","tag-dedicated","tag-euros-en","tag-paul-en","tag-san","tag-vatican-en"],"yoast_head":"<!-- This site is optimized with the Yoast SEO plugin v27.4 - https:\/\/yoast.com\/product\/yoast-seo-wordpress\/ -->\n<title>Year 2008 dedicated to Saint Paul - Vatican 2008 &#8226; 2Euros.org<\/title>\n<meta name=\"description\" content=\"This commemorative 2 euro coin celebrates the year 2008 dedicated to Saint Paul and was issued by the Vatican in 2008.\" \/>\n<meta name=\"robots\" content=\"index, follow, max-snippet:-1, max-image-preview:large, max-video-preview:-1\" \/>\n<link rel=\"canonical\" href=\"https:\/\/www.2euros.org\/en\/2-euro-commemorative-vatican\/2008-vatican-year-2008-dedicated-to-saint-paul\/\" \/>\n<meta property=\"og:locale\" content=\"en_US\" \/>\n<meta property=\"og:type\" content=\"article\" \/>\n<meta property=\"og:title\" content=\"Year 2008 dedicated to Saint Paul - Vatican 2008 &#8226; 2Euros.org\" \/>\n<meta property=\"og:description\" content=\"This commemorative 2 euro coin celebrates the year 2008 dedicated to Saint Paul and was issued by the Vatican in 2008.\" \/>\n<meta property=\"og:url\" content=\"https:\/\/www.2euros.org\/en\/2-euro-commemorative-vatican\/2008-vatican-year-2008-dedicated-to-saint-paul\/\" \/>\n<meta property=\"og:site_name\" content=\"2Euros.org\" \/>\n<meta property=\"article:publisher\" content=\"https:\/\/www.facebook.com\/groups\/133974904458606\" \/>\n<meta property=\"article:published_time\" content=\"2019-02-23T13:33:26+00:00\" \/>\n<meta property=\"article:modified_time\" content=\"2025-01-31T12:25:27+00:00\" \/>\n<meta property=\"og:image\" content=\"https:\/\/www.2euros.org\/wp-content\/uploads\/2019\/02\/2008-vaticangm-c21.jpg\" \/>\n\t<meta property=\"og:image:width\" content=\"400\" \/>\n\t<meta property=\"og:image:height\" content=\"400\" \/>\n\t<meta property=\"og:image:type\" content=\"image\/jpeg\" \/>\n<meta name=\"author\" content=\"Pierre D\" \/>\n<meta name=\"twitter:card\" content=\"summary_large_image\" \/>\n<meta name=\"twitter:label1\" content=\"Written by\" \/>\n\t<meta name=\"twitter:data1\" content=\"Pierre D\" \/>\n\t<meta name=\"twitter:label2\" content=\"Est. reading time\" \/>\n\t<meta name=\"twitter:data2\" content=\"2 minutes\" \/>\n<script type=\"application\/ld+json\" class=\"yoast-schema-graph\">{\"@context\":\"https:\\\/\\\/schema.org\",\"@graph\":[{\"@type\":\"Article\",\"@id\":\"https:\\\/\\\/www.2euros.org\\\/en\\\/2-euro-commemorative-vatican\\\/2008-vatican-year-2008-dedicated-to-saint-paul\\\/#article\",\"isPartOf\":{\"@id\":\"https:\\\/\\\/www.2euros.org\\\/en\\\/2-euro-commemorative-vatican\\\/2008-vatican-year-2008-dedicated-to-saint-paul\\\/\"},\"author\":{\"name\":\"Pierre D\",\"@id\":\"https:\\\/\\\/www.2euros.org\\\/en\\\/#\\\/schema\\\/person\\\/12e34ec3242fa163c51adacbcd7b2ebd\"},\"headline\":\"2008 &#8211; Vatican &#8211; Year 2008 dedicated to Saint Paul\",\"datePublished\":\"2019-02-23T13:33:26+00:00\",\"dateModified\":\"2025-01-31T12:25:27+00:00\",\"mainEntityOfPage\":{\"@id\":\"https:\\\/\\\/www.2euros.org\\\/en\\\/2-euro-commemorative-vatican\\\/2008-vatican-year-2008-dedicated-to-saint-paul\\\/\"},\"wordCount\":324,\"commentCount\":0,\"publisher\":{\"@id\":\"https:\\\/\\\/www.2euros.org\\\/en\\\/#organization\"},\"image\":{\"@id\":\"https:\\\/\\\/www.2euros.org\\\/en\\\/2-euro-commemorative-vatican\\\/2008-vatican-year-2008-dedicated-to-saint-paul\\\/#primaryimage\"},\"thumbnailUrl\":\"https:\\\/\\\/www.2euros.org\\\/wp-content\\\/uploads\\\/2019\\\/02\\\/2008-vaticangm-c21.jpg\",\"keywords\":[\"2\",\"2008\",\"ann\u00e9e\",\"comm\u00e9morative\",\"dedicated\",\"euros\",\"paul\",\"san\",\"vatican\"],\"articleSection\":[\"2008\",\"Vatican\"],\"inLanguage\":\"en-US\",\"potentialAction\":[{\"@type\":\"CommentAction\",\"name\":\"Comment\",\"target\":[\"https:\\\/\\\/www.2euros.org\\\/en\\\/2-euro-commemorative-vatican\\\/2008-vatican-year-2008-dedicated-to-saint-paul\\\/#respond\"]}]},{\"@type\":\"WebPage\",\"@id\":\"https:\\\/\\\/www.2euros.org\\\/en\\\/2-euro-commemorative-vatican\\\/2008-vatican-year-2008-dedicated-to-saint-paul\\\/\",\"url\":\"https:\\\/\\\/www.2euros.org\\\/en\\\/2-euro-commemorative-vatican\\\/2008-vatican-year-2008-dedicated-to-saint-paul\\\/\",\"name\":\"Year 2008 dedicated to Saint Paul - Vatican 2008 &#8226; 2Euros.org\",\"isPartOf\":{\"@id\":\"https:\\\/\\\/www.2euros.org\\\/en\\\/#website\"},\"primaryImageOfPage\":{\"@id\":\"https:\\\/\\\/www.2euros.org\\\/en\\\/2-euro-commemorative-vatican\\\/2008-vatican-year-2008-dedicated-to-saint-paul\\\/#primaryimage\"},\"image\":{\"@id\":\"https:\\\/\\\/www.2euros.org\\\/en\\\/2-euro-commemorative-vatican\\\/2008-vatican-year-2008-dedicated-to-saint-paul\\\/#primaryimage\"},\"thumbnailUrl\":\"https:\\\/\\\/www.2euros.org\\\/wp-content\\\/uploads\\\/2019\\\/02\\\/2008-vaticangm-c21.jpg\",\"datePublished\":\"2019-02-23T13:33:26+00:00\",\"dateModified\":\"2025-01-31T12:25:27+00:00\",\"description\":\"This commemorative 2 euro coin celebrates the year 2008 dedicated to Saint Paul and was issued by the Vatican in 2008.\",\"breadcrumb\":{\"@id\":\"https:\\\/\\\/www.2euros.org\\\/en\\\/2-euro-commemorative-vatican\\\/2008-vatican-year-2008-dedicated-to-saint-paul\\\/#breadcrumb\"},\"inLanguage\":\"en-US\",\"potentialAction\":[{\"@type\":\"ReadAction\",\"target\":[\"https:\\\/\\\/www.2euros.org\\\/en\\\/2-euro-commemorative-vatican\\\/2008-vatican-year-2008-dedicated-to-saint-paul\\\/\"]}]},{\"@type\":\"ImageObject\",\"inLanguage\":\"en-US\",\"@id\":\"https:\\\/\\\/www.2euros.org\\\/en\\\/2-euro-commemorative-vatican\\\/2008-vatican-year-2008-dedicated-to-saint-paul\\\/#primaryimage\",\"url\":\"https:\\\/\\\/www.2euros.org\\\/wp-content\\\/uploads\\\/2019\\\/02\\\/2008-vaticangm-c21.jpg\",\"contentUrl\":\"https:\\\/\\\/www.2euros.org\\\/wp-content\\\/uploads\\\/2019\\\/02\\\/2008-vaticangm-c21.jpg\",\"width\":400,\"height\":400},{\"@type\":\"BreadcrumbList\",\"@id\":\"https:\\\/\\\/www.2euros.org\\\/en\\\/2-euro-commemorative-vatican\\\/2008-vatican-year-2008-dedicated-to-saint-paul\\\/#breadcrumb\",\"itemListElement\":[{\"@type\":\"ListItem\",\"position\":1,\"name\":\"Home\",\"item\":\"https:\\\/\\\/www.2euros.org\\\/en\\\/\"},{\"@type\":\"ListItem\",\"position\":2,\"name\":\"Vatican\",\"item\":\"https:\\\/\\\/www.2euros.org\\\/en\\\/category\\\/2-euro-commemorative-vatican\\\/\"},{\"@type\":\"ListItem\",\"position\":3,\"name\":\"2008 &#8211; Vatican &#8211; Year 2008 dedicated to Saint Paul\"}]},{\"@type\":\"WebSite\",\"@id\":\"https:\\\/\\\/www.2euros.org\\\/en\\\/#website\",\"url\":\"https:\\\/\\\/www.2euros.org\\\/en\\\/\",\"name\":\"2Euros.org\",\"description\":\"Site de r\u00e9f\u00e9rence des pi\u00e8ces comm\u00e9moratives de 2 euros\",\"publisher\":{\"@id\":\"https:\\\/\\\/www.2euros.org\\\/en\\\/#organization\"},\"potentialAction\":[{\"@type\":\"SearchAction\",\"target\":{\"@type\":\"EntryPoint\",\"urlTemplate\":\"https:\\\/\\\/www.2euros.org\\\/en\\\/?s={search_term_string}\"},\"query-input\":{\"@type\":\"PropertyValueSpecification\",\"valueRequired\":true,\"valueName\":\"search_term_string\"}}],\"inLanguage\":\"en-US\"},{\"@type\":\"Organization\",\"@id\":\"https:\\\/\\\/www.2euros.org\\\/en\\\/#organization\",\"name\":\"Ce site a pour but de r\u00e9f\u00e9rencer toutes les pi\u00e8ces de 2euros comm\u00e9moratives. Elles seront r\u00e9f\u00e9renc\u00e9es par ann\u00e9e et par pays. Pour chaque pi\u00e8ce, vous trouverez un descriptif d\u00e9taill\u00e9, son estimation, le d\u00e9tail de ses caract\u00e9ristiques, l'\u00e9mission, etc...\",\"alternateName\":\"2Euros.org!\",\"url\":\"https:\\\/\\\/www.2euros.org\\\/en\\\/\",\"logo\":{\"@type\":\"ImageObject\",\"inLanguage\":\"en-US\",\"@id\":\"https:\\\/\\\/www.2euros.org\\\/en\\\/#\\\/schema\\\/logo\\\/image\\\/\",\"url\":\"https:\\\/\\\/www.2euros.org\\\/wp-content\\\/uploads\\\/2023\\\/11\\\/cropped-logo2euros200px.png\",\"contentUrl\":\"https:\\\/\\\/www.2euros.org\\\/wp-content\\\/uploads\\\/2023\\\/11\\\/cropped-logo2euros200px.png\",\"width\":200,\"height\":200,\"caption\":\"Ce site a pour but de r\u00e9f\u00e9rencer toutes les pi\u00e8ces de 2euros comm\u00e9moratives. Elles seront r\u00e9f\u00e9renc\u00e9es par ann\u00e9e et par pays. Pour chaque pi\u00e8ce, vous trouverez un descriptif d\u00e9taill\u00e9, son estimation, le d\u00e9tail de ses caract\u00e9ristiques, l'\u00e9mission, etc...\"},\"image\":{\"@id\":\"https:\\\/\\\/www.2euros.org\\\/en\\\/#\\\/schema\\\/logo\\\/image\\\/\"},\"sameAs\":[\"https:\\\/\\\/www.facebook.com\\\/groups\\\/133974904458606\"]},{\"@type\":\"Person\",\"@id\":\"https:\\\/\\\/www.2euros.org\\\/en\\\/#\\\/schema\\\/person\\\/12e34ec3242fa163c51adacbcd7b2ebd\",\"name\":\"Pierre D\",\"image\":{\"@type\":\"ImageObject\",\"inLanguage\":\"en-US\",\"@id\":\"https:\\\/\\\/www.2euros.org\\\/wp-content\\\/uploads\\\/wp-user-manager-uploads\\\/2025\\\/12\\\/462084061_10231332749754304_5952221512921178099_n.jpg\",\"url\":\"https:\\\/\\\/www.2euros.org\\\/wp-content\\\/uploads\\\/wp-user-manager-uploads\\\/2025\\\/12\\\/462084061_10231332749754304_5952221512921178099_n.jpg\",\"contentUrl\":\"https:\\\/\\\/www.2euros.org\\\/wp-content\\\/uploads\\\/wp-user-manager-uploads\\\/2025\\\/12\\\/462084061_10231332749754304_5952221512921178099_n.jpg\",\"caption\":\"Pierre D\"},\"description\":\"Webmaster de 2euros.org\",\"sameAs\":[\"https:\\\/\\\/www.2euros.org\\\/\"]}]}<\/script>\n<!-- \/ Yoast SEO plugin. -->","yoast_head_json":{"title":"Year 2008 dedicated to Saint Paul - Vatican 2008 &#8226; 2Euros.org","description":"This commemorative 2 euro coin celebrates the year 2008 dedicated to Saint Paul and was issued by the Vatican in 2008.","robots":{"index":"index","follow":"follow","max-snippet":"max-snippet:-1","max-image-preview":"max-image-preview:large","max-video-preview":"max-video-preview:-1"},"canonical":"https:\/\/www.2euros.org\/en\/2-euro-commemorative-vatican\/2008-vatican-year-2008-dedicated-to-saint-paul\/","og_locale":"en_US","og_type":"article","og_title":"Year 2008 dedicated to Saint Paul - Vatican 2008 &#8226; 2Euros.org","og_description":"This commemorative 2 euro coin celebrates the year 2008 dedicated to Saint Paul and was issued by the Vatican in 2008.","og_url":"https:\/\/www.2euros.org\/en\/2-euro-commemorative-vatican\/2008-vatican-year-2008-dedicated-to-saint-paul\/","og_site_name":"2Euros.org","article_publisher":"https:\/\/www.facebook.com\/groups\/133974904458606","article_published_time":"2019-02-23T13:33:26+00:00","article_modified_time":"2025-01-31T12:25:27+00:00","og_image":[{"width":400,"height":400,"url":"https:\/\/www.2euros.org\/wp-content\/uploads\/2019\/02\/2008-vaticangm-c21.jpg","type":"image\/jpeg"}],"author":"Pierre D","twitter_card":"summary_large_image","twitter_misc":{"Written by":"Pierre D","Est. reading time":"2 minutes"},"schema":{"@context":"https:\/\/schema.org","@graph":[{"@type":"Article","@id":"https:\/\/www.2euros.org\/en\/2-euro-commemorative-vatican\/2008-vatican-year-2008-dedicated-to-saint-paul\/#article","isPartOf":{"@id":"https:\/\/www.2euros.org\/en\/2-euro-commemorative-vatican\/2008-vatican-year-2008-dedicated-to-saint-paul\/"},"author":{"name":"Pierre D","@id":"https:\/\/www.2euros.org\/en\/#\/schema\/person\/12e34ec3242fa163c51adacbcd7b2ebd"},"headline":"2008 &#8211; Vatican &#8211; Year 2008 dedicated to Saint Paul","datePublished":"2019-02-23T13:33:26+00:00","dateModified":"2025-01-31T12:25:27+00:00","mainEntityOfPage":{"@id":"https:\/\/www.2euros.org\/en\/2-euro-commemorative-vatican\/2008-vatican-year-2008-dedicated-to-saint-paul\/"},"wordCount":324,"commentCount":0,"publisher":{"@id":"https:\/\/www.2euros.org\/en\/#organization"},"image":{"@id":"https:\/\/www.2euros.org\/en\/2-euro-commemorative-vatican\/2008-vatican-year-2008-dedicated-to-saint-paul\/#primaryimage"},"thumbnailUrl":"https:\/\/www.2euros.org\/wp-content\/uploads\/2019\/02\/2008-vaticangm-c21.jpg","keywords":["2","2008","ann\u00e9e","comm\u00e9morative","dedicated","euros","paul","san","vatican"],"articleSection":["2008","Vatican"],"inLanguage":"en-US","potentialAction":[{"@type":"CommentAction","name":"Comment","target":["https:\/\/www.2euros.org\/en\/2-euro-commemorative-vatican\/2008-vatican-year-2008-dedicated-to-saint-paul\/#respond"]}]},{"@type":"WebPage","@id":"https:\/\/www.2euros.org\/en\/2-euro-commemorative-vatican\/2008-vatican-year-2008-dedicated-to-saint-paul\/","url":"https:\/\/www.2euros.org\/en\/2-euro-commemorative-vatican\/2008-vatican-year-2008-dedicated-to-saint-paul\/","name":"Year 2008 dedicated to Saint Paul - Vatican 2008 &#8226; 2Euros.org","isPartOf":{"@id":"https:\/\/www.2euros.org\/en\/#website"},"primaryImageOfPage":{"@id":"https:\/\/www.2euros.org\/en\/2-euro-commemorative-vatican\/2008-vatican-year-2008-dedicated-to-saint-paul\/#primaryimage"},"image":{"@id":"https:\/\/www.2euros.org\/en\/2-euro-commemorative-vatican\/2008-vatican-year-2008-dedicated-to-saint-paul\/#primaryimage"},"thumbnailUrl":"https:\/\/www.2euros.org\/wp-content\/uploads\/2019\/02\/2008-vaticangm-c21.jpg","datePublished":"2019-02-23T13:33:26+00:00","dateModified":"2025-01-31T12:25:27+00:00","description":"This commemorative 2 euro coin celebrates the year 2008 dedicated to Saint Paul and was issued by the Vatican in 2008.","breadcrumb":{"@id":"https:\/\/www.2euros.org\/en\/2-euro-commemorative-vatican\/2008-vatican-year-2008-dedicated-to-saint-paul\/#breadcrumb"},"inLanguage":"en-US","potentialAction":[{"@type":"ReadAction","target":["https:\/\/www.2euros.org\/en\/2-euro-commemorative-vatican\/2008-vatican-year-2008-dedicated-to-saint-paul\/"]}]},{"@type":"ImageObject","inLanguage":"en-US","@id":"https:\/\/www.2euros.org\/en\/2-euro-commemorative-vatican\/2008-vatican-year-2008-dedicated-to-saint-paul\/#primaryimage","url":"https:\/\/www.2euros.org\/wp-content\/uploads\/2019\/02\/2008-vaticangm-c21.jpg","contentUrl":"https:\/\/www.2euros.org\/wp-content\/uploads\/2019\/02\/2008-vaticangm-c21.jpg","width":400,"height":400},{"@type":"BreadcrumbList","@id":"https:\/\/www.2euros.org\/en\/2-euro-commemorative-vatican\/2008-vatican-year-2008-dedicated-to-saint-paul\/#breadcrumb","itemListElement":[{"@type":"ListItem","position":1,"name":"Home","item":"https:\/\/www.2euros.org\/en\/"},{"@type":"ListItem","position":2,"name":"Vatican","item":"https:\/\/www.2euros.org\/en\/category\/2-euro-commemorative-vatican\/"},{"@type":"ListItem","position":3,"name":"2008 &#8211; Vatican &#8211; Year 2008 dedicated to Saint Paul"}]},{"@type":"WebSite","@id":"https:\/\/www.2euros.org\/en\/#website","url":"https:\/\/www.2euros.org\/en\/","name":"2Euros.org","description":"Site de r\u00e9f\u00e9rence des pi\u00e8ces comm\u00e9moratives de 2 euros","publisher":{"@id":"https:\/\/www.2euros.org\/en\/#organization"},"potentialAction":[{"@type":"SearchAction","target":{"@type":"EntryPoint","urlTemplate":"https:\/\/www.2euros.org\/en\/?s={search_term_string}"},"query-input":{"@type":"PropertyValueSpecification","valueRequired":true,"valueName":"search_term_string"}}],"inLanguage":"en-US"},{"@type":"Organization","@id":"https:\/\/www.2euros.org\/en\/#organization","name":"Ce site a pour but de r\u00e9f\u00e9rencer toutes les pi\u00e8ces de 2euros comm\u00e9moratives. Elles seront r\u00e9f\u00e9renc\u00e9es par ann\u00e9e et par pays. Pour chaque pi\u00e8ce, vous trouverez un descriptif d\u00e9taill\u00e9, son estimation, le d\u00e9tail de ses caract\u00e9ristiques, l'\u00e9mission, etc...","alternateName":"2Euros.org!","url":"https:\/\/www.2euros.org\/en\/","logo":{"@type":"ImageObject","inLanguage":"en-US","@id":"https:\/\/www.2euros.org\/en\/#\/schema\/logo\/image\/","url":"https:\/\/www.2euros.org\/wp-content\/uploads\/2023\/11\/cropped-logo2euros200px.png","contentUrl":"https:\/\/www.2euros.org\/wp-content\/uploads\/2023\/11\/cropped-logo2euros200px.png","width":200,"height":200,"caption":"Ce site a pour but de r\u00e9f\u00e9rencer toutes les pi\u00e8ces de 2euros comm\u00e9moratives. Elles seront r\u00e9f\u00e9renc\u00e9es par ann\u00e9e et par pays. Pour chaque pi\u00e8ce, vous trouverez un descriptif d\u00e9taill\u00e9, son estimation, le d\u00e9tail de ses caract\u00e9ristiques, l'\u00e9mission, etc..."},"image":{"@id":"https:\/\/www.2euros.org\/en\/#\/schema\/logo\/image\/"},"sameAs":["https:\/\/www.facebook.com\/groups\/133974904458606"]},{"@type":"Person","@id":"https:\/\/www.2euros.org\/en\/#\/schema\/person\/12e34ec3242fa163c51adacbcd7b2ebd","name":"Pierre D","image":{"@type":"ImageObject","inLanguage":"en-US","@id":"https:\/\/www.2euros.org\/wp-content\/uploads\/wp-user-manager-uploads\/2025\/12\/462084061_10231332749754304_5952221512921178099_n.jpg","url":"https:\/\/www.2euros.org\/wp-content\/uploads\/wp-user-manager-uploads\/2025\/12\/462084061_10231332749754304_5952221512921178099_n.jpg","contentUrl":"https:\/\/www.2euros.org\/wp-content\/uploads\/wp-user-manager-uploads\/2025\/12\/462084061_10231332749754304_5952221512921178099_n.jpg","caption":"Pierre D"},"description":"Webmaster de 2euros.org","sameAs":["https:\/\/www.2euros.org\/"]}]}},"_links":{"self":[{"href":"https:\/\/www.2euros.org\/en\/wp-json\/wp\/v2\/posts\/15881","targetHints":{"allow":["GET"]}}],"collection":[{"href":"https:\/\/www.2euros.org\/en\/wp-json\/wp\/v2\/posts"}],"about":[{"href":"https:\/\/www.2euros.org\/en\/wp-json\/wp\/v2\/types\/post"}],"author":[{"embeddable":true,"href":"https:\/\/www.2euros.org\/en\/wp-json\/wp\/v2\/users\/1"}],"replies":[{"embeddable":true,"href":"https:\/\/www.2euros.org\/en\/wp-json\/wp\/v2\/comments?post=15881"}],"version-history":[{"count":0,"href":"https:\/\/www.2euros.org\/en\/wp-json\/wp\/v2\/posts\/15881\/revisions"}],"wp:featuredmedia":[{"embeddable":true,"href":"https:\/\/www.2euros.org\/en\/wp-json\/wp\/v2\/media\/10336"}],"wp:attachment":[{"href":"https:\/\/www.2euros.org\/en\/wp-json\/wp\/v2\/media?parent=15881"}],"wp:term":[{"taxonomy":"category","embeddable":true,"href":"https:\/\/www.2euros.org\/en\/wp-json\/wp\/v2\/categories?post=15881"},{"taxonomy":"post_tag","embeddable":true,"href":"https:\/\/www.2euros.org\/en\/wp-json\/wp\/v2\/tags?post=15881"}],"curies":[{"name":"wp","href":"https:\/\/api.w.org\/{rel}","templated":true}]}}