{"id":15851,"date":"2019-02-21T09:46:04","date_gmt":"2019-02-21T08:46:04","guid":{"rendered":"https:\/\/www.2euros.org\/non-classifiee\/2008-france-presidency-of-the-council-of-the-european-union\/"},"modified":"2025-01-31T14:31:38","modified_gmt":"2025-01-31T13:31:38","slug":"2008-france-presidency-of-the-council-of-the-european-union","status":"publish","type":"post","link":"https:\/\/www.2euros.org\/en\/2-euro-commemorative-france\/2008-france-presidency-of-the-council-of-the-european-union\/","title":{"rendered":"2008 &#8211; France &#8211; Presidency of the Council of the European Union"},"content":{"rendered":"\n<h2 class=\"wp-block-heading\">Introduction<\/h2>\n\n<p>The 2 euro commemorative coin of France, issued in 2008, celebrates the French presidency of the Council of the European Union. This presidency marked a crucial period where France led the activities and policies of the European Union.<\/p>\n\n<h2 class=\"wp-block-heading\">Importance of the French Presidency<\/h2>\n\n<p>The French presidency of the Council of the European Union in 2008 played a key role in coordinating European initiatives. During this period, France led discussions and decisions important for the future of the European Union.<\/p>\n\n<h2 class=\"wp-block-heading\">Design and Inscriptions<\/h2>\n\n<p>The commemorative coin has several significant inscriptions. At the top of the coin, the year &#8220;2008&#8221; is written, marking the year of the French presidency. In capital letters, the inscription &#8220;2008 FRENCH PRESIDENCY EUROPEAN UNION&#8221; occupies the center of the piece, highlighting the event commemorated.<\/p>\n\n<h2 class=\"wp-block-heading\">National and European Symbols<\/h2>\n\n<p>At the bottom of the coin, the letters &#8220;RF&#8221; represent the French Republic, recalling the issuer of this coin. The mint marks, located under the \u201cRF\u201d inscription, ensure the authenticity of the piece and its origin. The outer border of the coin is decorated with twelve five-pointed stars, representing the member states of the European Union. These stars surround the central motif, forming a symbolic crown.<\/p>\n\n<h2 class=\"wp-block-heading\">Conclusion<\/h2>\n\n<p>This 2 euro commemorative coin from 2008 highlights the French presidency of the Council of the European Union. It symbolizes the important role played by France in the direction of European policies. With its elegant design and meaningful inscriptions, the coin recalls France&#8217;s commitment to the European Union and its contribution to European integration. By issuing this coin, France is celebrating a key moment in its history and reaffirming its active role within the European community.<\/p>\n\n<figure class=\"wp-block-table is-style-stripes\"><table><tbody><tr><td><strong>Country of Issue:<\/strong><\/td><td><img loading=\"lazy\" decoding=\"async\" width=\"32\" height=\"21\" class=\"wp-image-1889\" style=\"width: 32px;\" src=\"https:\/\/www.2euros.org\/wp-content\/uploads\/2022\/01\/france-c84.png\" alt=\"\" srcset=\"https:\/\/www.2euros.org\/wp-content\/uploads\/2022\/01\/france-c84.png 32w, https:\/\/www.2euros.org\/wp-content\/uploads\/2022\/01\/france-c84-24x16.png 24w\" sizes=\"auto, (max-width: 32px) 100vw, 32px\" \/><\/td><\/tr><tr><td><strong>Date of issue:<\/strong><\/td><td>June 28, 2008<\/td><\/tr><tr><td><strong>Total mintage:<\/strong><\/td><td>20.000.000<\/td><\/tr><tr><td>\u2013 Proof:<\/td><td>\u00a010.000<\/td><\/tr><tr><td>\u2013 BU:<\/td><td>\u00a020.000<\/td><\/tr><tr><td>\u2013 UNC:<\/td><td>\u00a019.970.000<\/td><\/tr><tr><td><strong>Engraver:<\/strong><\/td><td>Philippe Starck<\/td><\/tr><tr><td><strong>The edge:<\/strong><\/td><td><img loading=\"lazy\" decoding=\"async\" width=\"200\" height=\"11\" class=\"wp-image-18721\" style=\"width: 200px;\" src=\"https:\/\/www.2euros.org\/wp-content\/uploads\/2005\/05\/luxembourg1.jpg\" alt=\"\" srcset=\"https:\/\/www.2euros.org\/wp-content\/uploads\/2005\/05\/luxembourg1.jpg 187w, https:\/\/www.2euros.org\/wp-content\/uploads\/2005\/05\/luxembourg1-150x8.jpg 150w\" sizes=\"auto, (max-width: 200px) 100vw, 200px\" \/><\/td><\/tr><tr><td><strong>Rarity:<\/strong><\/td><td><img decoding=\"async\" src=\"https:\/\/www.2euros.org\/images\/euro.png\"\/><img decoding=\"async\" src=\"https:\/\/www.2euros.org\/images\/euro.png\"\/><img decoding=\"async\" src=\"https:\/\/www.2euros.org\/images\/euro2.png\"\/><img decoding=\"async\" src=\"https:\/\/www.2euros.org\/images\/euro2.png\"\/><img decoding=\"async\" src=\"https:\/\/www.2euros.org\/images\/euro2.png\"\/><img decoding=\"async\" src=\"https:\/\/www.2euros.org\/images\/euro2.png\"\/><img decoding=\"async\" src=\"https:\/\/www.2euros.org\/images\/euro2.png\"\/><img decoding=\"async\" src=\"https:\/\/www.2euros.org\/images\/euro2.png\"\/><img decoding=\"async\" src=\"https:\/\/www.2euros.org\/images\/euro2.png\"\/><img decoding=\"async\" src=\"https:\/\/www.2euros.org\/images\/euro2.png\"\/><\/td><\/tr><tr><td><strong>Official Journal:<\/strong><\/td><td><a href=\"https:\/\/eur-lex.europa.eu\/legal-content\/FR\/TXT\/?qid=1576404603479&amp;uri=CELEX:C2008\/165\/03\" target=\"_blank\" rel=\"noopener noreferrer\">C2008\/165\/03<\/a><\/td><\/tr><tr><td><strong>My collection:<\/strong><\/td><td>[cbxwpbookmarkbtn]<\/td><\/tr><\/tbody><\/table><\/figure>\n\n<p>Do you want to know the technical specifications of this coin? Feel free to visit the page dedicated to the <a href=\"https:\/\/www.2euros.org\/numismatique\/caracteristique-d-une-piece-de-2-euros\/\" target=\"_blank\" rel=\"noreferrer noopener\">specifications of a 2-euro coin<\/a>.<\/p>\n","protected":false},"excerpt":{"rendered":"<div class=\"mh-excerpt\"><p>Introduction The 2 euro commemorative coin of France, issued in 2008, celebrates the French presidency of the Council of the European Union. This presidency marked a crucial period where France led the activities and policies <a class=\"mh-excerpt-more\" href=\"https:\/\/www.2euros.org\/en\/2-euro-commemorative-france\/2008-france-presidency-of-the-council-of-the-european-union\/\" title=\"2008 &#8211; France &#8211; Presidency of the Council of the European Union\">[&#8230;]<\/a><\/p>\n                <div class=\"ccm-buttons ccm-buttons-small\"\n                     data-post-id=\"15851\"\n                     data-state='{&quot;be&quot;:0,&quot;bu&quot;:0,&quot;unc&quot;:0,&quot;circulation&quot;:0}'\n                     data-not-logged=\"true\">\n                    <span class=\"ccm-label\">My collection<\/span>\n                    <button class=\"coin-btn\" data-type=\"be\">Proof<\/button>\n                    <button class=\"coin-btn\" data-type=\"bu\">BU<\/button>\n                    <button class=\"coin-btn\" data-type=\"unc\">UNC<\/button>\n                    <button class=\"coin-btn\" data-type=\"circulation\">Circulated<\/button>\n                    <span class=\"ccm-separator\"> - <\/span>\n                    <button class=\"no-coin-btn\" data-type=\"none\">I don&#039;t have this coin<\/button>\n                <\/div>\n                <p class=\"ccm-login-message\">Veuillez vous inscrire pour pouvoir g\u00e9rer votre collection<\/p><\/div>","protected":false},"author":1,"featured_media":10160,"comment_status":"open","ping_status":"open","sticky":false,"template":"","format":"standard","meta":{"footnotes":""},"categories":[1158,1190],"tags":[1207,1432,1210,1280,1281,1212,1257,1282,1283],"class_list":["post-15851","post","type-post","status-publish","format-standard","has-post-thumbnail","hentry","category-2-euro-commemorative-2008","category-2-euro-commemorative-france","tag-2-en","tag-2008-en","tag-commemorative-en","tag-conseil-en","tag-europeenne-en","tag-euros-en","tag-france-en","tag-presidence-en","tag-union-en"],"yoast_head":"<!-- This site is optimized with the Yoast SEO plugin v27.4 - https:\/\/yoast.com\/product\/yoast-seo-wordpress\/ -->\n<title>Presidency of the Council of the European Union - France 2008<\/title>\n<meta name=\"description\" content=\"This commemorative coin celebrates France&#039;s presidency of the Council of the European Union and was issued by France in 2008\" \/>\n<meta name=\"robots\" content=\"index, follow, max-snippet:-1, max-image-preview:large, max-video-preview:-1\" \/>\n<link rel=\"canonical\" href=\"https:\/\/www.2euros.org\/en\/2-euro-commemorative-france\/2008-france-presidency-of-the-council-of-the-european-union\/\" \/>\n<meta property=\"og:locale\" content=\"en_US\" \/>\n<meta property=\"og:type\" content=\"article\" \/>\n<meta property=\"og:title\" content=\"Presidency of the Council of the European Union - France 2008\" \/>\n<meta property=\"og:description\" content=\"This commemorative coin celebrates France&#039;s presidency of the Council of the European Union and was issued by France in 2008\" \/>\n<meta property=\"og:url\" content=\"https:\/\/www.2euros.org\/en\/2-euro-commemorative-france\/2008-france-presidency-of-the-council-of-the-european-union\/\" \/>\n<meta property=\"og:site_name\" content=\"2Euros.org\" \/>\n<meta property=\"article:publisher\" content=\"https:\/\/www.facebook.com\/groups\/133974904458606\" \/>\n<meta property=\"article:published_time\" content=\"2019-02-21T08:46:04+00:00\" \/>\n<meta property=\"article:modified_time\" content=\"2025-01-31T13:31:38+00:00\" \/>\n<meta property=\"og:image\" content=\"https:\/\/www.2euros.org\/wp-content\/uploads\/2019\/02\/2008-francegm-01e.jpg\" \/>\n\t<meta property=\"og:image:width\" content=\"400\" \/>\n\t<meta property=\"og:image:height\" content=\"400\" \/>\n\t<meta property=\"og:image:type\" content=\"image\/jpeg\" \/>\n<meta name=\"author\" content=\"Pierre D\" \/>\n<meta name=\"twitter:card\" content=\"summary_large_image\" \/>\n<meta name=\"twitter:label1\" content=\"Written by\" \/>\n\t<meta name=\"twitter:data1\" content=\"Pierre D\" \/>\n\t<meta name=\"twitter:label2\" content=\"Est. reading time\" \/>\n\t<meta name=\"twitter:data2\" content=\"2 minutes\" \/>\n<script type=\"application\/ld+json\" class=\"yoast-schema-graph\">{\"@context\":\"https:\\\/\\\/schema.org\",\"@graph\":[{\"@type\":\"Article\",\"@id\":\"https:\\\/\\\/www.2euros.org\\\/en\\\/2-euro-commemorative-france\\\/2008-france-presidency-of-the-council-of-the-european-union\\\/#article\",\"isPartOf\":{\"@id\":\"https:\\\/\\\/www.2euros.org\\\/en\\\/2-euro-commemorative-france\\\/2008-france-presidency-of-the-council-of-the-european-union\\\/\"},\"author\":{\"name\":\"Pierre D\",\"@id\":\"https:\\\/\\\/www.2euros.org\\\/en\\\/#\\\/schema\\\/person\\\/12e34ec3242fa163c51adacbcd7b2ebd\"},\"headline\":\"2008 &#8211; France &#8211; Presidency of the Council of the European Union\",\"datePublished\":\"2019-02-21T08:46:04+00:00\",\"dateModified\":\"2025-01-31T13:31:38+00:00\",\"mainEntityOfPage\":{\"@id\":\"https:\\\/\\\/www.2euros.org\\\/en\\\/2-euro-commemorative-france\\\/2008-france-presidency-of-the-council-of-the-european-union\\\/\"},\"wordCount\":329,\"commentCount\":1,\"publisher\":{\"@id\":\"https:\\\/\\\/www.2euros.org\\\/en\\\/#organization\"},\"image\":{\"@id\":\"https:\\\/\\\/www.2euros.org\\\/en\\\/2-euro-commemorative-france\\\/2008-france-presidency-of-the-council-of-the-european-union\\\/#primaryimage\"},\"thumbnailUrl\":\"https:\\\/\\\/www.2euros.org\\\/wp-content\\\/uploads\\\/2019\\\/02\\\/2008-francegm-01e.jpg\",\"keywords\":[\"2\",\"2008\",\"comm\u00e9morative\",\"conseil\",\"europ\u00e9enne\",\"euros\",\"france\",\"pr\u00e9sidence\",\"union\"],\"articleSection\":[\"2008\",\"France\"],\"inLanguage\":\"en-US\",\"potentialAction\":[{\"@type\":\"CommentAction\",\"name\":\"Comment\",\"target\":[\"https:\\\/\\\/www.2euros.org\\\/en\\\/2-euro-commemorative-france\\\/2008-france-presidency-of-the-council-of-the-european-union\\\/#respond\"]}]},{\"@type\":\"WebPage\",\"@id\":\"https:\\\/\\\/www.2euros.org\\\/en\\\/2-euro-commemorative-france\\\/2008-france-presidency-of-the-council-of-the-european-union\\\/\",\"url\":\"https:\\\/\\\/www.2euros.org\\\/en\\\/2-euro-commemorative-france\\\/2008-france-presidency-of-the-council-of-the-european-union\\\/\",\"name\":\"Presidency of the Council of the European Union - France 2008\",\"isPartOf\":{\"@id\":\"https:\\\/\\\/www.2euros.org\\\/en\\\/#website\"},\"primaryImageOfPage\":{\"@id\":\"https:\\\/\\\/www.2euros.org\\\/en\\\/2-euro-commemorative-france\\\/2008-france-presidency-of-the-council-of-the-european-union\\\/#primaryimage\"},\"image\":{\"@id\":\"https:\\\/\\\/www.2euros.org\\\/en\\\/2-euro-commemorative-france\\\/2008-france-presidency-of-the-council-of-the-european-union\\\/#primaryimage\"},\"thumbnailUrl\":\"https:\\\/\\\/www.2euros.org\\\/wp-content\\\/uploads\\\/2019\\\/02\\\/2008-francegm-01e.jpg\",\"datePublished\":\"2019-02-21T08:46:04+00:00\",\"dateModified\":\"2025-01-31T13:31:38+00:00\",\"description\":\"This commemorative coin celebrates France's presidency of the Council of the European Union and was issued by France in 2008\",\"breadcrumb\":{\"@id\":\"https:\\\/\\\/www.2euros.org\\\/en\\\/2-euro-commemorative-france\\\/2008-france-presidency-of-the-council-of-the-european-union\\\/#breadcrumb\"},\"inLanguage\":\"en-US\",\"potentialAction\":[{\"@type\":\"ReadAction\",\"target\":[\"https:\\\/\\\/www.2euros.org\\\/en\\\/2-euro-commemorative-france\\\/2008-france-presidency-of-the-council-of-the-european-union\\\/\"]}]},{\"@type\":\"ImageObject\",\"inLanguage\":\"en-US\",\"@id\":\"https:\\\/\\\/www.2euros.org\\\/en\\\/2-euro-commemorative-france\\\/2008-france-presidency-of-the-council-of-the-european-union\\\/#primaryimage\",\"url\":\"https:\\\/\\\/www.2euros.org\\\/wp-content\\\/uploads\\\/2019\\\/02\\\/2008-francegm-01e.jpg\",\"contentUrl\":\"https:\\\/\\\/www.2euros.org\\\/wp-content\\\/uploads\\\/2019\\\/02\\\/2008-francegm-01e.jpg\",\"width\":400,\"height\":400},{\"@type\":\"BreadcrumbList\",\"@id\":\"https:\\\/\\\/www.2euros.org\\\/en\\\/2-euro-commemorative-france\\\/2008-france-presidency-of-the-council-of-the-european-union\\\/#breadcrumb\",\"itemListElement\":[{\"@type\":\"ListItem\",\"position\":1,\"name\":\"Home\",\"item\":\"https:\\\/\\\/www.2euros.org\\\/en\\\/\"},{\"@type\":\"ListItem\",\"position\":2,\"name\":\"France\",\"item\":\"https:\\\/\\\/www.2euros.org\\\/en\\\/category\\\/2-euro-commemorative-france\\\/\"},{\"@type\":\"ListItem\",\"position\":3,\"name\":\"2008 &#8211; France &#8211; Presidency of the Council of the European Union\"}]},{\"@type\":\"WebSite\",\"@id\":\"https:\\\/\\\/www.2euros.org\\\/en\\\/#website\",\"url\":\"https:\\\/\\\/www.2euros.org\\\/en\\\/\",\"name\":\"2Euros.org\",\"description\":\"Site de r\u00e9f\u00e9rence des pi\u00e8ces comm\u00e9moratives de 2 euros\",\"publisher\":{\"@id\":\"https:\\\/\\\/www.2euros.org\\\/en\\\/#organization\"},\"potentialAction\":[{\"@type\":\"SearchAction\",\"target\":{\"@type\":\"EntryPoint\",\"urlTemplate\":\"https:\\\/\\\/www.2euros.org\\\/en\\\/?s={search_term_string}\"},\"query-input\":{\"@type\":\"PropertyValueSpecification\",\"valueRequired\":true,\"valueName\":\"search_term_string\"}}],\"inLanguage\":\"en-US\"},{\"@type\":\"Organization\",\"@id\":\"https:\\\/\\\/www.2euros.org\\\/en\\\/#organization\",\"name\":\"Ce site a pour but de r\u00e9f\u00e9rencer toutes les pi\u00e8ces de 2euros comm\u00e9moratives. Elles seront r\u00e9f\u00e9renc\u00e9es par ann\u00e9e et par pays. Pour chaque pi\u00e8ce, vous trouverez un descriptif d\u00e9taill\u00e9, son estimation, le d\u00e9tail de ses caract\u00e9ristiques, l'\u00e9mission, etc...\",\"alternateName\":\"2Euros.org!\",\"url\":\"https:\\\/\\\/www.2euros.org\\\/en\\\/\",\"logo\":{\"@type\":\"ImageObject\",\"inLanguage\":\"en-US\",\"@id\":\"https:\\\/\\\/www.2euros.org\\\/en\\\/#\\\/schema\\\/logo\\\/image\\\/\",\"url\":\"https:\\\/\\\/www.2euros.org\\\/wp-content\\\/uploads\\\/2023\\\/11\\\/cropped-logo2euros200px.png\",\"contentUrl\":\"https:\\\/\\\/www.2euros.org\\\/wp-content\\\/uploads\\\/2023\\\/11\\\/cropped-logo2euros200px.png\",\"width\":200,\"height\":200,\"caption\":\"Ce site a pour but de r\u00e9f\u00e9rencer toutes les pi\u00e8ces de 2euros comm\u00e9moratives. Elles seront r\u00e9f\u00e9renc\u00e9es par ann\u00e9e et par pays. Pour chaque pi\u00e8ce, vous trouverez un descriptif d\u00e9taill\u00e9, son estimation, le d\u00e9tail de ses caract\u00e9ristiques, l'\u00e9mission, etc...\"},\"image\":{\"@id\":\"https:\\\/\\\/www.2euros.org\\\/en\\\/#\\\/schema\\\/logo\\\/image\\\/\"},\"sameAs\":[\"https:\\\/\\\/www.facebook.com\\\/groups\\\/133974904458606\"]},{\"@type\":\"Person\",\"@id\":\"https:\\\/\\\/www.2euros.org\\\/en\\\/#\\\/schema\\\/person\\\/12e34ec3242fa163c51adacbcd7b2ebd\",\"name\":\"Pierre D\",\"image\":{\"@type\":\"ImageObject\",\"inLanguage\":\"en-US\",\"@id\":\"https:\\\/\\\/www.2euros.org\\\/wp-content\\\/uploads\\\/wp-user-manager-uploads\\\/2025\\\/12\\\/462084061_10231332749754304_5952221512921178099_n.jpg\",\"url\":\"https:\\\/\\\/www.2euros.org\\\/wp-content\\\/uploads\\\/wp-user-manager-uploads\\\/2025\\\/12\\\/462084061_10231332749754304_5952221512921178099_n.jpg\",\"contentUrl\":\"https:\\\/\\\/www.2euros.org\\\/wp-content\\\/uploads\\\/wp-user-manager-uploads\\\/2025\\\/12\\\/462084061_10231332749754304_5952221512921178099_n.jpg\",\"caption\":\"Pierre D\"},\"description\":\"Webmaster de 2euros.org\",\"sameAs\":[\"https:\\\/\\\/www.2euros.org\\\/\"]}]}<\/script>\n<!-- \/ Yoast SEO plugin. -->","yoast_head_json":{"title":"Presidency of the Council of the European Union - France 2008","description":"This commemorative coin celebrates France's presidency of the Council of the European Union and was issued by France in 2008","robots":{"index":"index","follow":"follow","max-snippet":"max-snippet:-1","max-image-preview":"max-image-preview:large","max-video-preview":"max-video-preview:-1"},"canonical":"https:\/\/www.2euros.org\/en\/2-euro-commemorative-france\/2008-france-presidency-of-the-council-of-the-european-union\/","og_locale":"en_US","og_type":"article","og_title":"Presidency of the Council of the European Union - France 2008","og_description":"This commemorative coin celebrates France's presidency of the Council of the European Union and was issued by France in 2008","og_url":"https:\/\/www.2euros.org\/en\/2-euro-commemorative-france\/2008-france-presidency-of-the-council-of-the-european-union\/","og_site_name":"2Euros.org","article_publisher":"https:\/\/www.facebook.com\/groups\/133974904458606","article_published_time":"2019-02-21T08:46:04+00:00","article_modified_time":"2025-01-31T13:31:38+00:00","og_image":[{"width":400,"height":400,"url":"https:\/\/www.2euros.org\/wp-content\/uploads\/2019\/02\/2008-francegm-01e.jpg","type":"image\/jpeg"}],"author":"Pierre D","twitter_card":"summary_large_image","twitter_misc":{"Written by":"Pierre D","Est. reading time":"2 minutes"},"schema":{"@context":"https:\/\/schema.org","@graph":[{"@type":"Article","@id":"https:\/\/www.2euros.org\/en\/2-euro-commemorative-france\/2008-france-presidency-of-the-council-of-the-european-union\/#article","isPartOf":{"@id":"https:\/\/www.2euros.org\/en\/2-euro-commemorative-france\/2008-france-presidency-of-the-council-of-the-european-union\/"},"author":{"name":"Pierre D","@id":"https:\/\/www.2euros.org\/en\/#\/schema\/person\/12e34ec3242fa163c51adacbcd7b2ebd"},"headline":"2008 &#8211; France &#8211; Presidency of the Council of the European Union","datePublished":"2019-02-21T08:46:04+00:00","dateModified":"2025-01-31T13:31:38+00:00","mainEntityOfPage":{"@id":"https:\/\/www.2euros.org\/en\/2-euro-commemorative-france\/2008-france-presidency-of-the-council-of-the-european-union\/"},"wordCount":329,"commentCount":1,"publisher":{"@id":"https:\/\/www.2euros.org\/en\/#organization"},"image":{"@id":"https:\/\/www.2euros.org\/en\/2-euro-commemorative-france\/2008-france-presidency-of-the-council-of-the-european-union\/#primaryimage"},"thumbnailUrl":"https:\/\/www.2euros.org\/wp-content\/uploads\/2019\/02\/2008-francegm-01e.jpg","keywords":["2","2008","comm\u00e9morative","conseil","europ\u00e9enne","euros","france","pr\u00e9sidence","union"],"articleSection":["2008","France"],"inLanguage":"en-US","potentialAction":[{"@type":"CommentAction","name":"Comment","target":["https:\/\/www.2euros.org\/en\/2-euro-commemorative-france\/2008-france-presidency-of-the-council-of-the-european-union\/#respond"]}]},{"@type":"WebPage","@id":"https:\/\/www.2euros.org\/en\/2-euro-commemorative-france\/2008-france-presidency-of-the-council-of-the-european-union\/","url":"https:\/\/www.2euros.org\/en\/2-euro-commemorative-france\/2008-france-presidency-of-the-council-of-the-european-union\/","name":"Presidency of the Council of the European Union - France 2008","isPartOf":{"@id":"https:\/\/www.2euros.org\/en\/#website"},"primaryImageOfPage":{"@id":"https:\/\/www.2euros.org\/en\/2-euro-commemorative-france\/2008-france-presidency-of-the-council-of-the-european-union\/#primaryimage"},"image":{"@id":"https:\/\/www.2euros.org\/en\/2-euro-commemorative-france\/2008-france-presidency-of-the-council-of-the-european-union\/#primaryimage"},"thumbnailUrl":"https:\/\/www.2euros.org\/wp-content\/uploads\/2019\/02\/2008-francegm-01e.jpg","datePublished":"2019-02-21T08:46:04+00:00","dateModified":"2025-01-31T13:31:38+00:00","description":"This commemorative coin celebrates France's presidency of the Council of the European Union and was issued by France in 2008","breadcrumb":{"@id":"https:\/\/www.2euros.org\/en\/2-euro-commemorative-france\/2008-france-presidency-of-the-council-of-the-european-union\/#breadcrumb"},"inLanguage":"en-US","potentialAction":[{"@type":"ReadAction","target":["https:\/\/www.2euros.org\/en\/2-euro-commemorative-france\/2008-france-presidency-of-the-council-of-the-european-union\/"]}]},{"@type":"ImageObject","inLanguage":"en-US","@id":"https:\/\/www.2euros.org\/en\/2-euro-commemorative-france\/2008-france-presidency-of-the-council-of-the-european-union\/#primaryimage","url":"https:\/\/www.2euros.org\/wp-content\/uploads\/2019\/02\/2008-francegm-01e.jpg","contentUrl":"https:\/\/www.2euros.org\/wp-content\/uploads\/2019\/02\/2008-francegm-01e.jpg","width":400,"height":400},{"@type":"BreadcrumbList","@id":"https:\/\/www.2euros.org\/en\/2-euro-commemorative-france\/2008-france-presidency-of-the-council-of-the-european-union\/#breadcrumb","itemListElement":[{"@type":"ListItem","position":1,"name":"Home","item":"https:\/\/www.2euros.org\/en\/"},{"@type":"ListItem","position":2,"name":"France","item":"https:\/\/www.2euros.org\/en\/category\/2-euro-commemorative-france\/"},{"@type":"ListItem","position":3,"name":"2008 &#8211; France &#8211; Presidency of the Council of the European Union"}]},{"@type":"WebSite","@id":"https:\/\/www.2euros.org\/en\/#website","url":"https:\/\/www.2euros.org\/en\/","name":"2Euros.org","description":"Site de r\u00e9f\u00e9rence des pi\u00e8ces comm\u00e9moratives de 2 euros","publisher":{"@id":"https:\/\/www.2euros.org\/en\/#organization"},"potentialAction":[{"@type":"SearchAction","target":{"@type":"EntryPoint","urlTemplate":"https:\/\/www.2euros.org\/en\/?s={search_term_string}"},"query-input":{"@type":"PropertyValueSpecification","valueRequired":true,"valueName":"search_term_string"}}],"inLanguage":"en-US"},{"@type":"Organization","@id":"https:\/\/www.2euros.org\/en\/#organization","name":"Ce site a pour but de r\u00e9f\u00e9rencer toutes les pi\u00e8ces de 2euros comm\u00e9moratives. Elles seront r\u00e9f\u00e9renc\u00e9es par ann\u00e9e et par pays. Pour chaque pi\u00e8ce, vous trouverez un descriptif d\u00e9taill\u00e9, son estimation, le d\u00e9tail de ses caract\u00e9ristiques, l'\u00e9mission, etc...","alternateName":"2Euros.org!","url":"https:\/\/www.2euros.org\/en\/","logo":{"@type":"ImageObject","inLanguage":"en-US","@id":"https:\/\/www.2euros.org\/en\/#\/schema\/logo\/image\/","url":"https:\/\/www.2euros.org\/wp-content\/uploads\/2023\/11\/cropped-logo2euros200px.png","contentUrl":"https:\/\/www.2euros.org\/wp-content\/uploads\/2023\/11\/cropped-logo2euros200px.png","width":200,"height":200,"caption":"Ce site a pour but de r\u00e9f\u00e9rencer toutes les pi\u00e8ces de 2euros comm\u00e9moratives. Elles seront r\u00e9f\u00e9renc\u00e9es par ann\u00e9e et par pays. Pour chaque pi\u00e8ce, vous trouverez un descriptif d\u00e9taill\u00e9, son estimation, le d\u00e9tail de ses caract\u00e9ristiques, l'\u00e9mission, etc..."},"image":{"@id":"https:\/\/www.2euros.org\/en\/#\/schema\/logo\/image\/"},"sameAs":["https:\/\/www.facebook.com\/groups\/133974904458606"]},{"@type":"Person","@id":"https:\/\/www.2euros.org\/en\/#\/schema\/person\/12e34ec3242fa163c51adacbcd7b2ebd","name":"Pierre D","image":{"@type":"ImageObject","inLanguage":"en-US","@id":"https:\/\/www.2euros.org\/wp-content\/uploads\/wp-user-manager-uploads\/2025\/12\/462084061_10231332749754304_5952221512921178099_n.jpg","url":"https:\/\/www.2euros.org\/wp-content\/uploads\/wp-user-manager-uploads\/2025\/12\/462084061_10231332749754304_5952221512921178099_n.jpg","contentUrl":"https:\/\/www.2euros.org\/wp-content\/uploads\/wp-user-manager-uploads\/2025\/12\/462084061_10231332749754304_5952221512921178099_n.jpg","caption":"Pierre D"},"description":"Webmaster de 2euros.org","sameAs":["https:\/\/www.2euros.org\/"]}]}},"_links":{"self":[{"href":"https:\/\/www.2euros.org\/en\/wp-json\/wp\/v2\/posts\/15851","targetHints":{"allow":["GET"]}}],"collection":[{"href":"https:\/\/www.2euros.org\/en\/wp-json\/wp\/v2\/posts"}],"about":[{"href":"https:\/\/www.2euros.org\/en\/wp-json\/wp\/v2\/types\/post"}],"author":[{"embeddable":true,"href":"https:\/\/www.2euros.org\/en\/wp-json\/wp\/v2\/users\/1"}],"replies":[{"embeddable":true,"href":"https:\/\/www.2euros.org\/en\/wp-json\/wp\/v2\/comments?post=15851"}],"version-history":[{"count":0,"href":"https:\/\/www.2euros.org\/en\/wp-json\/wp\/v2\/posts\/15851\/revisions"}],"wp:featuredmedia":[{"embeddable":true,"href":"https:\/\/www.2euros.org\/en\/wp-json\/wp\/v2\/media\/10160"}],"wp:attachment":[{"href":"https:\/\/www.2euros.org\/en\/wp-json\/wp\/v2\/media?parent=15851"}],"wp:term":[{"taxonomy":"category","embeddable":true,"href":"https:\/\/www.2euros.org\/en\/wp-json\/wp\/v2\/categories?post=15851"},{"taxonomy":"post_tag","embeddable":true,"href":"https:\/\/www.2euros.org\/en\/wp-json\/wp\/v2\/tags?post=15851"}],"curies":[{"name":"wp","href":"https:\/\/api.w.org\/{rel}","templated":true}]}}